{"id":16591,"date":"2022-02-17T12:06:58","date_gmt":"2022-02-17T18:06:58","guid":{"rendered":"https:\/\/thepueblatimes.mx\/?p=16591"},"modified":"2022-02-17T12:06:58","modified_gmt":"2022-02-17T18:06:58","slug":"se-hartan-de-el-foco-en-acatlan-de-osorio","status":"publish","type":"post","link":"https:\/\/thepueblatimes.mx\/index.php\/2022\/02\/17\/se-hartan-de-el-foco-en-acatlan-de-osorio\/","title":{"rendered":"Se hartan de \u201cEl Foco\u201d en Acatl\u00e1n de Osorio"},"content":{"rendered":"<p>*En cuatro meses de gobierno la ciudadan\u00eda ha expresado que el Ayuntamiento del edil Arturo Cajica ha sido insensible e indiferente a la mayor\u00eda de los problemas que ocurren en el municipio.<\/p>\n<p>POR DANIEL ROMERO<\/p>\n<p>ACATL\u00c1N DE OSORIO, PUE. \u2013 La ciudadan\u00eda al interior de este municipio se ha inconformado por el mal actuar del presidente municipal Arturo Cajica G\u00f3mez, se\u00f1alando que son ya diferentes acciones que han puesto en inconformidad a m\u00e1s de uno, asegurando que el actual Ayuntamiento se ha encargado de lastimar la econom\u00eda del pueblo cobrando excesivos impuestos.<\/p>\n<p>Un comerciante que se dedic\u00f3 a vender en la temporada del \u201cD\u00eda del amor y la amistad\u201d, se\u00f1al\u00f3 que el Ayuntamiento en su momento les notific\u00f3 que para los interesados en vender durante esta temporada se les iba a cobrar el monto de mil 200 pesos para un espacio en el \u00e1rea del z\u00f3calo de Acatl\u00e1n de Osorio.<\/p>\n<p>La gente muy molesta expres\u00f3 a trav\u00e9s de las redes sociales su inconformidad, ya que aseguraron que desde la temporada navide\u00f1a el gobierno municipal manej\u00f3 el mismo precio para la colocaci\u00f3n de los puestos, sin embargo, se han mantenido en esa postura, por lo que aseguran que es un golpe a su econom\u00eda y reprochan la poca comprensi\u00f3n del alcalde.<\/p>\n<p>Por su parte, la se\u00f1ora Eloisa Garz\u00f3n, coment\u00f3 lo siguiente; \u201cen ese aspecto s\u00ed deber\u00edan de ser m\u00e1s conscientes pues si vendemos es por necesidad y las ganancias ah\u00ed quedan, el presidente ha de creer que ganamos miles de pesos por dejarnos vender, pero con lo que nos cobraron muy apurados vamos a sacar algo, \u00bfd\u00f3nde qued\u00f3 la alternancia?\u201d, habl\u00f3 inconforme.<\/p>\n<p>Por su parte, una habitante quien dijo llamarse Karina Flores, dijo; \u201cah\u00ed est\u00e1 el presidente que muchos apoyaron, en verdad creyeron que ser\u00eda un cambio o que \u00e9l har\u00eda m\u00e1s por los m\u00e1s vulnerables, solo piensan en dinero y se olvida que los comerciantes dependemos de nuestras ventas para poder llevar un taco a la mesa, no tienen llenadera\u201d, se\u00f1al\u00f3 ante este medio.<\/p>\n<p>Por otra parte, indicaron que el costo del pago del predial tambi\u00e9n se elev\u00f3, no se mantuvo ni respet\u00f3 el precio que se ven\u00eda manejando en a\u00f1os anteriores, agregaron que otros servicios y pagos de impuestos tambi\u00e9n se incrementaron con la llegada de Arturo Cajica y el nuevo Ayuntamiento quien hasta ahora no ha hecho ninguna pronunciaci\u00f3n al respecto.<\/p>\n<p>&nbsp;<\/p>\n","protected":false},"excerpt":{"rendered":"<p>*En cuatro meses de gobierno la ciudadan\u00eda ha expresado que el Ayuntamiento del edil Arturo Cajica ha sido insensible e indiferente a la mayor\u00eda de los problemas que ocurren en el municipio. POR DANIEL ROMERO ACATL\u00c1N DE OSORIO, PUE. \u2013 La ciudadan\u00eda al interior de este municipio se ha inconformado por el mal actuar del&#8230;<\/p>\n","protected":false},"author":2,"featured_media":16592,"comment_status":"open","ping_status":"open","sticky":false,"template":"","format":"standard","meta":[],"categories":[17],"tags":[],"yoast_head":"<!-- This site is optimized with the Yoast SEO plugin v20.8 - https:\/\/yoast.com\/wordpress\/plugins\/seo\/ -->\n<title>Se hartan de \u201cEl Foco\u201d en Acatl\u00e1n de Osorio - The Puebla Times<\/title>\n<meta name=\"robots\" content=\"index, follow, max-snippet:-1, max-image-preview:large, max-video-preview:-1\" \/>\n<link rel=\"canonical\" href=\"https:\/\/thepueblatimes.mx\/index.php\/2022\/02\/17\/se-hartan-de-el-foco-en-acatlan-de-osorio\/\" \/>\n<meta property=\"og:locale\" content=\"es_ES\" \/>\n<meta property=\"og:type\" content=\"article\" \/>\n<meta property=\"og:title\" content=\"Se hartan de \u201cEl Foco\u201d en Acatl\u00e1n de Osorio - The Puebla Times\" \/>\n<meta property=\"og:description\" content=\"*En cuatro meses de gobierno la ciudadan\u00eda ha expresado que el Ayuntamiento del edil Arturo Cajica ha sido insensible e indiferente a la mayor\u00eda de los problemas que ocurren en el municipio. POR DANIEL ROMERO ACATL\u00c1N DE OSORIO, PUE. \u2013 La ciudadan\u00eda al interior de este municipio se ha inconformado por el mal actuar del...\" \/>\n<meta property=\"og:url\" content=\"https:\/\/thepueblatimes.mx\/index.php\/2022\/02\/17\/se-hartan-de-el-foco-en-acatlan-de-osorio\/\" \/>\n<meta property=\"og:site_name\" content=\"The Puebla Times\" \/>\n<meta property=\"article:published_time\" content=\"2022-02-17T18:06:58+00:00\" \/>\n<meta property=\"og:image\" content=\"https:\/\/thepueblatimes.mx\/wp-content\/uploads\/2022\/02\/xsdxwd-1-1170x699-1.jpg\" \/>\n\t<meta property=\"og:image:width\" content=\"1170\" \/>\n\t<meta property=\"og:image:height\" content=\"699\" \/>\n\t<meta property=\"og:image:type\" content=\"image\/jpeg\" \/>\n<meta name=\"author\" content=\"admintpt\" \/>\n<meta name=\"twitter:card\" content=\"summary_large_image\" \/>\n<meta name=\"twitter:label1\" content=\"Escrito por\" \/>\n\t<meta name=\"twitter:data1\" content=\"admintpt\" \/>\n\t<meta name=\"twitter:label2\" content=\"Tiempo de lectura\" \/>\n\t<meta name=\"twitter:data2\" content=\"2 minutos\" \/>\n<script type=\"application\/ld+json\" class=\"yoast-schema-graph\">{\"@context\":\"https:\/\/schema.org\",\"@graph\":[{\"@type\":\"WebPage\",\"@id\":\"https:\/\/thepueblatimes.mx\/index.php\/2022\/02\/17\/se-hartan-de-el-foco-en-acatlan-de-osorio\/\",\"url\":\"https:\/\/thepueblatimes.mx\/index.php\/2022\/02\/17\/se-hartan-de-el-foco-en-acatlan-de-osorio\/\",\"name\":\"Se hartan de \u201cEl Foco\u201d en Acatl\u00e1n de Osorio - The Puebla Times\",\"isPartOf\":{\"@id\":\"https:\/\/thepueblatimes.mx\/#website\"},\"datePublished\":\"2022-02-17T18:06:58+00:00\",\"dateModified\":\"2022-02-17T18:06:58+00:00\",\"author\":{\"@id\":\"https:\/\/thepueblatimes.mx\/#\/schema\/person\/c90a455f48a80821b6a99d3d73d1a71f\"},\"breadcrumb\":{\"@id\":\"https:\/\/thepueblatimes.mx\/index.php\/2022\/02\/17\/se-hartan-de-el-foco-en-acatlan-de-osorio\/#breadcrumb\"},\"inLanguage\":\"es\",\"potentialAction\":[{\"@type\":\"ReadAction\",\"target\":[\"https:\/\/thepueblatimes.mx\/index.php\/2022\/02\/17\/se-hartan-de-el-foco-en-acatlan-de-osorio\/\"]}]},{\"@type\":\"BreadcrumbList\",\"@id\":\"https:\/\/thepueblatimes.mx\/index.php\/2022\/02\/17\/se-hartan-de-el-foco-en-acatlan-de-osorio\/#breadcrumb\",\"itemListElement\":[{\"@type\":\"ListItem\",\"position\":1,\"name\":\"Portada\",\"item\":\"https:\/\/thepueblatimes.mx\/\"},{\"@type\":\"ListItem\",\"position\":2,\"name\":\"Se hartan de \u201cEl Foco\u201d en Acatl\u00e1n de Osorio\"}]},{\"@type\":\"WebSite\",\"@id\":\"https:\/\/thepueblatimes.mx\/#website\",\"url\":\"https:\/\/thepueblatimes.mx\/\",\"name\":\"The Puebla Times\",\"description\":\"Noticias del Estado de Puebla\",\"potentialAction\":[{\"@type\":\"SearchAction\",\"target\":{\"@type\":\"EntryPoint\",\"urlTemplate\":\"https:\/\/thepueblatimes.mx\/?s={search_term_string}\"},\"query-input\":\"required name=search_term_string\"}],\"inLanguage\":\"es\"},{\"@type\":\"Person\",\"@id\":\"https:\/\/thepueblatimes.mx\/#\/schema\/person\/c90a455f48a80821b6a99d3d73d1a71f\",\"name\":\"admintpt\",\"image\":{\"@type\":\"ImageObject\",\"inLanguage\":\"es\",\"@id\":\"https:\/\/thepueblatimes.mx\/#\/schema\/person\/image\/\",\"url\":\"https:\/\/secure.gravatar.com\/avatar\/13f0a494cc76bfb992f9768b1d51109d?s=96&d=mm&r=g\",\"contentUrl\":\"https:\/\/secure.gravatar.com\/avatar\/13f0a494cc76bfb992f9768b1d51109d?s=96&d=mm&r=g\",\"caption\":\"admintpt\"},\"url\":\"https:\/\/thepueblatimes.mx\/index.php\/author\/admintpt\/\"}]}<\/script>\n<!-- \/ Yoast SEO plugin. -->","yoast_head_json":{"title":"Se hartan de \u201cEl Foco\u201d en Acatl\u00e1n de Osorio - The Puebla Times","robots":{"index":"index","follow":"follow","max-snippet":"max-snippet:-1","max-image-preview":"max-image-preview:large","max-video-preview":"max-video-preview:-1"},"canonical":"https:\/\/thepueblatimes.mx\/index.php\/2022\/02\/17\/se-hartan-de-el-foco-en-acatlan-de-osorio\/","og_locale":"es_ES","og_type":"article","og_title":"Se hartan de \u201cEl Foco\u201d en Acatl\u00e1n de Osorio - The Puebla Times","og_description":"*En cuatro meses de gobierno la ciudadan\u00eda ha expresado que el Ayuntamiento del edil Arturo Cajica ha sido insensible e indiferente a la mayor\u00eda de los problemas que ocurren en el municipio. POR DANIEL ROMERO ACATL\u00c1N DE OSORIO, PUE. \u2013 La ciudadan\u00eda al interior de este municipio se ha inconformado por el mal actuar del...","og_url":"https:\/\/thepueblatimes.mx\/index.php\/2022\/02\/17\/se-hartan-de-el-foco-en-acatlan-de-osorio\/","og_site_name":"The Puebla Times","article_published_time":"2022-02-17T18:06:58+00:00","og_image":[{"width":1170,"height":699,"url":"https:\/\/thepueblatimes.mx\/wp-content\/uploads\/2022\/02\/xsdxwd-1-1170x699-1.jpg","type":"image\/jpeg"}],"author":"admintpt","twitter_card":"summary_large_image","twitter_misc":{"Escrito por":"admintpt","Tiempo de lectura":"2 minutos"},"schema":{"@context":"https:\/\/schema.org","@graph":[{"@type":"WebPage","@id":"https:\/\/thepueblatimes.mx\/index.php\/2022\/02\/17\/se-hartan-de-el-foco-en-acatlan-de-osorio\/","url":"https:\/\/thepueblatimes.mx\/index.php\/2022\/02\/17\/se-hartan-de-el-foco-en-acatlan-de-osorio\/","name":"Se hartan de \u201cEl Foco\u201d en Acatl\u00e1n de Osorio - The Puebla Times","isPartOf":{"@id":"https:\/\/thepueblatimes.mx\/#website"},"datePublished":"2022-02-17T18:06:58+00:00","dateModified":"2022-02-17T18:06:58+00:00","author":{"@id":"https:\/\/thepueblatimes.mx\/#\/schema\/person\/c90a455f48a80821b6a99d3d73d1a71f"},"breadcrumb":{"@id":"https:\/\/thepueblatimes.mx\/index.php\/2022\/02\/17\/se-hartan-de-el-foco-en-acatlan-de-osorio\/#breadcrumb"},"inLanguage":"es","potentialAction":[{"@type":"ReadAction","target":["https:\/\/thepueblatimes.mx\/index.php\/2022\/02\/17\/se-hartan-de-el-foco-en-acatlan-de-osorio\/"]}]},{"@type":"BreadcrumbList","@id":"https:\/\/thepueblatimes.mx\/index.php\/2022\/02\/17\/se-hartan-de-el-foco-en-acatlan-de-osorio\/#breadcrumb","itemListElement":[{"@type":"ListItem","position":1,"name":"Portada","item":"https:\/\/thepueblatimes.mx\/"},{"@type":"ListItem","position":2,"name":"Se hartan de \u201cEl Foco\u201d en Acatl\u00e1n de Osorio"}]},{"@type":"WebSite","@id":"https:\/\/thepueblatimes.mx\/#website","url":"https:\/\/thepueblatimes.mx\/","name":"The Puebla Times","description":"Noticias del Estado de Puebla","potentialAction":[{"@type":"SearchAction","target":{"@type":"EntryPoint","urlTemplate":"https:\/\/thepueblatimes.mx\/?s={search_term_string}"},"query-input":"required name=search_term_string"}],"inLanguage":"es"},{"@type":"Person","@id":"https:\/\/thepueblatimes.mx\/#\/schema\/person\/c90a455f48a80821b6a99d3d73d1a71f","name":"admintpt","image":{"@type":"ImageObject","inLanguage":"es","@id":"https:\/\/thepueblatimes.mx\/#\/schema\/person\/image\/","url":"https:\/\/secure.gravatar.com\/avatar\/13f0a494cc76bfb992f9768b1d51109d?s=96&d=mm&r=g","contentUrl":"https:\/\/secure.gravatar.com\/avatar\/13f0a494cc76bfb992f9768b1d51109d?s=96&d=mm&r=g","caption":"admintpt"},"url":"https:\/\/thepueblatimes.mx\/index.php\/author\/admintpt\/"}]}},"jetpack_featured_media_url":"https:\/\/thepueblatimes.mx\/wp-content\/uploads\/2022\/02\/xsdxwd-1-1170x699-1.jpg","_links":{"self":[{"href":"https:\/\/thepueblatimes.mx\/index.php\/wp-json\/wp\/v2\/posts\/16591"}],"collection":[{"href":"https:\/\/thepueblatimes.mx\/index.php\/wp-json\/wp\/v2\/posts"}],"about":[{"href":"https:\/\/thepueblatimes.mx\/index.php\/wp-json\/wp\/v2\/types\/post"}],"author":[{"embeddable":true,"href":"https:\/\/thepueblatimes.mx\/index.php\/wp-json\/wp\/v2\/users\/2"}],"replies":[{"embeddable":true,"href":"https:\/\/thepueblatimes.mx\/index.php\/wp-json\/wp\/v2\/comments?post=16591"}],"version-history":[{"count":1,"href":"https:\/\/thepueblatimes.mx\/index.php\/wp-json\/wp\/v2\/posts\/16591\/revisions"}],"predecessor-version":[{"id":16593,"href":"https:\/\/thepueblatimes.mx\/index.php\/wp-json\/wp\/v2\/posts\/16591\/revisions\/16593"}],"wp:featuredmedia":[{"embeddable":true,"href":"https:\/\/thepueblatimes.mx\/index.php\/wp-json\/wp\/v2\/media\/16592"}],"wp:attachment":[{"href":"https:\/\/thepueblatimes.mx\/index.php\/wp-json\/wp\/v2\/media?parent=16591"}],"wp:term":[{"taxonomy":"category","embeddable":true,"href":"https:\/\/thepueblatimes.mx\/index.php\/wp-json\/wp\/v2\/categories?post=16591"},{"taxonomy":"post_tag","embeddable":true,"href":"https:\/\/thepueblatimes.mx\/index.php\/wp-json\/wp\/v2\/tags?post=16591"}],"curies":[{"name":"wp","href":"https:\/\/api.w.org\/{rel}","templated":true}]}}