{"id":16350,"date":"2021-10-21T23:44:35","date_gmt":"2021-10-22T04:44:35","guid":{"rendered":"https:\/\/thepueblatimes.mx\/?p=16350"},"modified":"2021-10-21T23:44:35","modified_gmt":"2021-10-22T04:44:35","slug":"detienen-en-zaragoza-a-hombre-armado-originario-de-tlatlauquitepec","status":"publish","type":"post","link":"https:\/\/thepueblatimes.mx\/index.php\/2021\/10\/21\/detienen-en-zaragoza-a-hombre-armado-originario-de-tlatlauquitepec\/","title":{"rendered":"Detienen en Zaragoza a hombre armado originario de Tlatlauquitepec"},"content":{"rendered":"<p>Zaragoza, Pue.- <strong>Tras un patrullaje por parte de la polic\u00eda municipal de Zaragoza, se logr\u00f3 la detenci\u00f3n de un hombre por portaci\u00f3n de arma de fuego y no contar con la licencia correspondiente, siendo remitido ante el Ministerio P\u00fablico Federal en las instalaciones de la Fiscal\u00eda General de la Rep\u00fablica (FGE) en Puebla.<\/strong><\/p>\n<p>La detenci\u00f3n se logr\u00f3 en el kil\u00f3metro 117+700 de la carretera Amozoc-Teziutl\u00e1n, en el municipio de Zaragoza, luego de los rondines de vigilancia durante los cuales tras marcar un alto y realizar la revisi\u00f3n a un hombre, el cual se identific\u00f3 como Pedro C. F., llevaba con \u00e9l una pistola calibre 9 mil\u00edmetros, con dos cargadores y seis cartuchos \u00fatiles.<\/p>\n<p>Pedro fue detenido por portaci\u00f3n de arma de fuego sin licencia y mencion\u00f3 tener su domicilio en Ocotl\u00e1n, perteneciente al municipio de Tlatlauquitepec.<\/p>\n","protected":false},"excerpt":{"rendered":"<p>Zaragoza, Pue.- Tras un patrullaje por parte de la polic\u00eda municipal de Zaragoza, se logr\u00f3 la detenci\u00f3n de un hombre por portaci\u00f3n de arma de fuego y no contar con la licencia correspondiente, siendo remitido ante el Ministerio P\u00fablico Federal en las instalaciones de la Fiscal\u00eda General de la Rep\u00fablica (FGE) en Puebla. La detenci\u00f3n&#8230;<\/p>\n","protected":false},"author":15,"featured_media":16351,"comment_status":"open","ping_status":"open","sticky":false,"template":"","format":"standard","meta":[],"categories":[20],"tags":[49],"yoast_head":"<!-- This site is optimized with the Yoast SEO plugin v20.8 - https:\/\/yoast.com\/wordpress\/plugins\/seo\/ -->\n<title>Detienen en Zaragoza a hombre armado originario de Tlatlauquitepec - The Puebla Times<\/title>\n<meta name=\"robots\" content=\"index, follow, max-snippet:-1, max-image-preview:large, max-video-preview:-1\" \/>\n<link rel=\"canonical\" href=\"https:\/\/thepueblatimes.mx\/index.php\/2021\/10\/21\/detienen-en-zaragoza-a-hombre-armado-originario-de-tlatlauquitepec\/\" \/>\n<meta property=\"og:locale\" content=\"es_ES\" \/>\n<meta property=\"og:type\" content=\"article\" \/>\n<meta property=\"og:title\" content=\"Detienen en Zaragoza a hombre armado originario de Tlatlauquitepec - The Puebla Times\" \/>\n<meta property=\"og:description\" content=\"Zaragoza, Pue.- Tras un patrullaje por parte de la polic\u00eda municipal de Zaragoza, se logr\u00f3 la detenci\u00f3n de un hombre por portaci\u00f3n de arma de fuego y no contar con la licencia correspondiente, siendo remitido ante el Ministerio P\u00fablico Federal en las instalaciones de la Fiscal\u00eda General de la Rep\u00fablica (FGE) en Puebla. La detenci\u00f3n...\" \/>\n<meta property=\"og:url\" content=\"https:\/\/thepueblatimes.mx\/index.php\/2021\/10\/21\/detienen-en-zaragoza-a-hombre-armado-originario-de-tlatlauquitepec\/\" \/>\n<meta property=\"og:site_name\" content=\"The Puebla Times\" \/>\n<meta property=\"article:published_time\" content=\"2021-10-22T04:44:35+00:00\" \/>\n<meta property=\"og:image\" content=\"https:\/\/thepueblatimes.mx\/wp-content\/uploads\/2021\/10\/9B5E126C-259F-4784-8FFF-E8D929F03325.jpeg\" \/>\n\t<meta property=\"og:image:width\" content=\"720\" \/>\n\t<meta property=\"og:image:height\" content=\"405\" \/>\n\t<meta property=\"og:image:type\" content=\"image\/jpeg\" \/>\n<meta name=\"author\" content=\"Francisco S\u00e1nchez Nolasco\" \/>\n<meta name=\"twitter:card\" content=\"summary_large_image\" \/>\n<meta name=\"twitter:label1\" content=\"Escrito por\" \/>\n\t<meta name=\"twitter:data1\" content=\"Francisco S\u00e1nchez Nolasco\" \/>\n\t<meta name=\"twitter:label2\" content=\"Tiempo de lectura\" \/>\n\t<meta name=\"twitter:data2\" content=\"1 minuto\" \/>\n<script type=\"application\/ld+json\" class=\"yoast-schema-graph\">{\"@context\":\"https:\/\/schema.org\",\"@graph\":[{\"@type\":\"WebPage\",\"@id\":\"https:\/\/thepueblatimes.mx\/index.php\/2021\/10\/21\/detienen-en-zaragoza-a-hombre-armado-originario-de-tlatlauquitepec\/\",\"url\":\"https:\/\/thepueblatimes.mx\/index.php\/2021\/10\/21\/detienen-en-zaragoza-a-hombre-armado-originario-de-tlatlauquitepec\/\",\"name\":\"Detienen en Zaragoza a hombre armado originario de Tlatlauquitepec - The Puebla Times\",\"isPartOf\":{\"@id\":\"https:\/\/thepueblatimes.mx\/#website\"},\"datePublished\":\"2021-10-22T04:44:35+00:00\",\"dateModified\":\"2021-10-22T04:44:35+00:00\",\"author\":{\"@id\":\"https:\/\/thepueblatimes.mx\/#\/schema\/person\/7bdf2adbc50078b104bba72b5612f774\"},\"breadcrumb\":{\"@id\":\"https:\/\/thepueblatimes.mx\/index.php\/2021\/10\/21\/detienen-en-zaragoza-a-hombre-armado-originario-de-tlatlauquitepec\/#breadcrumb\"},\"inLanguage\":\"es\",\"potentialAction\":[{\"@type\":\"ReadAction\",\"target\":[\"https:\/\/thepueblatimes.mx\/index.php\/2021\/10\/21\/detienen-en-zaragoza-a-hombre-armado-originario-de-tlatlauquitepec\/\"]}]},{\"@type\":\"BreadcrumbList\",\"@id\":\"https:\/\/thepueblatimes.mx\/index.php\/2021\/10\/21\/detienen-en-zaragoza-a-hombre-armado-originario-de-tlatlauquitepec\/#breadcrumb\",\"itemListElement\":[{\"@type\":\"ListItem\",\"position\":1,\"name\":\"Portada\",\"item\":\"https:\/\/thepueblatimes.mx\/\"},{\"@type\":\"ListItem\",\"position\":2,\"name\":\"Detienen en Zaragoza a hombre armado originario de Tlatlauquitepec\"}]},{\"@type\":\"WebSite\",\"@id\":\"https:\/\/thepueblatimes.mx\/#website\",\"url\":\"https:\/\/thepueblatimes.mx\/\",\"name\":\"The Puebla Times\",\"description\":\"Noticias del Estado de Puebla\",\"potentialAction\":[{\"@type\":\"SearchAction\",\"target\":{\"@type\":\"EntryPoint\",\"urlTemplate\":\"https:\/\/thepueblatimes.mx\/?s={search_term_string}\"},\"query-input\":\"required name=search_term_string\"}],\"inLanguage\":\"es\"},{\"@type\":\"Person\",\"@id\":\"https:\/\/thepueblatimes.mx\/#\/schema\/person\/7bdf2adbc50078b104bba72b5612f774\",\"name\":\"Francisco S\u00e1nchez Nolasco\",\"image\":{\"@type\":\"ImageObject\",\"inLanguage\":\"es\",\"@id\":\"https:\/\/thepueblatimes.mx\/#\/schema\/person\/image\/\",\"url\":\"https:\/\/secure.gravatar.com\/avatar\/6061d7d20b38bc2742a5218401b198d2?s=96&d=mm&r=g\",\"contentUrl\":\"https:\/\/secure.gravatar.com\/avatar\/6061d7d20b38bc2742a5218401b198d2?s=96&d=mm&r=g\",\"caption\":\"Francisco S\u00e1nchez Nolasco\"},\"url\":\"https:\/\/thepueblatimes.mx\/index.php\/author\/marianitha-reyes\/\"}]}<\/script>\n<!-- \/ Yoast SEO plugin. -->","yoast_head_json":{"title":"Detienen en Zaragoza a hombre armado originario de Tlatlauquitepec - The Puebla Times","robots":{"index":"index","follow":"follow","max-snippet":"max-snippet:-1","max-image-preview":"max-image-preview:large","max-video-preview":"max-video-preview:-1"},"canonical":"https:\/\/thepueblatimes.mx\/index.php\/2021\/10\/21\/detienen-en-zaragoza-a-hombre-armado-originario-de-tlatlauquitepec\/","og_locale":"es_ES","og_type":"article","og_title":"Detienen en Zaragoza a hombre armado originario de Tlatlauquitepec - The Puebla Times","og_description":"Zaragoza, Pue.- Tras un patrullaje por parte de la polic\u00eda municipal de Zaragoza, se logr\u00f3 la detenci\u00f3n de un hombre por portaci\u00f3n de arma de fuego y no contar con la licencia correspondiente, siendo remitido ante el Ministerio P\u00fablico Federal en las instalaciones de la Fiscal\u00eda General de la Rep\u00fablica (FGE) en Puebla. La detenci\u00f3n...","og_url":"https:\/\/thepueblatimes.mx\/index.php\/2021\/10\/21\/detienen-en-zaragoza-a-hombre-armado-originario-de-tlatlauquitepec\/","og_site_name":"The Puebla Times","article_published_time":"2021-10-22T04:44:35+00:00","og_image":[{"width":720,"height":405,"url":"https:\/\/thepueblatimes.mx\/wp-content\/uploads\/2021\/10\/9B5E126C-259F-4784-8FFF-E8D929F03325.jpeg","type":"image\/jpeg"}],"author":"Francisco S\u00e1nchez Nolasco","twitter_card":"summary_large_image","twitter_misc":{"Escrito por":"Francisco S\u00e1nchez Nolasco","Tiempo de lectura":"1 minuto"},"schema":{"@context":"https:\/\/schema.org","@graph":[{"@type":"WebPage","@id":"https:\/\/thepueblatimes.mx\/index.php\/2021\/10\/21\/detienen-en-zaragoza-a-hombre-armado-originario-de-tlatlauquitepec\/","url":"https:\/\/thepueblatimes.mx\/index.php\/2021\/10\/21\/detienen-en-zaragoza-a-hombre-armado-originario-de-tlatlauquitepec\/","name":"Detienen en Zaragoza a hombre armado originario de Tlatlauquitepec - The Puebla Times","isPartOf":{"@id":"https:\/\/thepueblatimes.mx\/#website"},"datePublished":"2021-10-22T04:44:35+00:00","dateModified":"2021-10-22T04:44:35+00:00","author":{"@id":"https:\/\/thepueblatimes.mx\/#\/schema\/person\/7bdf2adbc50078b104bba72b5612f774"},"breadcrumb":{"@id":"https:\/\/thepueblatimes.mx\/index.php\/2021\/10\/21\/detienen-en-zaragoza-a-hombre-armado-originario-de-tlatlauquitepec\/#breadcrumb"},"inLanguage":"es","potentialAction":[{"@type":"ReadAction","target":["https:\/\/thepueblatimes.mx\/index.php\/2021\/10\/21\/detienen-en-zaragoza-a-hombre-armado-originario-de-tlatlauquitepec\/"]}]},{"@type":"BreadcrumbList","@id":"https:\/\/thepueblatimes.mx\/index.php\/2021\/10\/21\/detienen-en-zaragoza-a-hombre-armado-originario-de-tlatlauquitepec\/#breadcrumb","itemListElement":[{"@type":"ListItem","position":1,"name":"Portada","item":"https:\/\/thepueblatimes.mx\/"},{"@type":"ListItem","position":2,"name":"Detienen en Zaragoza a hombre armado originario de Tlatlauquitepec"}]},{"@type":"WebSite","@id":"https:\/\/thepueblatimes.mx\/#website","url":"https:\/\/thepueblatimes.mx\/","name":"The Puebla Times","description":"Noticias del Estado de Puebla","potentialAction":[{"@type":"SearchAction","target":{"@type":"EntryPoint","urlTemplate":"https:\/\/thepueblatimes.mx\/?s={search_term_string}"},"query-input":"required name=search_term_string"}],"inLanguage":"es"},{"@type":"Person","@id":"https:\/\/thepueblatimes.mx\/#\/schema\/person\/7bdf2adbc50078b104bba72b5612f774","name":"Francisco S\u00e1nchez Nolasco","image":{"@type":"ImageObject","inLanguage":"es","@id":"https:\/\/thepueblatimes.mx\/#\/schema\/person\/image\/","url":"https:\/\/secure.gravatar.com\/avatar\/6061d7d20b38bc2742a5218401b198d2?s=96&d=mm&r=g","contentUrl":"https:\/\/secure.gravatar.com\/avatar\/6061d7d20b38bc2742a5218401b198d2?s=96&d=mm&r=g","caption":"Francisco S\u00e1nchez Nolasco"},"url":"https:\/\/thepueblatimes.mx\/index.php\/author\/marianitha-reyes\/"}]}},"jetpack_featured_media_url":"https:\/\/thepueblatimes.mx\/wp-content\/uploads\/2021\/10\/9B5E126C-259F-4784-8FFF-E8D929F03325.jpeg","_links":{"self":[{"href":"https:\/\/thepueblatimes.mx\/index.php\/wp-json\/wp\/v2\/posts\/16350"}],"collection":[{"href":"https:\/\/thepueblatimes.mx\/index.php\/wp-json\/wp\/v2\/posts"}],"about":[{"href":"https:\/\/thepueblatimes.mx\/index.php\/wp-json\/wp\/v2\/types\/post"}],"author":[{"embeddable":true,"href":"https:\/\/thepueblatimes.mx\/index.php\/wp-json\/wp\/v2\/users\/15"}],"replies":[{"embeddable":true,"href":"https:\/\/thepueblatimes.mx\/index.php\/wp-json\/wp\/v2\/comments?post=16350"}],"version-history":[{"count":1,"href":"https:\/\/thepueblatimes.mx\/index.php\/wp-json\/wp\/v2\/posts\/16350\/revisions"}],"predecessor-version":[{"id":16352,"href":"https:\/\/thepueblatimes.mx\/index.php\/wp-json\/wp\/v2\/posts\/16350\/revisions\/16352"}],"wp:featuredmedia":[{"embeddable":true,"href":"https:\/\/thepueblatimes.mx\/index.php\/wp-json\/wp\/v2\/media\/16351"}],"wp:attachment":[{"href":"https:\/\/thepueblatimes.mx\/index.php\/wp-json\/wp\/v2\/media?parent=16350"}],"wp:term":[{"taxonomy":"category","embeddable":true,"href":"https:\/\/thepueblatimes.mx\/index.php\/wp-json\/wp\/v2\/categories?post=16350"},{"taxonomy":"post_tag","embeddable":true,"href":"https:\/\/thepueblatimes.mx\/index.php\/wp-json\/wp\/v2\/tags?post=16350"}],"curies":[{"name":"wp","href":"https:\/\/api.w.org\/{rel}","templated":true}]}}