{"id":16336,"date":"2021-10-20T23:20:09","date_gmt":"2021-10-21T04:20:09","guid":{"rendered":"https:\/\/thepueblatimes.mx\/?p=16336"},"modified":"2021-10-20T23:20:09","modified_gmt":"2021-10-21T04:20:09","slug":"tras-ola-de-asaltos-deportistas-en-texmelucan-piden-vigilancia","status":"publish","type":"post","link":"https:\/\/thepueblatimes.mx\/index.php\/2021\/10\/20\/tras-ola-de-asaltos-deportistas-en-texmelucan-piden-vigilancia\/","title":{"rendered":"Tras ola de asaltos, deportistas en Texmelucan piden vigilancia"},"content":{"rendered":"<p>San Mart\u00edn Texmelucan, Pue.- Una nueva ola de asaltos oblig\u00f3 a deportistas y corredores a exigir mayor vigilancia en las inmediaciones del Cerro Totolquemec, en San Mart\u00edn Texmelucan.<\/p>\n<p>Corredores y ciclistas se\u00f1alan que la zona se ha vuelto de nueva cuenta\u00a0 blanco de los amantes de lo ajeno, quienes operan sin que ninguna autoridad lo impida.<\/p>\n<p>Detallaron que de acuerdo a los testimonios de quienes lamentablemente han sido asaltados, son dos sujetos a bordo de una motocicleta negra, los responsables de varios asaltos a mano armada.<\/p>\n<p>Ana Mar\u00eda detall\u00f3 que lamentablemente el d\u00eda martes ella y su hija, fueron v\u00edctimas de la inseguridad a que impera en el cerro.<\/p>\n<p>La afectada se\u00f1al\u00f3 que ellas fueron interceptadas por dos sujetos en moto negra, a la altura de la zona de Las V\u00e1lvulas.<\/p>\n","protected":false},"excerpt":{"rendered":"<p>San Mart\u00edn Texmelucan, Pue.- Una nueva ola de asaltos oblig\u00f3 a deportistas y corredores a exigir mayor vigilancia en las inmediaciones del Cerro Totolquemec, en San Mart\u00edn Texmelucan. Corredores y ciclistas se\u00f1alan que la zona se ha vuelto de nueva cuenta\u00a0 blanco de los amantes de lo ajeno, quienes operan sin que ninguna autoridad lo&#8230;<\/p>\n","protected":false},"author":15,"featured_media":16337,"comment_status":"open","ping_status":"open","sticky":false,"template":"","format":"standard","meta":[],"categories":[20],"tags":[49],"yoast_head":"<!-- This site is optimized with the Yoast SEO plugin v20.8 - https:\/\/yoast.com\/wordpress\/plugins\/seo\/ -->\n<title>Tras ola de asaltos, deportistas en Texmelucan piden vigilancia - The Puebla Times<\/title>\n<meta name=\"robots\" content=\"index, follow, max-snippet:-1, max-image-preview:large, max-video-preview:-1\" \/>\n<link rel=\"canonical\" href=\"https:\/\/thepueblatimes.mx\/index.php\/2021\/10\/20\/tras-ola-de-asaltos-deportistas-en-texmelucan-piden-vigilancia\/\" \/>\n<meta property=\"og:locale\" content=\"es_ES\" \/>\n<meta property=\"og:type\" content=\"article\" \/>\n<meta property=\"og:title\" content=\"Tras ola de asaltos, deportistas en Texmelucan piden vigilancia - The Puebla Times\" \/>\n<meta property=\"og:description\" content=\"San Mart\u00edn Texmelucan, Pue.- Una nueva ola de asaltos oblig\u00f3 a deportistas y corredores a exigir mayor vigilancia en las inmediaciones del Cerro Totolquemec, en San Mart\u00edn Texmelucan. Corredores y ciclistas se\u00f1alan que la zona se ha vuelto de nueva cuenta\u00a0 blanco de los amantes de lo ajeno, quienes operan sin que ninguna autoridad lo...\" \/>\n<meta property=\"og:url\" content=\"https:\/\/thepueblatimes.mx\/index.php\/2021\/10\/20\/tras-ola-de-asaltos-deportistas-en-texmelucan-piden-vigilancia\/\" \/>\n<meta property=\"og:site_name\" content=\"The Puebla Times\" \/>\n<meta property=\"article:published_time\" content=\"2021-10-21T04:20:09+00:00\" \/>\n<meta property=\"og:image\" content=\"https:\/\/thepueblatimes.mx\/wp-content\/uploads\/2021\/10\/2B5BC689-79C6-4F6C-861A-59EFEC014F80.jpeg\" \/>\n\t<meta property=\"og:image:width\" content=\"1040\" \/>\n\t<meta property=\"og:image:height\" content=\"500\" \/>\n\t<meta property=\"og:image:type\" content=\"image\/jpeg\" \/>\n<meta name=\"author\" content=\"Francisco S\u00e1nchez Nolasco\" \/>\n<meta name=\"twitter:card\" content=\"summary_large_image\" \/>\n<meta name=\"twitter:label1\" content=\"Escrito por\" \/>\n\t<meta name=\"twitter:data1\" content=\"Francisco S\u00e1nchez Nolasco\" \/>\n\t<meta name=\"twitter:label2\" content=\"Tiempo de lectura\" \/>\n\t<meta name=\"twitter:data2\" content=\"1 minuto\" \/>\n<script type=\"application\/ld+json\" class=\"yoast-schema-graph\">{\"@context\":\"https:\/\/schema.org\",\"@graph\":[{\"@type\":\"WebPage\",\"@id\":\"https:\/\/thepueblatimes.mx\/index.php\/2021\/10\/20\/tras-ola-de-asaltos-deportistas-en-texmelucan-piden-vigilancia\/\",\"url\":\"https:\/\/thepueblatimes.mx\/index.php\/2021\/10\/20\/tras-ola-de-asaltos-deportistas-en-texmelucan-piden-vigilancia\/\",\"name\":\"Tras ola de asaltos, deportistas en Texmelucan piden vigilancia - The Puebla Times\",\"isPartOf\":{\"@id\":\"https:\/\/thepueblatimes.mx\/#website\"},\"datePublished\":\"2021-10-21T04:20:09+00:00\",\"dateModified\":\"2021-10-21T04:20:09+00:00\",\"author\":{\"@id\":\"https:\/\/thepueblatimes.mx\/#\/schema\/person\/7bdf2adbc50078b104bba72b5612f774\"},\"breadcrumb\":{\"@id\":\"https:\/\/thepueblatimes.mx\/index.php\/2021\/10\/20\/tras-ola-de-asaltos-deportistas-en-texmelucan-piden-vigilancia\/#breadcrumb\"},\"inLanguage\":\"es\",\"potentialAction\":[{\"@type\":\"ReadAction\",\"target\":[\"https:\/\/thepueblatimes.mx\/index.php\/2021\/10\/20\/tras-ola-de-asaltos-deportistas-en-texmelucan-piden-vigilancia\/\"]}]},{\"@type\":\"BreadcrumbList\",\"@id\":\"https:\/\/thepueblatimes.mx\/index.php\/2021\/10\/20\/tras-ola-de-asaltos-deportistas-en-texmelucan-piden-vigilancia\/#breadcrumb\",\"itemListElement\":[{\"@type\":\"ListItem\",\"position\":1,\"name\":\"Portada\",\"item\":\"https:\/\/thepueblatimes.mx\/\"},{\"@type\":\"ListItem\",\"position\":2,\"name\":\"Tras ola de asaltos, deportistas en Texmelucan piden vigilancia\"}]},{\"@type\":\"WebSite\",\"@id\":\"https:\/\/thepueblatimes.mx\/#website\",\"url\":\"https:\/\/thepueblatimes.mx\/\",\"name\":\"The Puebla Times\",\"description\":\"Noticias del Estado de Puebla\",\"potentialAction\":[{\"@type\":\"SearchAction\",\"target\":{\"@type\":\"EntryPoint\",\"urlTemplate\":\"https:\/\/thepueblatimes.mx\/?s={search_term_string}\"},\"query-input\":\"required name=search_term_string\"}],\"inLanguage\":\"es\"},{\"@type\":\"Person\",\"@id\":\"https:\/\/thepueblatimes.mx\/#\/schema\/person\/7bdf2adbc50078b104bba72b5612f774\",\"name\":\"Francisco S\u00e1nchez Nolasco\",\"image\":{\"@type\":\"ImageObject\",\"inLanguage\":\"es\",\"@id\":\"https:\/\/thepueblatimes.mx\/#\/schema\/person\/image\/\",\"url\":\"https:\/\/secure.gravatar.com\/avatar\/6061d7d20b38bc2742a5218401b198d2?s=96&d=mm&r=g\",\"contentUrl\":\"https:\/\/secure.gravatar.com\/avatar\/6061d7d20b38bc2742a5218401b198d2?s=96&d=mm&r=g\",\"caption\":\"Francisco S\u00e1nchez Nolasco\"},\"url\":\"https:\/\/thepueblatimes.mx\/index.php\/author\/marianitha-reyes\/\"}]}<\/script>\n<!-- \/ Yoast SEO plugin. -->","yoast_head_json":{"title":"Tras ola de asaltos, deportistas en Texmelucan piden vigilancia - The Puebla Times","robots":{"index":"index","follow":"follow","max-snippet":"max-snippet:-1","max-image-preview":"max-image-preview:large","max-video-preview":"max-video-preview:-1"},"canonical":"https:\/\/thepueblatimes.mx\/index.php\/2021\/10\/20\/tras-ola-de-asaltos-deportistas-en-texmelucan-piden-vigilancia\/","og_locale":"es_ES","og_type":"article","og_title":"Tras ola de asaltos, deportistas en Texmelucan piden vigilancia - The Puebla Times","og_description":"San Mart\u00edn Texmelucan, Pue.- Una nueva ola de asaltos oblig\u00f3 a deportistas y corredores a exigir mayor vigilancia en las inmediaciones del Cerro Totolquemec, en San Mart\u00edn Texmelucan. Corredores y ciclistas se\u00f1alan que la zona se ha vuelto de nueva cuenta\u00a0 blanco de los amantes de lo ajeno, quienes operan sin que ninguna autoridad lo...","og_url":"https:\/\/thepueblatimes.mx\/index.php\/2021\/10\/20\/tras-ola-de-asaltos-deportistas-en-texmelucan-piden-vigilancia\/","og_site_name":"The Puebla Times","article_published_time":"2021-10-21T04:20:09+00:00","og_image":[{"width":1040,"height":500,"url":"https:\/\/thepueblatimes.mx\/wp-content\/uploads\/2021\/10\/2B5BC689-79C6-4F6C-861A-59EFEC014F80.jpeg","type":"image\/jpeg"}],"author":"Francisco S\u00e1nchez Nolasco","twitter_card":"summary_large_image","twitter_misc":{"Escrito por":"Francisco S\u00e1nchez Nolasco","Tiempo de lectura":"1 minuto"},"schema":{"@context":"https:\/\/schema.org","@graph":[{"@type":"WebPage","@id":"https:\/\/thepueblatimes.mx\/index.php\/2021\/10\/20\/tras-ola-de-asaltos-deportistas-en-texmelucan-piden-vigilancia\/","url":"https:\/\/thepueblatimes.mx\/index.php\/2021\/10\/20\/tras-ola-de-asaltos-deportistas-en-texmelucan-piden-vigilancia\/","name":"Tras ola de asaltos, deportistas en Texmelucan piden vigilancia - The Puebla Times","isPartOf":{"@id":"https:\/\/thepueblatimes.mx\/#website"},"datePublished":"2021-10-21T04:20:09+00:00","dateModified":"2021-10-21T04:20:09+00:00","author":{"@id":"https:\/\/thepueblatimes.mx\/#\/schema\/person\/7bdf2adbc50078b104bba72b5612f774"},"breadcrumb":{"@id":"https:\/\/thepueblatimes.mx\/index.php\/2021\/10\/20\/tras-ola-de-asaltos-deportistas-en-texmelucan-piden-vigilancia\/#breadcrumb"},"inLanguage":"es","potentialAction":[{"@type":"ReadAction","target":["https:\/\/thepueblatimes.mx\/index.php\/2021\/10\/20\/tras-ola-de-asaltos-deportistas-en-texmelucan-piden-vigilancia\/"]}]},{"@type":"BreadcrumbList","@id":"https:\/\/thepueblatimes.mx\/index.php\/2021\/10\/20\/tras-ola-de-asaltos-deportistas-en-texmelucan-piden-vigilancia\/#breadcrumb","itemListElement":[{"@type":"ListItem","position":1,"name":"Portada","item":"https:\/\/thepueblatimes.mx\/"},{"@type":"ListItem","position":2,"name":"Tras ola de asaltos, deportistas en Texmelucan piden vigilancia"}]},{"@type":"WebSite","@id":"https:\/\/thepueblatimes.mx\/#website","url":"https:\/\/thepueblatimes.mx\/","name":"The Puebla Times","description":"Noticias del Estado de Puebla","potentialAction":[{"@type":"SearchAction","target":{"@type":"EntryPoint","urlTemplate":"https:\/\/thepueblatimes.mx\/?s={search_term_string}"},"query-input":"required name=search_term_string"}],"inLanguage":"es"},{"@type":"Person","@id":"https:\/\/thepueblatimes.mx\/#\/schema\/person\/7bdf2adbc50078b104bba72b5612f774","name":"Francisco S\u00e1nchez Nolasco","image":{"@type":"ImageObject","inLanguage":"es","@id":"https:\/\/thepueblatimes.mx\/#\/schema\/person\/image\/","url":"https:\/\/secure.gravatar.com\/avatar\/6061d7d20b38bc2742a5218401b198d2?s=96&d=mm&r=g","contentUrl":"https:\/\/secure.gravatar.com\/avatar\/6061d7d20b38bc2742a5218401b198d2?s=96&d=mm&r=g","caption":"Francisco S\u00e1nchez Nolasco"},"url":"https:\/\/thepueblatimes.mx\/index.php\/author\/marianitha-reyes\/"}]}},"jetpack_featured_media_url":"https:\/\/thepueblatimes.mx\/wp-content\/uploads\/2021\/10\/2B5BC689-79C6-4F6C-861A-59EFEC014F80.jpeg","_links":{"self":[{"href":"https:\/\/thepueblatimes.mx\/index.php\/wp-json\/wp\/v2\/posts\/16336"}],"collection":[{"href":"https:\/\/thepueblatimes.mx\/index.php\/wp-json\/wp\/v2\/posts"}],"about":[{"href":"https:\/\/thepueblatimes.mx\/index.php\/wp-json\/wp\/v2\/types\/post"}],"author":[{"embeddable":true,"href":"https:\/\/thepueblatimes.mx\/index.php\/wp-json\/wp\/v2\/users\/15"}],"replies":[{"embeddable":true,"href":"https:\/\/thepueblatimes.mx\/index.php\/wp-json\/wp\/v2\/comments?post=16336"}],"version-history":[{"count":1,"href":"https:\/\/thepueblatimes.mx\/index.php\/wp-json\/wp\/v2\/posts\/16336\/revisions"}],"predecessor-version":[{"id":16338,"href":"https:\/\/thepueblatimes.mx\/index.php\/wp-json\/wp\/v2\/posts\/16336\/revisions\/16338"}],"wp:featuredmedia":[{"embeddable":true,"href":"https:\/\/thepueblatimes.mx\/index.php\/wp-json\/wp\/v2\/media\/16337"}],"wp:attachment":[{"href":"https:\/\/thepueblatimes.mx\/index.php\/wp-json\/wp\/v2\/media?parent=16336"}],"wp:term":[{"taxonomy":"category","embeddable":true,"href":"https:\/\/thepueblatimes.mx\/index.php\/wp-json\/wp\/v2\/categories?post=16336"},{"taxonomy":"post_tag","embeddable":true,"href":"https:\/\/thepueblatimes.mx\/index.php\/wp-json\/wp\/v2\/tags?post=16336"}],"curies":[{"name":"wp","href":"https:\/\/api.w.org\/{rel}","templated":true}]}}