{"id":16333,"date":"2021-10-20T23:16:17","date_gmt":"2021-10-21T04:16:17","guid":{"rendered":"https:\/\/thepueblatimes.mx\/?p=16333"},"modified":"2021-10-20T23:16:17","modified_gmt":"2021-10-21T04:16:17","slug":"recuperan-trailer-robado-entre-el-periferico-ecologico-y-coronango","status":"publish","type":"post","link":"https:\/\/thepueblatimes.mx\/index.php\/2021\/10\/20\/recuperan-trailer-robado-entre-el-periferico-ecologico-y-coronango\/","title":{"rendered":"Recuperan tr\u00e1iler robado entre el Perif\u00e9rico Ecol\u00f3gico y Coronango"},"content":{"rendered":"<p>San Pedro Cholula, Pue.- En respuesta inmediata a un reporte de auxilio, elementos de <strong>Polic\u00eda Municipal adscritos a la Secretar\u00eda de Seguridad P\u00fablica, recuperaron un tr\u00e1iler que tres sujetos armados intentaron robar.<\/strong><\/p>\n<p>Los hechos ocurrieron cuando durante un recorrido de vigilancia, los agentes policiacos fueron alertados por un percance vial. Al acudir al lugar del incidente, <strong>el conductor de un tr\u00e1iler Freighliner a\u00f1o 2006 color blanco, indic\u00f3 que fue interceptado por tres sujetos armados mientras circulaba sobre el entronque de Perif\u00e9rico Ecol\u00f3gico y Coronango.<\/strong><\/p>\n<p><strong>Los individuos lo amagaron y le pidieron conducir con direcci\u00f3n hacia San Crist\u00f3bal Tepontla<\/strong>, sin embargo, al circular en las calles de dicha Junta Auxiliar, el <strong>tr\u00e1iler se detuvo tras un bloqueo v\u00eda GPS<\/strong>. Al ver que la unidad ya no pod\u00eda avanzar, el chofer<strong>fue golpeado por los tres sujetos quienes posteriormente se dieron a la fuga con rumbo desconocido<\/strong>.<\/p>\n<p>Al verificar el estatus de la unidad, los elementos se percataron que el tr\u00e1iler -con placas de circulaci\u00f3n 02AE-7C del Estado M\u00e9xico, as\u00ed como la caja seca con placas de circulaci\u00f3n 60VS8-, est\u00e1 relacionada con una pre denuncia por robo, por lo cual se dispuso su traslado a las instalaciones de la Secretar\u00eda de Seguridad P\u00fablica para ponerla a disposici\u00f3n ante la autoridad correspondiente.<\/p>\n","protected":false},"excerpt":{"rendered":"<p>San Pedro Cholula, Pue.- En respuesta inmediata a un reporte de auxilio, elementos de Polic\u00eda Municipal adscritos a la Secretar\u00eda de Seguridad P\u00fablica, recuperaron un tr\u00e1iler que tres sujetos armados intentaron robar. Los hechos ocurrieron cuando durante un recorrido de vigilancia, los agentes policiacos fueron alertados por un percance vial. Al acudir al lugar del&#8230;<\/p>\n","protected":false},"author":15,"featured_media":16334,"comment_status":"open","ping_status":"open","sticky":false,"template":"","format":"standard","meta":[],"categories":[20],"tags":[49],"yoast_head":"<!-- This site is optimized with the Yoast SEO plugin v20.8 - https:\/\/yoast.com\/wordpress\/plugins\/seo\/ -->\n<title>Recuperan tr\u00e1iler robado entre el Perif\u00e9rico Ecol\u00f3gico y Coronango - The Puebla Times<\/title>\n<meta name=\"robots\" content=\"index, follow, max-snippet:-1, max-image-preview:large, max-video-preview:-1\" \/>\n<link rel=\"canonical\" href=\"https:\/\/thepueblatimes.mx\/index.php\/2021\/10\/20\/recuperan-trailer-robado-entre-el-periferico-ecologico-y-coronango\/\" \/>\n<meta property=\"og:locale\" content=\"es_ES\" \/>\n<meta property=\"og:type\" content=\"article\" \/>\n<meta property=\"og:title\" content=\"Recuperan tr\u00e1iler robado entre el Perif\u00e9rico Ecol\u00f3gico y Coronango - The Puebla Times\" \/>\n<meta property=\"og:description\" content=\"San Pedro Cholula, Pue.- En respuesta inmediata a un reporte de auxilio, elementos de Polic\u00eda Municipal adscritos a la Secretar\u00eda de Seguridad P\u00fablica, recuperaron un tr\u00e1iler que tres sujetos armados intentaron robar. Los hechos ocurrieron cuando durante un recorrido de vigilancia, los agentes policiacos fueron alertados por un percance vial. Al acudir al lugar del...\" \/>\n<meta property=\"og:url\" content=\"https:\/\/thepueblatimes.mx\/index.php\/2021\/10\/20\/recuperan-trailer-robado-entre-el-periferico-ecologico-y-coronango\/\" \/>\n<meta property=\"og:site_name\" content=\"The Puebla Times\" \/>\n<meta property=\"article:published_time\" content=\"2021-10-21T04:16:17+00:00\" \/>\n<meta property=\"og:image\" content=\"https:\/\/thepueblatimes.mx\/wp-content\/uploads\/2021\/10\/2F51089A-58E6-4617-96AB-82C9D3090F3D.jpeg\" \/>\n\t<meta property=\"og:image:width\" content=\"958\" \/>\n\t<meta property=\"og:image:height\" content=\"681\" \/>\n\t<meta property=\"og:image:type\" content=\"image\/jpeg\" \/>\n<meta name=\"author\" content=\"Francisco S\u00e1nchez Nolasco\" \/>\n<meta name=\"twitter:card\" content=\"summary_large_image\" \/>\n<meta name=\"twitter:label1\" content=\"Escrito por\" \/>\n\t<meta name=\"twitter:data1\" content=\"Francisco S\u00e1nchez Nolasco\" \/>\n\t<meta name=\"twitter:label2\" content=\"Tiempo de lectura\" \/>\n\t<meta name=\"twitter:data2\" content=\"1 minuto\" \/>\n<script type=\"application\/ld+json\" class=\"yoast-schema-graph\">{\"@context\":\"https:\/\/schema.org\",\"@graph\":[{\"@type\":\"WebPage\",\"@id\":\"https:\/\/thepueblatimes.mx\/index.php\/2021\/10\/20\/recuperan-trailer-robado-entre-el-periferico-ecologico-y-coronango\/\",\"url\":\"https:\/\/thepueblatimes.mx\/index.php\/2021\/10\/20\/recuperan-trailer-robado-entre-el-periferico-ecologico-y-coronango\/\",\"name\":\"Recuperan tr\u00e1iler robado entre el Perif\u00e9rico Ecol\u00f3gico y Coronango - The Puebla Times\",\"isPartOf\":{\"@id\":\"https:\/\/thepueblatimes.mx\/#website\"},\"datePublished\":\"2021-10-21T04:16:17+00:00\",\"dateModified\":\"2021-10-21T04:16:17+00:00\",\"author\":{\"@id\":\"https:\/\/thepueblatimes.mx\/#\/schema\/person\/7bdf2adbc50078b104bba72b5612f774\"},\"breadcrumb\":{\"@id\":\"https:\/\/thepueblatimes.mx\/index.php\/2021\/10\/20\/recuperan-trailer-robado-entre-el-periferico-ecologico-y-coronango\/#breadcrumb\"},\"inLanguage\":\"es\",\"potentialAction\":[{\"@type\":\"ReadAction\",\"target\":[\"https:\/\/thepueblatimes.mx\/index.php\/2021\/10\/20\/recuperan-trailer-robado-entre-el-periferico-ecologico-y-coronango\/\"]}]},{\"@type\":\"BreadcrumbList\",\"@id\":\"https:\/\/thepueblatimes.mx\/index.php\/2021\/10\/20\/recuperan-trailer-robado-entre-el-periferico-ecologico-y-coronango\/#breadcrumb\",\"itemListElement\":[{\"@type\":\"ListItem\",\"position\":1,\"name\":\"Portada\",\"item\":\"https:\/\/thepueblatimes.mx\/\"},{\"@type\":\"ListItem\",\"position\":2,\"name\":\"Recuperan tr\u00e1iler robado entre el Perif\u00e9rico Ecol\u00f3gico y Coronango\"}]},{\"@type\":\"WebSite\",\"@id\":\"https:\/\/thepueblatimes.mx\/#website\",\"url\":\"https:\/\/thepueblatimes.mx\/\",\"name\":\"The Puebla Times\",\"description\":\"Noticias del Estado de Puebla\",\"potentialAction\":[{\"@type\":\"SearchAction\",\"target\":{\"@type\":\"EntryPoint\",\"urlTemplate\":\"https:\/\/thepueblatimes.mx\/?s={search_term_string}\"},\"query-input\":\"required name=search_term_string\"}],\"inLanguage\":\"es\"},{\"@type\":\"Person\",\"@id\":\"https:\/\/thepueblatimes.mx\/#\/schema\/person\/7bdf2adbc50078b104bba72b5612f774\",\"name\":\"Francisco S\u00e1nchez Nolasco\",\"image\":{\"@type\":\"ImageObject\",\"inLanguage\":\"es\",\"@id\":\"https:\/\/thepueblatimes.mx\/#\/schema\/person\/image\/\",\"url\":\"https:\/\/secure.gravatar.com\/avatar\/6061d7d20b38bc2742a5218401b198d2?s=96&d=mm&r=g\",\"contentUrl\":\"https:\/\/secure.gravatar.com\/avatar\/6061d7d20b38bc2742a5218401b198d2?s=96&d=mm&r=g\",\"caption\":\"Francisco S\u00e1nchez Nolasco\"},\"url\":\"https:\/\/thepueblatimes.mx\/index.php\/author\/marianitha-reyes\/\"}]}<\/script>\n<!-- \/ Yoast SEO plugin. -->","yoast_head_json":{"title":"Recuperan tr\u00e1iler robado entre el Perif\u00e9rico Ecol\u00f3gico y Coronango - The Puebla Times","robots":{"index":"index","follow":"follow","max-snippet":"max-snippet:-1","max-image-preview":"max-image-preview:large","max-video-preview":"max-video-preview:-1"},"canonical":"https:\/\/thepueblatimes.mx\/index.php\/2021\/10\/20\/recuperan-trailer-robado-entre-el-periferico-ecologico-y-coronango\/","og_locale":"es_ES","og_type":"article","og_title":"Recuperan tr\u00e1iler robado entre el Perif\u00e9rico Ecol\u00f3gico y Coronango - The Puebla Times","og_description":"San Pedro Cholula, Pue.- En respuesta inmediata a un reporte de auxilio, elementos de Polic\u00eda Municipal adscritos a la Secretar\u00eda de Seguridad P\u00fablica, recuperaron un tr\u00e1iler que tres sujetos armados intentaron robar. Los hechos ocurrieron cuando durante un recorrido de vigilancia, los agentes policiacos fueron alertados por un percance vial. Al acudir al lugar del...","og_url":"https:\/\/thepueblatimes.mx\/index.php\/2021\/10\/20\/recuperan-trailer-robado-entre-el-periferico-ecologico-y-coronango\/","og_site_name":"The Puebla Times","article_published_time":"2021-10-21T04:16:17+00:00","og_image":[{"width":958,"height":681,"url":"https:\/\/thepueblatimes.mx\/wp-content\/uploads\/2021\/10\/2F51089A-58E6-4617-96AB-82C9D3090F3D.jpeg","type":"image\/jpeg"}],"author":"Francisco S\u00e1nchez Nolasco","twitter_card":"summary_large_image","twitter_misc":{"Escrito por":"Francisco S\u00e1nchez Nolasco","Tiempo de lectura":"1 minuto"},"schema":{"@context":"https:\/\/schema.org","@graph":[{"@type":"WebPage","@id":"https:\/\/thepueblatimes.mx\/index.php\/2021\/10\/20\/recuperan-trailer-robado-entre-el-periferico-ecologico-y-coronango\/","url":"https:\/\/thepueblatimes.mx\/index.php\/2021\/10\/20\/recuperan-trailer-robado-entre-el-periferico-ecologico-y-coronango\/","name":"Recuperan tr\u00e1iler robado entre el Perif\u00e9rico Ecol\u00f3gico y Coronango - The Puebla Times","isPartOf":{"@id":"https:\/\/thepueblatimes.mx\/#website"},"datePublished":"2021-10-21T04:16:17+00:00","dateModified":"2021-10-21T04:16:17+00:00","author":{"@id":"https:\/\/thepueblatimes.mx\/#\/schema\/person\/7bdf2adbc50078b104bba72b5612f774"},"breadcrumb":{"@id":"https:\/\/thepueblatimes.mx\/index.php\/2021\/10\/20\/recuperan-trailer-robado-entre-el-periferico-ecologico-y-coronango\/#breadcrumb"},"inLanguage":"es","potentialAction":[{"@type":"ReadAction","target":["https:\/\/thepueblatimes.mx\/index.php\/2021\/10\/20\/recuperan-trailer-robado-entre-el-periferico-ecologico-y-coronango\/"]}]},{"@type":"BreadcrumbList","@id":"https:\/\/thepueblatimes.mx\/index.php\/2021\/10\/20\/recuperan-trailer-robado-entre-el-periferico-ecologico-y-coronango\/#breadcrumb","itemListElement":[{"@type":"ListItem","position":1,"name":"Portada","item":"https:\/\/thepueblatimes.mx\/"},{"@type":"ListItem","position":2,"name":"Recuperan tr\u00e1iler robado entre el Perif\u00e9rico Ecol\u00f3gico y Coronango"}]},{"@type":"WebSite","@id":"https:\/\/thepueblatimes.mx\/#website","url":"https:\/\/thepueblatimes.mx\/","name":"The Puebla Times","description":"Noticias del Estado de Puebla","potentialAction":[{"@type":"SearchAction","target":{"@type":"EntryPoint","urlTemplate":"https:\/\/thepueblatimes.mx\/?s={search_term_string}"},"query-input":"required name=search_term_string"}],"inLanguage":"es"},{"@type":"Person","@id":"https:\/\/thepueblatimes.mx\/#\/schema\/person\/7bdf2adbc50078b104bba72b5612f774","name":"Francisco S\u00e1nchez Nolasco","image":{"@type":"ImageObject","inLanguage":"es","@id":"https:\/\/thepueblatimes.mx\/#\/schema\/person\/image\/","url":"https:\/\/secure.gravatar.com\/avatar\/6061d7d20b38bc2742a5218401b198d2?s=96&d=mm&r=g","contentUrl":"https:\/\/secure.gravatar.com\/avatar\/6061d7d20b38bc2742a5218401b198d2?s=96&d=mm&r=g","caption":"Francisco S\u00e1nchez Nolasco"},"url":"https:\/\/thepueblatimes.mx\/index.php\/author\/marianitha-reyes\/"}]}},"jetpack_featured_media_url":"https:\/\/thepueblatimes.mx\/wp-content\/uploads\/2021\/10\/2F51089A-58E6-4617-96AB-82C9D3090F3D.jpeg","_links":{"self":[{"href":"https:\/\/thepueblatimes.mx\/index.php\/wp-json\/wp\/v2\/posts\/16333"}],"collection":[{"href":"https:\/\/thepueblatimes.mx\/index.php\/wp-json\/wp\/v2\/posts"}],"about":[{"href":"https:\/\/thepueblatimes.mx\/index.php\/wp-json\/wp\/v2\/types\/post"}],"author":[{"embeddable":true,"href":"https:\/\/thepueblatimes.mx\/index.php\/wp-json\/wp\/v2\/users\/15"}],"replies":[{"embeddable":true,"href":"https:\/\/thepueblatimes.mx\/index.php\/wp-json\/wp\/v2\/comments?post=16333"}],"version-history":[{"count":1,"href":"https:\/\/thepueblatimes.mx\/index.php\/wp-json\/wp\/v2\/posts\/16333\/revisions"}],"predecessor-version":[{"id":16335,"href":"https:\/\/thepueblatimes.mx\/index.php\/wp-json\/wp\/v2\/posts\/16333\/revisions\/16335"}],"wp:featuredmedia":[{"embeddable":true,"href":"https:\/\/thepueblatimes.mx\/index.php\/wp-json\/wp\/v2\/media\/16334"}],"wp:attachment":[{"href":"https:\/\/thepueblatimes.mx\/index.php\/wp-json\/wp\/v2\/media?parent=16333"}],"wp:term":[{"taxonomy":"category","embeddable":true,"href":"https:\/\/thepueblatimes.mx\/index.php\/wp-json\/wp\/v2\/categories?post=16333"},{"taxonomy":"post_tag","embeddable":true,"href":"https:\/\/thepueblatimes.mx\/index.php\/wp-json\/wp\/v2\/tags?post=16333"}],"curies":[{"name":"wp","href":"https:\/\/api.w.org\/{rel}","templated":true}]}}