{"id":16330,"date":"2021-10-20T23:13:39","date_gmt":"2021-10-21T04:13:39","guid":{"rendered":"https:\/\/thepueblatimes.mx\/?p=16330"},"modified":"2021-10-20T23:13:39","modified_gmt":"2021-10-21T04:13:39","slug":"ariadna-ayala-encabeza-mesa-de-seguridad-publica-en-atlixco","status":"publish","type":"post","link":"https:\/\/thepueblatimes.mx\/index.php\/2021\/10\/20\/ariadna-ayala-encabeza-mesa-de-seguridad-publica-en-atlixco\/","title":{"rendered":"Ariadna Ayala encabeza mesa de seguridad p\u00fablica en Atlixco"},"content":{"rendered":"<p>Atlixco, Pue.- Buscando coordinar las estrategias en materia de seguridad p\u00fablica, el Ayuntamiento de Atlixco <strong>acompa\u00f1ado de autoridades de los tres niveles de gobierno, llev\u00f3 a cabo la Primer Mesa de Seguridad.<\/strong><\/p>\n<p>Estoy convencida que la seguridad p\u00fablica es una tema requiere de constancia, perseverancia pero sobre todo continuidad\u00bb, asegur\u00f3 la mun\u00edcipe Ariadna Ayala quien tambi\u00e9n afirm\u00f3 que est\u00e1 nueva administraci\u00f3n municipal pondr\u00e1 en marcha un modelo de seguridad ciudadana, que encamine los esfuerzo de autoridades y la sociedad civil, con el objetivo de reducir los \u00edndices delictivos por medio de procesos transparentes y eficaces.<\/p>\n<p>La alcaldesa se\u00f1al\u00f3 que la problem\u00e1tica de inseguridad, no es reciente, no obstante es obligaci\u00f3n de las autoridades dise\u00f1ar un trabajo colectivo que atienda la ra\u00edz de la situaci\u00f3n y no s\u00f3lo las consecuencias. Asimismo reiter\u00f3 el compromiso de coadyuvar con las diversas instituciones para lograr que Atlixco sea municipio de paz: \u00abPongo en la mesa la total disposici\u00f3n y la total colaboraci\u00f3n por parte de Atlixco\u00bb.<\/p>\n<p>La alcaldesa tambi\u00e9n inform\u00f3 que una vez que se tenga la evaluaci\u00f3n final del estado del sistema de video vigilancia, emprendido hace un par de d\u00edas, as\u00ed como la organizaci\u00f3n de los comit\u00e9s ciudadanos, se podr\u00e1n establecer las acciones y decisiones que se llevar\u00e1n a cabo en esta \u00e1rea, de tal forma que se garantice un restablecimiento del orden y la paz p\u00fablica del municipio.<\/p>\n<p>En este evento tambi\u00e9n estuvieron presentes Pedro Hern\u00e1ndez L\u00f3pez, Director Regional de Programas Bienestar; Edith Ortigoza Teutle Jefa Regional del Programa de Discapacidad; Luis Fernando Jara Vargas, Regidor de Gobernaci\u00f3n, Justicia y Seguridad P\u00fablica y Antonio Hern\u00e1ndez Pacheco, Director de Seguridad P\u00fablica y Vialidad.<\/p>\n<div class=\"row publi-cont\"><\/div>\n","protected":false},"excerpt":{"rendered":"<p>Atlixco, Pue.- Buscando coordinar las estrategias en materia de seguridad p\u00fablica, el Ayuntamiento de Atlixco acompa\u00f1ado de autoridades de los tres niveles de gobierno, llev\u00f3 a cabo la Primer Mesa de Seguridad. Estoy convencida que la seguridad p\u00fablica es una tema requiere de constancia, perseverancia pero sobre todo continuidad\u00bb, asegur\u00f3 la mun\u00edcipe Ariadna Ayala quien&#8230;<\/p>\n","protected":false},"author":15,"featured_media":16331,"comment_status":"open","ping_status":"open","sticky":false,"template":"","format":"standard","meta":[],"categories":[20],"tags":[49],"yoast_head":"<!-- This site is optimized with the Yoast SEO plugin v20.8 - https:\/\/yoast.com\/wordpress\/plugins\/seo\/ -->\n<title>Ariadna Ayala encabeza mesa de seguridad p\u00fablica en Atlixco - The Puebla Times<\/title>\n<meta name=\"robots\" content=\"index, follow, max-snippet:-1, max-image-preview:large, max-video-preview:-1\" \/>\n<link rel=\"canonical\" href=\"https:\/\/thepueblatimes.mx\/index.php\/2021\/10\/20\/ariadna-ayala-encabeza-mesa-de-seguridad-publica-en-atlixco\/\" \/>\n<meta property=\"og:locale\" content=\"es_ES\" \/>\n<meta property=\"og:type\" content=\"article\" \/>\n<meta property=\"og:title\" content=\"Ariadna Ayala encabeza mesa de seguridad p\u00fablica en Atlixco - The Puebla Times\" \/>\n<meta property=\"og:description\" content=\"Atlixco, Pue.- Buscando coordinar las estrategias en materia de seguridad p\u00fablica, el Ayuntamiento de Atlixco acompa\u00f1ado de autoridades de los tres niveles de gobierno, llev\u00f3 a cabo la Primer Mesa de Seguridad. Estoy convencida que la seguridad p\u00fablica es una tema requiere de constancia, perseverancia pero sobre todo continuidad\u00bb, asegur\u00f3 la mun\u00edcipe Ariadna Ayala quien...\" \/>\n<meta property=\"og:url\" content=\"https:\/\/thepueblatimes.mx\/index.php\/2021\/10\/20\/ariadna-ayala-encabeza-mesa-de-seguridad-publica-en-atlixco\/\" \/>\n<meta property=\"og:site_name\" content=\"The Puebla Times\" \/>\n<meta property=\"article:published_time\" content=\"2021-10-21T04:13:39+00:00\" \/>\n<meta property=\"og:image\" content=\"https:\/\/thepueblatimes.mx\/wp-content\/uploads\/2021\/10\/96C03374-D3FB-4859-8AA3-857E7F9BB706.jpeg\" \/>\n\t<meta property=\"og:image:width\" content=\"949\" \/>\n\t<meta property=\"og:image:height\" content=\"610\" \/>\n\t<meta property=\"og:image:type\" content=\"image\/jpeg\" \/>\n<meta name=\"author\" content=\"Francisco S\u00e1nchez Nolasco\" \/>\n<meta name=\"twitter:card\" content=\"summary_large_image\" \/>\n<meta name=\"twitter:label1\" content=\"Escrito por\" \/>\n\t<meta name=\"twitter:data1\" content=\"Francisco S\u00e1nchez Nolasco\" \/>\n\t<meta name=\"twitter:label2\" content=\"Tiempo de lectura\" \/>\n\t<meta name=\"twitter:data2\" content=\"2 minutos\" \/>\n<script type=\"application\/ld+json\" class=\"yoast-schema-graph\">{\"@context\":\"https:\/\/schema.org\",\"@graph\":[{\"@type\":\"WebPage\",\"@id\":\"https:\/\/thepueblatimes.mx\/index.php\/2021\/10\/20\/ariadna-ayala-encabeza-mesa-de-seguridad-publica-en-atlixco\/\",\"url\":\"https:\/\/thepueblatimes.mx\/index.php\/2021\/10\/20\/ariadna-ayala-encabeza-mesa-de-seguridad-publica-en-atlixco\/\",\"name\":\"Ariadna Ayala encabeza mesa de seguridad p\u00fablica en Atlixco - The Puebla Times\",\"isPartOf\":{\"@id\":\"https:\/\/thepueblatimes.mx\/#website\"},\"datePublished\":\"2021-10-21T04:13:39+00:00\",\"dateModified\":\"2021-10-21T04:13:39+00:00\",\"author\":{\"@id\":\"https:\/\/thepueblatimes.mx\/#\/schema\/person\/7bdf2adbc50078b104bba72b5612f774\"},\"breadcrumb\":{\"@id\":\"https:\/\/thepueblatimes.mx\/index.php\/2021\/10\/20\/ariadna-ayala-encabeza-mesa-de-seguridad-publica-en-atlixco\/#breadcrumb\"},\"inLanguage\":\"es\",\"potentialAction\":[{\"@type\":\"ReadAction\",\"target\":[\"https:\/\/thepueblatimes.mx\/index.php\/2021\/10\/20\/ariadna-ayala-encabeza-mesa-de-seguridad-publica-en-atlixco\/\"]}]},{\"@type\":\"BreadcrumbList\",\"@id\":\"https:\/\/thepueblatimes.mx\/index.php\/2021\/10\/20\/ariadna-ayala-encabeza-mesa-de-seguridad-publica-en-atlixco\/#breadcrumb\",\"itemListElement\":[{\"@type\":\"ListItem\",\"position\":1,\"name\":\"Portada\",\"item\":\"https:\/\/thepueblatimes.mx\/\"},{\"@type\":\"ListItem\",\"position\":2,\"name\":\"Ariadna Ayala encabeza mesa de seguridad p\u00fablica en Atlixco\"}]},{\"@type\":\"WebSite\",\"@id\":\"https:\/\/thepueblatimes.mx\/#website\",\"url\":\"https:\/\/thepueblatimes.mx\/\",\"name\":\"The Puebla Times\",\"description\":\"Noticias del Estado de Puebla\",\"potentialAction\":[{\"@type\":\"SearchAction\",\"target\":{\"@type\":\"EntryPoint\",\"urlTemplate\":\"https:\/\/thepueblatimes.mx\/?s={search_term_string}\"},\"query-input\":\"required name=search_term_string\"}],\"inLanguage\":\"es\"},{\"@type\":\"Person\",\"@id\":\"https:\/\/thepueblatimes.mx\/#\/schema\/person\/7bdf2adbc50078b104bba72b5612f774\",\"name\":\"Francisco S\u00e1nchez Nolasco\",\"image\":{\"@type\":\"ImageObject\",\"inLanguage\":\"es\",\"@id\":\"https:\/\/thepueblatimes.mx\/#\/schema\/person\/image\/\",\"url\":\"https:\/\/secure.gravatar.com\/avatar\/6061d7d20b38bc2742a5218401b198d2?s=96&d=mm&r=g\",\"contentUrl\":\"https:\/\/secure.gravatar.com\/avatar\/6061d7d20b38bc2742a5218401b198d2?s=96&d=mm&r=g\",\"caption\":\"Francisco S\u00e1nchez Nolasco\"},\"url\":\"https:\/\/thepueblatimes.mx\/index.php\/author\/marianitha-reyes\/\"}]}<\/script>\n<!-- \/ Yoast SEO plugin. -->","yoast_head_json":{"title":"Ariadna Ayala encabeza mesa de seguridad p\u00fablica en Atlixco - The Puebla Times","robots":{"index":"index","follow":"follow","max-snippet":"max-snippet:-1","max-image-preview":"max-image-preview:large","max-video-preview":"max-video-preview:-1"},"canonical":"https:\/\/thepueblatimes.mx\/index.php\/2021\/10\/20\/ariadna-ayala-encabeza-mesa-de-seguridad-publica-en-atlixco\/","og_locale":"es_ES","og_type":"article","og_title":"Ariadna Ayala encabeza mesa de seguridad p\u00fablica en Atlixco - The Puebla Times","og_description":"Atlixco, Pue.- Buscando coordinar las estrategias en materia de seguridad p\u00fablica, el Ayuntamiento de Atlixco acompa\u00f1ado de autoridades de los tres niveles de gobierno, llev\u00f3 a cabo la Primer Mesa de Seguridad. Estoy convencida que la seguridad p\u00fablica es una tema requiere de constancia, perseverancia pero sobre todo continuidad\u00bb, asegur\u00f3 la mun\u00edcipe Ariadna Ayala quien...","og_url":"https:\/\/thepueblatimes.mx\/index.php\/2021\/10\/20\/ariadna-ayala-encabeza-mesa-de-seguridad-publica-en-atlixco\/","og_site_name":"The Puebla Times","article_published_time":"2021-10-21T04:13:39+00:00","og_image":[{"width":949,"height":610,"url":"https:\/\/thepueblatimes.mx\/wp-content\/uploads\/2021\/10\/96C03374-D3FB-4859-8AA3-857E7F9BB706.jpeg","type":"image\/jpeg"}],"author":"Francisco S\u00e1nchez Nolasco","twitter_card":"summary_large_image","twitter_misc":{"Escrito por":"Francisco S\u00e1nchez Nolasco","Tiempo de lectura":"2 minutos"},"schema":{"@context":"https:\/\/schema.org","@graph":[{"@type":"WebPage","@id":"https:\/\/thepueblatimes.mx\/index.php\/2021\/10\/20\/ariadna-ayala-encabeza-mesa-de-seguridad-publica-en-atlixco\/","url":"https:\/\/thepueblatimes.mx\/index.php\/2021\/10\/20\/ariadna-ayala-encabeza-mesa-de-seguridad-publica-en-atlixco\/","name":"Ariadna Ayala encabeza mesa de seguridad p\u00fablica en Atlixco - The Puebla Times","isPartOf":{"@id":"https:\/\/thepueblatimes.mx\/#website"},"datePublished":"2021-10-21T04:13:39+00:00","dateModified":"2021-10-21T04:13:39+00:00","author":{"@id":"https:\/\/thepueblatimes.mx\/#\/schema\/person\/7bdf2adbc50078b104bba72b5612f774"},"breadcrumb":{"@id":"https:\/\/thepueblatimes.mx\/index.php\/2021\/10\/20\/ariadna-ayala-encabeza-mesa-de-seguridad-publica-en-atlixco\/#breadcrumb"},"inLanguage":"es","potentialAction":[{"@type":"ReadAction","target":["https:\/\/thepueblatimes.mx\/index.php\/2021\/10\/20\/ariadna-ayala-encabeza-mesa-de-seguridad-publica-en-atlixco\/"]}]},{"@type":"BreadcrumbList","@id":"https:\/\/thepueblatimes.mx\/index.php\/2021\/10\/20\/ariadna-ayala-encabeza-mesa-de-seguridad-publica-en-atlixco\/#breadcrumb","itemListElement":[{"@type":"ListItem","position":1,"name":"Portada","item":"https:\/\/thepueblatimes.mx\/"},{"@type":"ListItem","position":2,"name":"Ariadna Ayala encabeza mesa de seguridad p\u00fablica en Atlixco"}]},{"@type":"WebSite","@id":"https:\/\/thepueblatimes.mx\/#website","url":"https:\/\/thepueblatimes.mx\/","name":"The Puebla Times","description":"Noticias del Estado de Puebla","potentialAction":[{"@type":"SearchAction","target":{"@type":"EntryPoint","urlTemplate":"https:\/\/thepueblatimes.mx\/?s={search_term_string}"},"query-input":"required name=search_term_string"}],"inLanguage":"es"},{"@type":"Person","@id":"https:\/\/thepueblatimes.mx\/#\/schema\/person\/7bdf2adbc50078b104bba72b5612f774","name":"Francisco S\u00e1nchez Nolasco","image":{"@type":"ImageObject","inLanguage":"es","@id":"https:\/\/thepueblatimes.mx\/#\/schema\/person\/image\/","url":"https:\/\/secure.gravatar.com\/avatar\/6061d7d20b38bc2742a5218401b198d2?s=96&d=mm&r=g","contentUrl":"https:\/\/secure.gravatar.com\/avatar\/6061d7d20b38bc2742a5218401b198d2?s=96&d=mm&r=g","caption":"Francisco S\u00e1nchez Nolasco"},"url":"https:\/\/thepueblatimes.mx\/index.php\/author\/marianitha-reyes\/"}]}},"jetpack_featured_media_url":"https:\/\/thepueblatimes.mx\/wp-content\/uploads\/2021\/10\/96C03374-D3FB-4859-8AA3-857E7F9BB706.jpeg","_links":{"self":[{"href":"https:\/\/thepueblatimes.mx\/index.php\/wp-json\/wp\/v2\/posts\/16330"}],"collection":[{"href":"https:\/\/thepueblatimes.mx\/index.php\/wp-json\/wp\/v2\/posts"}],"about":[{"href":"https:\/\/thepueblatimes.mx\/index.php\/wp-json\/wp\/v2\/types\/post"}],"author":[{"embeddable":true,"href":"https:\/\/thepueblatimes.mx\/index.php\/wp-json\/wp\/v2\/users\/15"}],"replies":[{"embeddable":true,"href":"https:\/\/thepueblatimes.mx\/index.php\/wp-json\/wp\/v2\/comments?post=16330"}],"version-history":[{"count":1,"href":"https:\/\/thepueblatimes.mx\/index.php\/wp-json\/wp\/v2\/posts\/16330\/revisions"}],"predecessor-version":[{"id":16332,"href":"https:\/\/thepueblatimes.mx\/index.php\/wp-json\/wp\/v2\/posts\/16330\/revisions\/16332"}],"wp:featuredmedia":[{"embeddable":true,"href":"https:\/\/thepueblatimes.mx\/index.php\/wp-json\/wp\/v2\/media\/16331"}],"wp:attachment":[{"href":"https:\/\/thepueblatimes.mx\/index.php\/wp-json\/wp\/v2\/media?parent=16330"}],"wp:term":[{"taxonomy":"category","embeddable":true,"href":"https:\/\/thepueblatimes.mx\/index.php\/wp-json\/wp\/v2\/categories?post=16330"},{"taxonomy":"post_tag","embeddable":true,"href":"https:\/\/thepueblatimes.mx\/index.php\/wp-json\/wp\/v2\/tags?post=16330"}],"curies":[{"name":"wp","href":"https:\/\/api.w.org\/{rel}","templated":true}]}}