{"id":16327,"date":"2021-10-20T23:10:49","date_gmt":"2021-10-21T04:10:49","guid":{"rendered":"https:\/\/thepueblatimes.mx\/?p=16327"},"modified":"2021-10-20T23:10:49","modified_gmt":"2021-10-21T04:10:49","slug":"civiles-armados-roban-camioneta-cargada-con-mercancia-en-acatzingo","status":"publish","type":"post","link":"https:\/\/thepueblatimes.mx\/index.php\/2021\/10\/20\/civiles-armados-roban-camioneta-cargada-con-mercancia-en-acatzingo\/","title":{"rendered":"Civiles armados roban camioneta cargada con mercanc\u00eda en Acatzingo"},"content":{"rendered":"<p>Acatzingo, Pue.-Minutos despu\u00e9s de las 7:30 de la ma\u00f1ana de este mi\u00e9rcoles tres civiles armados de entre 25 a 30 a\u00f1os de edad con lujo de violencia robaron una camioneta Chevrolet Silverado modelo 2002, con batea larga y placas de circulaci\u00f3n HJ-53-125 del estado de Puebla.<\/p>\n<p>El hecho se registr\u00f3 en la localidad de Nicol\u00e1s Bravo y se suma a los robos registrados en la zona, donde apenas en la localidad de Actipan de Morelos fue robada durante la noche una camioneta Nissan modelo 2015 con placas de circulaci\u00f3n XB-18-919 por civiles armados.<\/p>\n<p>Cabe se\u00f1alar que el municipio de Acatzingo contabiliza 92 robos de veh\u00edculos y a transportistas seg\u00fan cifras del Secretariado Ejecutivo del Sistema Nacional de Seguridad P\u00fablica (Sesnsp).<\/p>\n","protected":false},"excerpt":{"rendered":"<p>Acatzingo, Pue.-Minutos despu\u00e9s de las 7:30 de la ma\u00f1ana de este mi\u00e9rcoles tres civiles armados de entre 25 a 30 a\u00f1os de edad con lujo de violencia robaron una camioneta Chevrolet Silverado modelo 2002, con batea larga y placas de circulaci\u00f3n HJ-53-125 del estado de Puebla. El hecho se registr\u00f3 en la localidad de Nicol\u00e1s&#8230;<\/p>\n","protected":false},"author":15,"featured_media":16328,"comment_status":"open","ping_status":"open","sticky":false,"template":"","format":"standard","meta":[],"categories":[20],"tags":[49],"yoast_head":"<!-- This site is optimized with the Yoast SEO plugin v20.8 - https:\/\/yoast.com\/wordpress\/plugins\/seo\/ -->\n<title>Civiles armados roban camioneta cargada con mercanc\u00eda en Acatzingo - The Puebla Times<\/title>\n<meta name=\"robots\" content=\"index, follow, max-snippet:-1, max-image-preview:large, max-video-preview:-1\" \/>\n<link rel=\"canonical\" href=\"https:\/\/thepueblatimes.mx\/index.php\/2021\/10\/20\/civiles-armados-roban-camioneta-cargada-con-mercancia-en-acatzingo\/\" \/>\n<meta property=\"og:locale\" content=\"es_ES\" \/>\n<meta property=\"og:type\" content=\"article\" \/>\n<meta property=\"og:title\" content=\"Civiles armados roban camioneta cargada con mercanc\u00eda en Acatzingo - The Puebla Times\" \/>\n<meta property=\"og:description\" content=\"Acatzingo, Pue.-Minutos despu\u00e9s de las 7:30 de la ma\u00f1ana de este mi\u00e9rcoles tres civiles armados de entre 25 a 30 a\u00f1os de edad con lujo de violencia robaron una camioneta Chevrolet Silverado modelo 2002, con batea larga y placas de circulaci\u00f3n HJ-53-125 del estado de Puebla. El hecho se registr\u00f3 en la localidad de Nicol\u00e1s...\" \/>\n<meta property=\"og:url\" content=\"https:\/\/thepueblatimes.mx\/index.php\/2021\/10\/20\/civiles-armados-roban-camioneta-cargada-con-mercancia-en-acatzingo\/\" \/>\n<meta property=\"og:site_name\" content=\"The Puebla Times\" \/>\n<meta property=\"article:published_time\" content=\"2021-10-21T04:10:49+00:00\" \/>\n<meta property=\"og:image\" content=\"https:\/\/thepueblatimes.mx\/wp-content\/uploads\/2021\/10\/6F97B646-92DF-478B-A7AC-A964BCF460C7.jpeg\" \/>\n\t<meta property=\"og:image:width\" content=\"828\" \/>\n\t<meta property=\"og:image:height\" content=\"419\" \/>\n\t<meta property=\"og:image:type\" content=\"image\/jpeg\" \/>\n<meta name=\"author\" content=\"Francisco S\u00e1nchez Nolasco\" \/>\n<meta name=\"twitter:card\" content=\"summary_large_image\" \/>\n<meta name=\"twitter:label1\" content=\"Escrito por\" \/>\n\t<meta name=\"twitter:data1\" content=\"Francisco S\u00e1nchez Nolasco\" \/>\n\t<meta name=\"twitter:label2\" content=\"Tiempo de lectura\" \/>\n\t<meta name=\"twitter:data2\" content=\"1 minuto\" \/>\n<script type=\"application\/ld+json\" class=\"yoast-schema-graph\">{\"@context\":\"https:\/\/schema.org\",\"@graph\":[{\"@type\":\"WebPage\",\"@id\":\"https:\/\/thepueblatimes.mx\/index.php\/2021\/10\/20\/civiles-armados-roban-camioneta-cargada-con-mercancia-en-acatzingo\/\",\"url\":\"https:\/\/thepueblatimes.mx\/index.php\/2021\/10\/20\/civiles-armados-roban-camioneta-cargada-con-mercancia-en-acatzingo\/\",\"name\":\"Civiles armados roban camioneta cargada con mercanc\u00eda en Acatzingo - The Puebla Times\",\"isPartOf\":{\"@id\":\"https:\/\/thepueblatimes.mx\/#website\"},\"datePublished\":\"2021-10-21T04:10:49+00:00\",\"dateModified\":\"2021-10-21T04:10:49+00:00\",\"author\":{\"@id\":\"https:\/\/thepueblatimes.mx\/#\/schema\/person\/7bdf2adbc50078b104bba72b5612f774\"},\"breadcrumb\":{\"@id\":\"https:\/\/thepueblatimes.mx\/index.php\/2021\/10\/20\/civiles-armados-roban-camioneta-cargada-con-mercancia-en-acatzingo\/#breadcrumb\"},\"inLanguage\":\"es\",\"potentialAction\":[{\"@type\":\"ReadAction\",\"target\":[\"https:\/\/thepueblatimes.mx\/index.php\/2021\/10\/20\/civiles-armados-roban-camioneta-cargada-con-mercancia-en-acatzingo\/\"]}]},{\"@type\":\"BreadcrumbList\",\"@id\":\"https:\/\/thepueblatimes.mx\/index.php\/2021\/10\/20\/civiles-armados-roban-camioneta-cargada-con-mercancia-en-acatzingo\/#breadcrumb\",\"itemListElement\":[{\"@type\":\"ListItem\",\"position\":1,\"name\":\"Portada\",\"item\":\"https:\/\/thepueblatimes.mx\/\"},{\"@type\":\"ListItem\",\"position\":2,\"name\":\"Civiles armados roban camioneta cargada con mercanc\u00eda en Acatzingo\"}]},{\"@type\":\"WebSite\",\"@id\":\"https:\/\/thepueblatimes.mx\/#website\",\"url\":\"https:\/\/thepueblatimes.mx\/\",\"name\":\"The Puebla Times\",\"description\":\"Noticias del Estado de Puebla\",\"potentialAction\":[{\"@type\":\"SearchAction\",\"target\":{\"@type\":\"EntryPoint\",\"urlTemplate\":\"https:\/\/thepueblatimes.mx\/?s={search_term_string}\"},\"query-input\":\"required name=search_term_string\"}],\"inLanguage\":\"es\"},{\"@type\":\"Person\",\"@id\":\"https:\/\/thepueblatimes.mx\/#\/schema\/person\/7bdf2adbc50078b104bba72b5612f774\",\"name\":\"Francisco S\u00e1nchez Nolasco\",\"image\":{\"@type\":\"ImageObject\",\"inLanguage\":\"es\",\"@id\":\"https:\/\/thepueblatimes.mx\/#\/schema\/person\/image\/\",\"url\":\"https:\/\/secure.gravatar.com\/avatar\/6061d7d20b38bc2742a5218401b198d2?s=96&d=mm&r=g\",\"contentUrl\":\"https:\/\/secure.gravatar.com\/avatar\/6061d7d20b38bc2742a5218401b198d2?s=96&d=mm&r=g\",\"caption\":\"Francisco S\u00e1nchez Nolasco\"},\"url\":\"https:\/\/thepueblatimes.mx\/index.php\/author\/marianitha-reyes\/\"}]}<\/script>\n<!-- \/ Yoast SEO plugin. -->","yoast_head_json":{"title":"Civiles armados roban camioneta cargada con mercanc\u00eda en Acatzingo - The Puebla Times","robots":{"index":"index","follow":"follow","max-snippet":"max-snippet:-1","max-image-preview":"max-image-preview:large","max-video-preview":"max-video-preview:-1"},"canonical":"https:\/\/thepueblatimes.mx\/index.php\/2021\/10\/20\/civiles-armados-roban-camioneta-cargada-con-mercancia-en-acatzingo\/","og_locale":"es_ES","og_type":"article","og_title":"Civiles armados roban camioneta cargada con mercanc\u00eda en Acatzingo - The Puebla Times","og_description":"Acatzingo, Pue.-Minutos despu\u00e9s de las 7:30 de la ma\u00f1ana de este mi\u00e9rcoles tres civiles armados de entre 25 a 30 a\u00f1os de edad con lujo de violencia robaron una camioneta Chevrolet Silverado modelo 2002, con batea larga y placas de circulaci\u00f3n HJ-53-125 del estado de Puebla. El hecho se registr\u00f3 en la localidad de Nicol\u00e1s...","og_url":"https:\/\/thepueblatimes.mx\/index.php\/2021\/10\/20\/civiles-armados-roban-camioneta-cargada-con-mercancia-en-acatzingo\/","og_site_name":"The Puebla Times","article_published_time":"2021-10-21T04:10:49+00:00","og_image":[{"width":828,"height":419,"url":"https:\/\/thepueblatimes.mx\/wp-content\/uploads\/2021\/10\/6F97B646-92DF-478B-A7AC-A964BCF460C7.jpeg","type":"image\/jpeg"}],"author":"Francisco S\u00e1nchez Nolasco","twitter_card":"summary_large_image","twitter_misc":{"Escrito por":"Francisco S\u00e1nchez Nolasco","Tiempo de lectura":"1 minuto"},"schema":{"@context":"https:\/\/schema.org","@graph":[{"@type":"WebPage","@id":"https:\/\/thepueblatimes.mx\/index.php\/2021\/10\/20\/civiles-armados-roban-camioneta-cargada-con-mercancia-en-acatzingo\/","url":"https:\/\/thepueblatimes.mx\/index.php\/2021\/10\/20\/civiles-armados-roban-camioneta-cargada-con-mercancia-en-acatzingo\/","name":"Civiles armados roban camioneta cargada con mercanc\u00eda en Acatzingo - The Puebla Times","isPartOf":{"@id":"https:\/\/thepueblatimes.mx\/#website"},"datePublished":"2021-10-21T04:10:49+00:00","dateModified":"2021-10-21T04:10:49+00:00","author":{"@id":"https:\/\/thepueblatimes.mx\/#\/schema\/person\/7bdf2adbc50078b104bba72b5612f774"},"breadcrumb":{"@id":"https:\/\/thepueblatimes.mx\/index.php\/2021\/10\/20\/civiles-armados-roban-camioneta-cargada-con-mercancia-en-acatzingo\/#breadcrumb"},"inLanguage":"es","potentialAction":[{"@type":"ReadAction","target":["https:\/\/thepueblatimes.mx\/index.php\/2021\/10\/20\/civiles-armados-roban-camioneta-cargada-con-mercancia-en-acatzingo\/"]}]},{"@type":"BreadcrumbList","@id":"https:\/\/thepueblatimes.mx\/index.php\/2021\/10\/20\/civiles-armados-roban-camioneta-cargada-con-mercancia-en-acatzingo\/#breadcrumb","itemListElement":[{"@type":"ListItem","position":1,"name":"Portada","item":"https:\/\/thepueblatimes.mx\/"},{"@type":"ListItem","position":2,"name":"Civiles armados roban camioneta cargada con mercanc\u00eda en Acatzingo"}]},{"@type":"WebSite","@id":"https:\/\/thepueblatimes.mx\/#website","url":"https:\/\/thepueblatimes.mx\/","name":"The Puebla Times","description":"Noticias del Estado de Puebla","potentialAction":[{"@type":"SearchAction","target":{"@type":"EntryPoint","urlTemplate":"https:\/\/thepueblatimes.mx\/?s={search_term_string}"},"query-input":"required name=search_term_string"}],"inLanguage":"es"},{"@type":"Person","@id":"https:\/\/thepueblatimes.mx\/#\/schema\/person\/7bdf2adbc50078b104bba72b5612f774","name":"Francisco S\u00e1nchez Nolasco","image":{"@type":"ImageObject","inLanguage":"es","@id":"https:\/\/thepueblatimes.mx\/#\/schema\/person\/image\/","url":"https:\/\/secure.gravatar.com\/avatar\/6061d7d20b38bc2742a5218401b198d2?s=96&d=mm&r=g","contentUrl":"https:\/\/secure.gravatar.com\/avatar\/6061d7d20b38bc2742a5218401b198d2?s=96&d=mm&r=g","caption":"Francisco S\u00e1nchez Nolasco"},"url":"https:\/\/thepueblatimes.mx\/index.php\/author\/marianitha-reyes\/"}]}},"jetpack_featured_media_url":"https:\/\/thepueblatimes.mx\/wp-content\/uploads\/2021\/10\/6F97B646-92DF-478B-A7AC-A964BCF460C7.jpeg","_links":{"self":[{"href":"https:\/\/thepueblatimes.mx\/index.php\/wp-json\/wp\/v2\/posts\/16327"}],"collection":[{"href":"https:\/\/thepueblatimes.mx\/index.php\/wp-json\/wp\/v2\/posts"}],"about":[{"href":"https:\/\/thepueblatimes.mx\/index.php\/wp-json\/wp\/v2\/types\/post"}],"author":[{"embeddable":true,"href":"https:\/\/thepueblatimes.mx\/index.php\/wp-json\/wp\/v2\/users\/15"}],"replies":[{"embeddable":true,"href":"https:\/\/thepueblatimes.mx\/index.php\/wp-json\/wp\/v2\/comments?post=16327"}],"version-history":[{"count":1,"href":"https:\/\/thepueblatimes.mx\/index.php\/wp-json\/wp\/v2\/posts\/16327\/revisions"}],"predecessor-version":[{"id":16329,"href":"https:\/\/thepueblatimes.mx\/index.php\/wp-json\/wp\/v2\/posts\/16327\/revisions\/16329"}],"wp:featuredmedia":[{"embeddable":true,"href":"https:\/\/thepueblatimes.mx\/index.php\/wp-json\/wp\/v2\/media\/16328"}],"wp:attachment":[{"href":"https:\/\/thepueblatimes.mx\/index.php\/wp-json\/wp\/v2\/media?parent=16327"}],"wp:term":[{"taxonomy":"category","embeddable":true,"href":"https:\/\/thepueblatimes.mx\/index.php\/wp-json\/wp\/v2\/categories?post=16327"},{"taxonomy":"post_tag","embeddable":true,"href":"https:\/\/thepueblatimes.mx\/index.php\/wp-json\/wp\/v2\/tags?post=16327"}],"curies":[{"name":"wp","href":"https:\/\/api.w.org\/{rel}","templated":true}]}}