{"id":16323,"date":"2021-10-20T23:07:40","date_gmt":"2021-10-21T04:07:40","guid":{"rendered":"https:\/\/thepueblatimes.mx\/?p=16323"},"modified":"2021-10-20T23:07:40","modified_gmt":"2021-10-21T04:07:40","slug":"hallan-cadaver-de-mujer-en-barranca-de-la-via-corta-a-puebla","status":"publish","type":"post","link":"https:\/\/thepueblatimes.mx\/index.php\/2021\/10\/20\/hallan-cadaver-de-mujer-en-barranca-de-la-via-corta-a-puebla\/","title":{"rendered":"Hallan cad\u00e1ver de mujer en barranca de la v\u00eda corta a Puebla"},"content":{"rendered":"<p><strong>Durante la tarde de este mi\u00e9rcoles, al fondo de una barranca en el municipio de Acuamanala de Miguel Hidalgo Tlaxcala<\/strong>, fue hallado el cad\u00e1ver de una mujer.<\/p>\n<p>Los hechos se dieron a un costado de la <strong>carretera v\u00eda corta Puebla, con direcci\u00f3n a Chiautempan<\/strong> en el kil\u00f3metro 18.<\/p>\n<p>La zona del hallazgo ya era resguardada por personal de la Guardia Nacional, quien notific\u00f3 a la polic\u00eda municipal de esa demarcaci\u00f3n.<\/p>\n<p>Hasta el momento el cuerpo se encuentra en calidad de desconocido y se presume que presenta huellas de violencia.<\/p>\n<p><strong>El cuerpo estaba bajo hojas de los \u00e1rboles que se ubican al fondo del barranco y fue descubierto por vecinos que pastoreaban su ganado en la zona.<\/strong><\/p>\n","protected":false},"excerpt":{"rendered":"<p>Durante la tarde de este mi\u00e9rcoles, al fondo de una barranca en el municipio de Acuamanala de Miguel Hidalgo Tlaxcala, fue hallado el cad\u00e1ver de una mujer. Los hechos se dieron a un costado de la carretera v\u00eda corta Puebla, con direcci\u00f3n a Chiautempan en el kil\u00f3metro 18. La zona del hallazgo ya era resguardada&#8230;<\/p>\n","protected":false},"author":15,"featured_media":16325,"comment_status":"open","ping_status":"open","sticky":false,"template":"","format":"standard","meta":[],"categories":[20],"tags":[49],"yoast_head":"<!-- This site is optimized with the Yoast SEO plugin v20.8 - https:\/\/yoast.com\/wordpress\/plugins\/seo\/ -->\n<title>Hallan cad\u00e1ver de mujer en barranca de la v\u00eda corta a Puebla - The Puebla Times<\/title>\n<meta name=\"robots\" content=\"index, follow, max-snippet:-1, max-image-preview:large, max-video-preview:-1\" \/>\n<link rel=\"canonical\" href=\"https:\/\/thepueblatimes.mx\/index.php\/2021\/10\/20\/hallan-cadaver-de-mujer-en-barranca-de-la-via-corta-a-puebla\/\" \/>\n<meta property=\"og:locale\" content=\"es_ES\" \/>\n<meta property=\"og:type\" content=\"article\" \/>\n<meta property=\"og:title\" content=\"Hallan cad\u00e1ver de mujer en barranca de la v\u00eda corta a Puebla - The Puebla Times\" \/>\n<meta property=\"og:description\" content=\"Durante la tarde de este mi\u00e9rcoles, al fondo de una barranca en el municipio de Acuamanala de Miguel Hidalgo Tlaxcala, fue hallado el cad\u00e1ver de una mujer. Los hechos se dieron a un costado de la carretera v\u00eda corta Puebla, con direcci\u00f3n a Chiautempan en el kil\u00f3metro 18. La zona del hallazgo ya era resguardada...\" \/>\n<meta property=\"og:url\" content=\"https:\/\/thepueblatimes.mx\/index.php\/2021\/10\/20\/hallan-cadaver-de-mujer-en-barranca-de-la-via-corta-a-puebla\/\" \/>\n<meta property=\"og:site_name\" content=\"The Puebla Times\" \/>\n<meta property=\"article:published_time\" content=\"2021-10-21T04:07:40+00:00\" \/>\n<meta property=\"og:image\" content=\"https:\/\/thepueblatimes.mx\/wp-content\/uploads\/2021\/10\/D5C37DC5-F16C-47B8-9C81-5C9D775105A7.jpeg\" \/>\n\t<meta property=\"og:image:width\" content=\"650\" \/>\n\t<meta property=\"og:image:height\" content=\"411\" \/>\n\t<meta property=\"og:image:type\" content=\"image\/jpeg\" \/>\n<meta name=\"author\" content=\"Francisco S\u00e1nchez Nolasco\" \/>\n<meta name=\"twitter:card\" content=\"summary_large_image\" \/>\n<meta name=\"twitter:label1\" content=\"Escrito por\" \/>\n\t<meta name=\"twitter:data1\" content=\"Francisco S\u00e1nchez Nolasco\" \/>\n\t<meta name=\"twitter:label2\" content=\"Tiempo de lectura\" \/>\n\t<meta name=\"twitter:data2\" content=\"1 minuto\" \/>\n<script type=\"application\/ld+json\" class=\"yoast-schema-graph\">{\"@context\":\"https:\/\/schema.org\",\"@graph\":[{\"@type\":\"WebPage\",\"@id\":\"https:\/\/thepueblatimes.mx\/index.php\/2021\/10\/20\/hallan-cadaver-de-mujer-en-barranca-de-la-via-corta-a-puebla\/\",\"url\":\"https:\/\/thepueblatimes.mx\/index.php\/2021\/10\/20\/hallan-cadaver-de-mujer-en-barranca-de-la-via-corta-a-puebla\/\",\"name\":\"Hallan cad\u00e1ver de mujer en barranca de la v\u00eda corta a Puebla - The Puebla Times\",\"isPartOf\":{\"@id\":\"https:\/\/thepueblatimes.mx\/#website\"},\"datePublished\":\"2021-10-21T04:07:40+00:00\",\"dateModified\":\"2021-10-21T04:07:40+00:00\",\"author\":{\"@id\":\"https:\/\/thepueblatimes.mx\/#\/schema\/person\/7bdf2adbc50078b104bba72b5612f774\"},\"breadcrumb\":{\"@id\":\"https:\/\/thepueblatimes.mx\/index.php\/2021\/10\/20\/hallan-cadaver-de-mujer-en-barranca-de-la-via-corta-a-puebla\/#breadcrumb\"},\"inLanguage\":\"es\",\"potentialAction\":[{\"@type\":\"ReadAction\",\"target\":[\"https:\/\/thepueblatimes.mx\/index.php\/2021\/10\/20\/hallan-cadaver-de-mujer-en-barranca-de-la-via-corta-a-puebla\/\"]}]},{\"@type\":\"BreadcrumbList\",\"@id\":\"https:\/\/thepueblatimes.mx\/index.php\/2021\/10\/20\/hallan-cadaver-de-mujer-en-barranca-de-la-via-corta-a-puebla\/#breadcrumb\",\"itemListElement\":[{\"@type\":\"ListItem\",\"position\":1,\"name\":\"Portada\",\"item\":\"https:\/\/thepueblatimes.mx\/\"},{\"@type\":\"ListItem\",\"position\":2,\"name\":\"Hallan cad\u00e1ver de mujer en barranca de la v\u00eda corta a Puebla\"}]},{\"@type\":\"WebSite\",\"@id\":\"https:\/\/thepueblatimes.mx\/#website\",\"url\":\"https:\/\/thepueblatimes.mx\/\",\"name\":\"The Puebla Times\",\"description\":\"Noticias del Estado de Puebla\",\"potentialAction\":[{\"@type\":\"SearchAction\",\"target\":{\"@type\":\"EntryPoint\",\"urlTemplate\":\"https:\/\/thepueblatimes.mx\/?s={search_term_string}\"},\"query-input\":\"required name=search_term_string\"}],\"inLanguage\":\"es\"},{\"@type\":\"Person\",\"@id\":\"https:\/\/thepueblatimes.mx\/#\/schema\/person\/7bdf2adbc50078b104bba72b5612f774\",\"name\":\"Francisco S\u00e1nchez Nolasco\",\"image\":{\"@type\":\"ImageObject\",\"inLanguage\":\"es\",\"@id\":\"https:\/\/thepueblatimes.mx\/#\/schema\/person\/image\/\",\"url\":\"https:\/\/secure.gravatar.com\/avatar\/6061d7d20b38bc2742a5218401b198d2?s=96&d=mm&r=g\",\"contentUrl\":\"https:\/\/secure.gravatar.com\/avatar\/6061d7d20b38bc2742a5218401b198d2?s=96&d=mm&r=g\",\"caption\":\"Francisco S\u00e1nchez Nolasco\"},\"url\":\"https:\/\/thepueblatimes.mx\/index.php\/author\/marianitha-reyes\/\"}]}<\/script>\n<!-- \/ Yoast SEO plugin. -->","yoast_head_json":{"title":"Hallan cad\u00e1ver de mujer en barranca de la v\u00eda corta a Puebla - The Puebla Times","robots":{"index":"index","follow":"follow","max-snippet":"max-snippet:-1","max-image-preview":"max-image-preview:large","max-video-preview":"max-video-preview:-1"},"canonical":"https:\/\/thepueblatimes.mx\/index.php\/2021\/10\/20\/hallan-cadaver-de-mujer-en-barranca-de-la-via-corta-a-puebla\/","og_locale":"es_ES","og_type":"article","og_title":"Hallan cad\u00e1ver de mujer en barranca de la v\u00eda corta a Puebla - The Puebla Times","og_description":"Durante la tarde de este mi\u00e9rcoles, al fondo de una barranca en el municipio de Acuamanala de Miguel Hidalgo Tlaxcala, fue hallado el cad\u00e1ver de una mujer. Los hechos se dieron a un costado de la carretera v\u00eda corta Puebla, con direcci\u00f3n a Chiautempan en el kil\u00f3metro 18. La zona del hallazgo ya era resguardada...","og_url":"https:\/\/thepueblatimes.mx\/index.php\/2021\/10\/20\/hallan-cadaver-de-mujer-en-barranca-de-la-via-corta-a-puebla\/","og_site_name":"The Puebla Times","article_published_time":"2021-10-21T04:07:40+00:00","og_image":[{"width":650,"height":411,"url":"https:\/\/thepueblatimes.mx\/wp-content\/uploads\/2021\/10\/D5C37DC5-F16C-47B8-9C81-5C9D775105A7.jpeg","type":"image\/jpeg"}],"author":"Francisco S\u00e1nchez Nolasco","twitter_card":"summary_large_image","twitter_misc":{"Escrito por":"Francisco S\u00e1nchez Nolasco","Tiempo de lectura":"1 minuto"},"schema":{"@context":"https:\/\/schema.org","@graph":[{"@type":"WebPage","@id":"https:\/\/thepueblatimes.mx\/index.php\/2021\/10\/20\/hallan-cadaver-de-mujer-en-barranca-de-la-via-corta-a-puebla\/","url":"https:\/\/thepueblatimes.mx\/index.php\/2021\/10\/20\/hallan-cadaver-de-mujer-en-barranca-de-la-via-corta-a-puebla\/","name":"Hallan cad\u00e1ver de mujer en barranca de la v\u00eda corta a Puebla - The Puebla Times","isPartOf":{"@id":"https:\/\/thepueblatimes.mx\/#website"},"datePublished":"2021-10-21T04:07:40+00:00","dateModified":"2021-10-21T04:07:40+00:00","author":{"@id":"https:\/\/thepueblatimes.mx\/#\/schema\/person\/7bdf2adbc50078b104bba72b5612f774"},"breadcrumb":{"@id":"https:\/\/thepueblatimes.mx\/index.php\/2021\/10\/20\/hallan-cadaver-de-mujer-en-barranca-de-la-via-corta-a-puebla\/#breadcrumb"},"inLanguage":"es","potentialAction":[{"@type":"ReadAction","target":["https:\/\/thepueblatimes.mx\/index.php\/2021\/10\/20\/hallan-cadaver-de-mujer-en-barranca-de-la-via-corta-a-puebla\/"]}]},{"@type":"BreadcrumbList","@id":"https:\/\/thepueblatimes.mx\/index.php\/2021\/10\/20\/hallan-cadaver-de-mujer-en-barranca-de-la-via-corta-a-puebla\/#breadcrumb","itemListElement":[{"@type":"ListItem","position":1,"name":"Portada","item":"https:\/\/thepueblatimes.mx\/"},{"@type":"ListItem","position":2,"name":"Hallan cad\u00e1ver de mujer en barranca de la v\u00eda corta a Puebla"}]},{"@type":"WebSite","@id":"https:\/\/thepueblatimes.mx\/#website","url":"https:\/\/thepueblatimes.mx\/","name":"The Puebla Times","description":"Noticias del Estado de Puebla","potentialAction":[{"@type":"SearchAction","target":{"@type":"EntryPoint","urlTemplate":"https:\/\/thepueblatimes.mx\/?s={search_term_string}"},"query-input":"required name=search_term_string"}],"inLanguage":"es"},{"@type":"Person","@id":"https:\/\/thepueblatimes.mx\/#\/schema\/person\/7bdf2adbc50078b104bba72b5612f774","name":"Francisco S\u00e1nchez Nolasco","image":{"@type":"ImageObject","inLanguage":"es","@id":"https:\/\/thepueblatimes.mx\/#\/schema\/person\/image\/","url":"https:\/\/secure.gravatar.com\/avatar\/6061d7d20b38bc2742a5218401b198d2?s=96&d=mm&r=g","contentUrl":"https:\/\/secure.gravatar.com\/avatar\/6061d7d20b38bc2742a5218401b198d2?s=96&d=mm&r=g","caption":"Francisco S\u00e1nchez Nolasco"},"url":"https:\/\/thepueblatimes.mx\/index.php\/author\/marianitha-reyes\/"}]}},"jetpack_featured_media_url":"https:\/\/thepueblatimes.mx\/wp-content\/uploads\/2021\/10\/D5C37DC5-F16C-47B8-9C81-5C9D775105A7.jpeg","_links":{"self":[{"href":"https:\/\/thepueblatimes.mx\/index.php\/wp-json\/wp\/v2\/posts\/16323"}],"collection":[{"href":"https:\/\/thepueblatimes.mx\/index.php\/wp-json\/wp\/v2\/posts"}],"about":[{"href":"https:\/\/thepueblatimes.mx\/index.php\/wp-json\/wp\/v2\/types\/post"}],"author":[{"embeddable":true,"href":"https:\/\/thepueblatimes.mx\/index.php\/wp-json\/wp\/v2\/users\/15"}],"replies":[{"embeddable":true,"href":"https:\/\/thepueblatimes.mx\/index.php\/wp-json\/wp\/v2\/comments?post=16323"}],"version-history":[{"count":1,"href":"https:\/\/thepueblatimes.mx\/index.php\/wp-json\/wp\/v2\/posts\/16323\/revisions"}],"predecessor-version":[{"id":16326,"href":"https:\/\/thepueblatimes.mx\/index.php\/wp-json\/wp\/v2\/posts\/16323\/revisions\/16326"}],"wp:featuredmedia":[{"embeddable":true,"href":"https:\/\/thepueblatimes.mx\/index.php\/wp-json\/wp\/v2\/media\/16325"}],"wp:attachment":[{"href":"https:\/\/thepueblatimes.mx\/index.php\/wp-json\/wp\/v2\/media?parent=16323"}],"wp:term":[{"taxonomy":"category","embeddable":true,"href":"https:\/\/thepueblatimes.mx\/index.php\/wp-json\/wp\/v2\/categories?post=16323"},{"taxonomy":"post_tag","embeddable":true,"href":"https:\/\/thepueblatimes.mx\/index.php\/wp-json\/wp\/v2\/tags?post=16323"}],"curies":[{"name":"wp","href":"https:\/\/api.w.org\/{rel}","templated":true}]}}