{"id":16320,"date":"2021-10-20T23:04:11","date_gmt":"2021-10-21T04:04:11","guid":{"rendered":"https:\/\/thepueblatimes.mx\/?p=16320"},"modified":"2021-10-20T23:04:11","modified_gmt":"2021-10-21T04:04:11","slug":"tras-persecucion-en-tepanco-detienen-camioneta-que-trasportada-a-50-indocumentados","status":"publish","type":"post","link":"https:\/\/thepueblatimes.mx\/index.php\/2021\/10\/20\/tras-persecucion-en-tepanco-detienen-camioneta-que-trasportada-a-50-indocumentados\/","title":{"rendered":"Tras persecuci\u00f3n en Tepanco detienen camioneta que trasportada a 50 indocumentados"},"content":{"rendered":"<p>Tepanco de L\u00f3pez, Pue.-Tras una persecuci\u00f3n por parte de efectivos de la <strong>Polic\u00eda Municipal de Tepanco<\/strong> de L\u00f3pez a una camioneta de redilas, <strong>se logr\u00f3 asegurar al conductor, quien trasportaba alrededor\u00a0de 50 personas indocumentadas de Nicaragua y El Salvador<\/strong>.<\/p>\n<p>Los hechos ocurrieron alrededor de las 21:00 horas del pasado martes, durante un recorrido de seguridad y vigilancia que realizaba la Polic\u00eda Municipal sobre la carretera Inter Mixteca a la altura del crucero de San Bartolo Teontepec, cuando visualizaron al conductor de una camioneta RAM color blanco con actitud sospechosa, por lo que le marcaron el alto, sin embargo, hiso caso omiso, lo que provoc\u00f3 que se iniciara una persecuci\u00f3n.<\/p>\n<p>Finalmente, los uniformados lograron la detenci\u00f3n del sujeto que conduc\u00eda esta camioneta, por lo que al realizar una revisi\u00f3n hallaron que en la carrocer\u00eda viajaban 50 personas, entre mujeres, ni\u00f1os y hombres procedentes de El Salvador y Nicaragua, los cuales buscaban llegar a los Estados Unidos.<\/p>\n<p><strong>Los elementos polic\u00edacos trasladaron al detenido a los separos de Seguridad P\u00fablica de Tepanco de L\u00f3pez,<\/strong> mientras que a las personas indocumentadas fueron enviadas al auditorio municipal, en donde se les brind\u00f3 atenci\u00f3n m\u00e9dica por parte de T\u00e9cnicos en Urgencias M\u00e9dicas de Cruz Roja, as\u00ed como alimentos y asistencia para su higiene personal.<\/p>\n<p>Se inform\u00f3 que fue este mi\u00e9rcoles que estos migrantes fueron puestas a disposici\u00f3n del Instituto\u00a0de Migraci\u00f3n del estado de Puebla, que se encargaran de los tr\u00e1mites de repatriaci\u00f3n a su pa\u00eds de origen, en tanto el chofer de la camioneta fue presentado ante las autoridades competentes.<\/p>\n","protected":false},"excerpt":{"rendered":"<p>Tepanco de L\u00f3pez, Pue.-Tras una persecuci\u00f3n por parte de efectivos de la Polic\u00eda Municipal de Tepanco de L\u00f3pez a una camioneta de redilas, se logr\u00f3 asegurar al conductor, quien trasportaba alrededor\u00a0de 50 personas indocumentadas de Nicaragua y El Salvador. Los hechos ocurrieron alrededor de las 21:00 horas del pasado martes, durante un recorrido de seguridad&#8230;<\/p>\n","protected":false},"author":15,"featured_media":16321,"comment_status":"open","ping_status":"open","sticky":false,"template":"","format":"standard","meta":[],"categories":[20],"tags":[49],"yoast_head":"<!-- This site is optimized with the Yoast SEO plugin v20.8 - https:\/\/yoast.com\/wordpress\/plugins\/seo\/ -->\n<title>Tras persecuci\u00f3n en Tepanco detienen camioneta que trasportada a 50 indocumentados - The Puebla Times<\/title>\n<meta name=\"robots\" content=\"index, follow, max-snippet:-1, max-image-preview:large, max-video-preview:-1\" \/>\n<link rel=\"canonical\" href=\"https:\/\/thepueblatimes.mx\/index.php\/2021\/10\/20\/tras-persecucion-en-tepanco-detienen-camioneta-que-trasportada-a-50-indocumentados\/\" \/>\n<meta property=\"og:locale\" content=\"es_ES\" \/>\n<meta property=\"og:type\" content=\"article\" \/>\n<meta property=\"og:title\" content=\"Tras persecuci\u00f3n en Tepanco detienen camioneta que trasportada a 50 indocumentados - The Puebla Times\" \/>\n<meta property=\"og:description\" content=\"Tepanco de L\u00f3pez, Pue.-Tras una persecuci\u00f3n por parte de efectivos de la Polic\u00eda Municipal de Tepanco de L\u00f3pez a una camioneta de redilas, se logr\u00f3 asegurar al conductor, quien trasportaba alrededor\u00a0de 50 personas indocumentadas de Nicaragua y El Salvador. Los hechos ocurrieron alrededor de las 21:00 horas del pasado martes, durante un recorrido de seguridad...\" \/>\n<meta property=\"og:url\" content=\"https:\/\/thepueblatimes.mx\/index.php\/2021\/10\/20\/tras-persecucion-en-tepanco-detienen-camioneta-que-trasportada-a-50-indocumentados\/\" \/>\n<meta property=\"og:site_name\" content=\"The Puebla Times\" \/>\n<meta property=\"article:published_time\" content=\"2021-10-21T04:04:11+00:00\" \/>\n<meta property=\"og:image\" content=\"https:\/\/thepueblatimes.mx\/wp-content\/uploads\/2021\/10\/039920CF-7100-4D0F-A253-5B0B35F65D6A.jpeg\" \/>\n\t<meta property=\"og:image:width\" content=\"635\" \/>\n\t<meta property=\"og:image:height\" content=\"353\" \/>\n\t<meta property=\"og:image:type\" content=\"image\/jpeg\" \/>\n<meta name=\"author\" content=\"Francisco S\u00e1nchez Nolasco\" \/>\n<meta name=\"twitter:card\" content=\"summary_large_image\" \/>\n<meta name=\"twitter:label1\" content=\"Escrito por\" \/>\n\t<meta name=\"twitter:data1\" content=\"Francisco S\u00e1nchez Nolasco\" \/>\n\t<meta name=\"twitter:label2\" content=\"Tiempo de lectura\" \/>\n\t<meta name=\"twitter:data2\" content=\"1 minuto\" \/>\n<script type=\"application\/ld+json\" class=\"yoast-schema-graph\">{\"@context\":\"https:\/\/schema.org\",\"@graph\":[{\"@type\":\"WebPage\",\"@id\":\"https:\/\/thepueblatimes.mx\/index.php\/2021\/10\/20\/tras-persecucion-en-tepanco-detienen-camioneta-que-trasportada-a-50-indocumentados\/\",\"url\":\"https:\/\/thepueblatimes.mx\/index.php\/2021\/10\/20\/tras-persecucion-en-tepanco-detienen-camioneta-que-trasportada-a-50-indocumentados\/\",\"name\":\"Tras persecuci\u00f3n en Tepanco detienen camioneta que trasportada a 50 indocumentados - The Puebla Times\",\"isPartOf\":{\"@id\":\"https:\/\/thepueblatimes.mx\/#website\"},\"datePublished\":\"2021-10-21T04:04:11+00:00\",\"dateModified\":\"2021-10-21T04:04:11+00:00\",\"author\":{\"@id\":\"https:\/\/thepueblatimes.mx\/#\/schema\/person\/7bdf2adbc50078b104bba72b5612f774\"},\"breadcrumb\":{\"@id\":\"https:\/\/thepueblatimes.mx\/index.php\/2021\/10\/20\/tras-persecucion-en-tepanco-detienen-camioneta-que-trasportada-a-50-indocumentados\/#breadcrumb\"},\"inLanguage\":\"es\",\"potentialAction\":[{\"@type\":\"ReadAction\",\"target\":[\"https:\/\/thepueblatimes.mx\/index.php\/2021\/10\/20\/tras-persecucion-en-tepanco-detienen-camioneta-que-trasportada-a-50-indocumentados\/\"]}]},{\"@type\":\"BreadcrumbList\",\"@id\":\"https:\/\/thepueblatimes.mx\/index.php\/2021\/10\/20\/tras-persecucion-en-tepanco-detienen-camioneta-que-trasportada-a-50-indocumentados\/#breadcrumb\",\"itemListElement\":[{\"@type\":\"ListItem\",\"position\":1,\"name\":\"Portada\",\"item\":\"https:\/\/thepueblatimes.mx\/\"},{\"@type\":\"ListItem\",\"position\":2,\"name\":\"Tras persecuci\u00f3n en Tepanco detienen camioneta que trasportada a 50 indocumentados\"}]},{\"@type\":\"WebSite\",\"@id\":\"https:\/\/thepueblatimes.mx\/#website\",\"url\":\"https:\/\/thepueblatimes.mx\/\",\"name\":\"The Puebla Times\",\"description\":\"Noticias del Estado de Puebla\",\"potentialAction\":[{\"@type\":\"SearchAction\",\"target\":{\"@type\":\"EntryPoint\",\"urlTemplate\":\"https:\/\/thepueblatimes.mx\/?s={search_term_string}\"},\"query-input\":\"required name=search_term_string\"}],\"inLanguage\":\"es\"},{\"@type\":\"Person\",\"@id\":\"https:\/\/thepueblatimes.mx\/#\/schema\/person\/7bdf2adbc50078b104bba72b5612f774\",\"name\":\"Francisco S\u00e1nchez Nolasco\",\"image\":{\"@type\":\"ImageObject\",\"inLanguage\":\"es\",\"@id\":\"https:\/\/thepueblatimes.mx\/#\/schema\/person\/image\/\",\"url\":\"https:\/\/secure.gravatar.com\/avatar\/6061d7d20b38bc2742a5218401b198d2?s=96&d=mm&r=g\",\"contentUrl\":\"https:\/\/secure.gravatar.com\/avatar\/6061d7d20b38bc2742a5218401b198d2?s=96&d=mm&r=g\",\"caption\":\"Francisco S\u00e1nchez Nolasco\"},\"url\":\"https:\/\/thepueblatimes.mx\/index.php\/author\/marianitha-reyes\/\"}]}<\/script>\n<!-- \/ Yoast SEO plugin. -->","yoast_head_json":{"title":"Tras persecuci\u00f3n en Tepanco detienen camioneta que trasportada a 50 indocumentados - The Puebla Times","robots":{"index":"index","follow":"follow","max-snippet":"max-snippet:-1","max-image-preview":"max-image-preview:large","max-video-preview":"max-video-preview:-1"},"canonical":"https:\/\/thepueblatimes.mx\/index.php\/2021\/10\/20\/tras-persecucion-en-tepanco-detienen-camioneta-que-trasportada-a-50-indocumentados\/","og_locale":"es_ES","og_type":"article","og_title":"Tras persecuci\u00f3n en Tepanco detienen camioneta que trasportada a 50 indocumentados - The Puebla Times","og_description":"Tepanco de L\u00f3pez, Pue.-Tras una persecuci\u00f3n por parte de efectivos de la Polic\u00eda Municipal de Tepanco de L\u00f3pez a una camioneta de redilas, se logr\u00f3 asegurar al conductor, quien trasportaba alrededor\u00a0de 50 personas indocumentadas de Nicaragua y El Salvador. Los hechos ocurrieron alrededor de las 21:00 horas del pasado martes, durante un recorrido de seguridad...","og_url":"https:\/\/thepueblatimes.mx\/index.php\/2021\/10\/20\/tras-persecucion-en-tepanco-detienen-camioneta-que-trasportada-a-50-indocumentados\/","og_site_name":"The Puebla Times","article_published_time":"2021-10-21T04:04:11+00:00","og_image":[{"width":635,"height":353,"url":"https:\/\/thepueblatimes.mx\/wp-content\/uploads\/2021\/10\/039920CF-7100-4D0F-A253-5B0B35F65D6A.jpeg","type":"image\/jpeg"}],"author":"Francisco S\u00e1nchez Nolasco","twitter_card":"summary_large_image","twitter_misc":{"Escrito por":"Francisco S\u00e1nchez Nolasco","Tiempo de lectura":"1 minuto"},"schema":{"@context":"https:\/\/schema.org","@graph":[{"@type":"WebPage","@id":"https:\/\/thepueblatimes.mx\/index.php\/2021\/10\/20\/tras-persecucion-en-tepanco-detienen-camioneta-que-trasportada-a-50-indocumentados\/","url":"https:\/\/thepueblatimes.mx\/index.php\/2021\/10\/20\/tras-persecucion-en-tepanco-detienen-camioneta-que-trasportada-a-50-indocumentados\/","name":"Tras persecuci\u00f3n en Tepanco detienen camioneta que trasportada a 50 indocumentados - The Puebla Times","isPartOf":{"@id":"https:\/\/thepueblatimes.mx\/#website"},"datePublished":"2021-10-21T04:04:11+00:00","dateModified":"2021-10-21T04:04:11+00:00","author":{"@id":"https:\/\/thepueblatimes.mx\/#\/schema\/person\/7bdf2adbc50078b104bba72b5612f774"},"breadcrumb":{"@id":"https:\/\/thepueblatimes.mx\/index.php\/2021\/10\/20\/tras-persecucion-en-tepanco-detienen-camioneta-que-trasportada-a-50-indocumentados\/#breadcrumb"},"inLanguage":"es","potentialAction":[{"@type":"ReadAction","target":["https:\/\/thepueblatimes.mx\/index.php\/2021\/10\/20\/tras-persecucion-en-tepanco-detienen-camioneta-que-trasportada-a-50-indocumentados\/"]}]},{"@type":"BreadcrumbList","@id":"https:\/\/thepueblatimes.mx\/index.php\/2021\/10\/20\/tras-persecucion-en-tepanco-detienen-camioneta-que-trasportada-a-50-indocumentados\/#breadcrumb","itemListElement":[{"@type":"ListItem","position":1,"name":"Portada","item":"https:\/\/thepueblatimes.mx\/"},{"@type":"ListItem","position":2,"name":"Tras persecuci\u00f3n en Tepanco detienen camioneta que trasportada a 50 indocumentados"}]},{"@type":"WebSite","@id":"https:\/\/thepueblatimes.mx\/#website","url":"https:\/\/thepueblatimes.mx\/","name":"The Puebla Times","description":"Noticias del Estado de Puebla","potentialAction":[{"@type":"SearchAction","target":{"@type":"EntryPoint","urlTemplate":"https:\/\/thepueblatimes.mx\/?s={search_term_string}"},"query-input":"required name=search_term_string"}],"inLanguage":"es"},{"@type":"Person","@id":"https:\/\/thepueblatimes.mx\/#\/schema\/person\/7bdf2adbc50078b104bba72b5612f774","name":"Francisco S\u00e1nchez Nolasco","image":{"@type":"ImageObject","inLanguage":"es","@id":"https:\/\/thepueblatimes.mx\/#\/schema\/person\/image\/","url":"https:\/\/secure.gravatar.com\/avatar\/6061d7d20b38bc2742a5218401b198d2?s=96&d=mm&r=g","contentUrl":"https:\/\/secure.gravatar.com\/avatar\/6061d7d20b38bc2742a5218401b198d2?s=96&d=mm&r=g","caption":"Francisco S\u00e1nchez Nolasco"},"url":"https:\/\/thepueblatimes.mx\/index.php\/author\/marianitha-reyes\/"}]}},"jetpack_featured_media_url":"https:\/\/thepueblatimes.mx\/wp-content\/uploads\/2021\/10\/039920CF-7100-4D0F-A253-5B0B35F65D6A.jpeg","_links":{"self":[{"href":"https:\/\/thepueblatimes.mx\/index.php\/wp-json\/wp\/v2\/posts\/16320"}],"collection":[{"href":"https:\/\/thepueblatimes.mx\/index.php\/wp-json\/wp\/v2\/posts"}],"about":[{"href":"https:\/\/thepueblatimes.mx\/index.php\/wp-json\/wp\/v2\/types\/post"}],"author":[{"embeddable":true,"href":"https:\/\/thepueblatimes.mx\/index.php\/wp-json\/wp\/v2\/users\/15"}],"replies":[{"embeddable":true,"href":"https:\/\/thepueblatimes.mx\/index.php\/wp-json\/wp\/v2\/comments?post=16320"}],"version-history":[{"count":1,"href":"https:\/\/thepueblatimes.mx\/index.php\/wp-json\/wp\/v2\/posts\/16320\/revisions"}],"predecessor-version":[{"id":16322,"href":"https:\/\/thepueblatimes.mx\/index.php\/wp-json\/wp\/v2\/posts\/16320\/revisions\/16322"}],"wp:featuredmedia":[{"embeddable":true,"href":"https:\/\/thepueblatimes.mx\/index.php\/wp-json\/wp\/v2\/media\/16321"}],"wp:attachment":[{"href":"https:\/\/thepueblatimes.mx\/index.php\/wp-json\/wp\/v2\/media?parent=16320"}],"wp:term":[{"taxonomy":"category","embeddable":true,"href":"https:\/\/thepueblatimes.mx\/index.php\/wp-json\/wp\/v2\/categories?post=16320"},{"taxonomy":"post_tag","embeddable":true,"href":"https:\/\/thepueblatimes.mx\/index.php\/wp-json\/wp\/v2\/tags?post=16320"}],"curies":[{"name":"wp","href":"https:\/\/api.w.org\/{rel}","templated":true}]}}