{"id":16317,"date":"2021-10-20T23:02:02","date_gmt":"2021-10-21T04:02:02","guid":{"rendered":"https:\/\/thepueblatimes.mx\/?p=16317"},"modified":"2021-10-20T23:02:02","modified_gmt":"2021-10-21T04:02:02","slug":"mujer-se-quita-la-vida-al-interior-de-su-vivienda-en-amozoc","status":"publish","type":"post","link":"https:\/\/thepueblatimes.mx\/index.php\/2021\/10\/20\/mujer-se-quita-la-vida-al-interior-de-su-vivienda-en-amozoc\/","title":{"rendered":"Mujer se quita la vida al interior de su vivienda en Amozoc"},"content":{"rendered":"<p>Amozoc, Pue.- <strong>Una mujer se quit\u00f3 la vida al interior de su casa en el barrio de San Antonio en Amozoc la noche de este martes.<\/strong><\/p>\n<p>Fueron vecinos del lugar quienes hicieron el llamado a las autoridades debido a que escucharon la detonaci\u00f3n de arma de fuego.<\/p>\n<p>El hecho ocurri\u00f3 en la calle 10 norte y segunda privada de la 10 norte en el mencionado barrio, luego de que vecinos se\u00f1alaron que se escuch\u00f3 un disparo de en la casa de una se\u00f1ora que se\u00f1alan viv\u00eda sola.<\/p>\n<p>Tras la situaci\u00f3n los vecinos llegaron a la casa y al tocar nadie respondi\u00f3 por lo que hicieron un llamado a las autoridades, quienes llegaron al lugar y se percataron que la mujer no ten\u00eda signos vitales.<\/p>\n","protected":false},"excerpt":{"rendered":"<p>Amozoc, Pue.- Una mujer se quit\u00f3 la vida al interior de su casa en el barrio de San Antonio en Amozoc la noche de este martes. Fueron vecinos del lugar quienes hicieron el llamado a las autoridades debido a que escucharon la detonaci\u00f3n de arma de fuego. El hecho ocurri\u00f3 en la calle 10 norte&#8230;<\/p>\n","protected":false},"author":15,"featured_media":16318,"comment_status":"open","ping_status":"open","sticky":false,"template":"","format":"standard","meta":[],"categories":[20],"tags":[433,49],"yoast_head":"<!-- This site is optimized with the Yoast SEO plugin v20.8 - https:\/\/yoast.com\/wordpress\/plugins\/seo\/ -->\n<title>Mujer se quita la vida al interior de su vivienda en Amozoc - The Puebla Times<\/title>\n<meta name=\"robots\" content=\"index, follow, max-snippet:-1, max-image-preview:large, max-video-preview:-1\" \/>\n<link rel=\"canonical\" href=\"https:\/\/thepueblatimes.mx\/index.php\/2021\/10\/20\/mujer-se-quita-la-vida-al-interior-de-su-vivienda-en-amozoc\/\" \/>\n<meta property=\"og:locale\" content=\"es_ES\" \/>\n<meta property=\"og:type\" content=\"article\" \/>\n<meta property=\"og:title\" content=\"Mujer se quita la vida al interior de su vivienda en Amozoc - The Puebla Times\" \/>\n<meta property=\"og:description\" content=\"Amozoc, Pue.- Una mujer se quit\u00f3 la vida al interior de su casa en el barrio de San Antonio en Amozoc la noche de este martes. Fueron vecinos del lugar quienes hicieron el llamado a las autoridades debido a que escucharon la detonaci\u00f3n de arma de fuego. El hecho ocurri\u00f3 en la calle 10 norte...\" \/>\n<meta property=\"og:url\" content=\"https:\/\/thepueblatimes.mx\/index.php\/2021\/10\/20\/mujer-se-quita-la-vida-al-interior-de-su-vivienda-en-amozoc\/\" \/>\n<meta property=\"og:site_name\" content=\"The Puebla Times\" \/>\n<meta property=\"article:published_time\" content=\"2021-10-21T04:02:02+00:00\" \/>\n<meta property=\"og:image\" content=\"https:\/\/thepueblatimes.mx\/wp-content\/uploads\/2021\/10\/C3317220-D097-4852-AD84-7315A5F36FE1.jpeg\" \/>\n\t<meta property=\"og:image:width\" content=\"720\" \/>\n\t<meta property=\"og:image:height\" content=\"582\" \/>\n\t<meta property=\"og:image:type\" content=\"image\/jpeg\" \/>\n<meta name=\"author\" content=\"Francisco S\u00e1nchez Nolasco\" \/>\n<meta name=\"twitter:card\" content=\"summary_large_image\" \/>\n<meta name=\"twitter:label1\" content=\"Escrito por\" \/>\n\t<meta name=\"twitter:data1\" content=\"Francisco S\u00e1nchez Nolasco\" \/>\n\t<meta name=\"twitter:label2\" content=\"Tiempo de lectura\" \/>\n\t<meta name=\"twitter:data2\" content=\"1 minuto\" \/>\n<script type=\"application\/ld+json\" class=\"yoast-schema-graph\">{\"@context\":\"https:\/\/schema.org\",\"@graph\":[{\"@type\":\"WebPage\",\"@id\":\"https:\/\/thepueblatimes.mx\/index.php\/2021\/10\/20\/mujer-se-quita-la-vida-al-interior-de-su-vivienda-en-amozoc\/\",\"url\":\"https:\/\/thepueblatimes.mx\/index.php\/2021\/10\/20\/mujer-se-quita-la-vida-al-interior-de-su-vivienda-en-amozoc\/\",\"name\":\"Mujer se quita la vida al interior de su vivienda en Amozoc - The Puebla Times\",\"isPartOf\":{\"@id\":\"https:\/\/thepueblatimes.mx\/#website\"},\"datePublished\":\"2021-10-21T04:02:02+00:00\",\"dateModified\":\"2021-10-21T04:02:02+00:00\",\"author\":{\"@id\":\"https:\/\/thepueblatimes.mx\/#\/schema\/person\/7bdf2adbc50078b104bba72b5612f774\"},\"breadcrumb\":{\"@id\":\"https:\/\/thepueblatimes.mx\/index.php\/2021\/10\/20\/mujer-se-quita-la-vida-al-interior-de-su-vivienda-en-amozoc\/#breadcrumb\"},\"inLanguage\":\"es\",\"potentialAction\":[{\"@type\":\"ReadAction\",\"target\":[\"https:\/\/thepueblatimes.mx\/index.php\/2021\/10\/20\/mujer-se-quita-la-vida-al-interior-de-su-vivienda-en-amozoc\/\"]}]},{\"@type\":\"BreadcrumbList\",\"@id\":\"https:\/\/thepueblatimes.mx\/index.php\/2021\/10\/20\/mujer-se-quita-la-vida-al-interior-de-su-vivienda-en-amozoc\/#breadcrumb\",\"itemListElement\":[{\"@type\":\"ListItem\",\"position\":1,\"name\":\"Portada\",\"item\":\"https:\/\/thepueblatimes.mx\/\"},{\"@type\":\"ListItem\",\"position\":2,\"name\":\"Mujer se quita la vida al interior de su vivienda en Amozoc\"}]},{\"@type\":\"WebSite\",\"@id\":\"https:\/\/thepueblatimes.mx\/#website\",\"url\":\"https:\/\/thepueblatimes.mx\/\",\"name\":\"The Puebla Times\",\"description\":\"Noticias del Estado de Puebla\",\"potentialAction\":[{\"@type\":\"SearchAction\",\"target\":{\"@type\":\"EntryPoint\",\"urlTemplate\":\"https:\/\/thepueblatimes.mx\/?s={search_term_string}\"},\"query-input\":\"required name=search_term_string\"}],\"inLanguage\":\"es\"},{\"@type\":\"Person\",\"@id\":\"https:\/\/thepueblatimes.mx\/#\/schema\/person\/7bdf2adbc50078b104bba72b5612f774\",\"name\":\"Francisco S\u00e1nchez Nolasco\",\"image\":{\"@type\":\"ImageObject\",\"inLanguage\":\"es\",\"@id\":\"https:\/\/thepueblatimes.mx\/#\/schema\/person\/image\/\",\"url\":\"https:\/\/secure.gravatar.com\/avatar\/6061d7d20b38bc2742a5218401b198d2?s=96&d=mm&r=g\",\"contentUrl\":\"https:\/\/secure.gravatar.com\/avatar\/6061d7d20b38bc2742a5218401b198d2?s=96&d=mm&r=g\",\"caption\":\"Francisco S\u00e1nchez Nolasco\"},\"url\":\"https:\/\/thepueblatimes.mx\/index.php\/author\/marianitha-reyes\/\"}]}<\/script>\n<!-- \/ Yoast SEO plugin. -->","yoast_head_json":{"title":"Mujer se quita la vida al interior de su vivienda en Amozoc - The Puebla Times","robots":{"index":"index","follow":"follow","max-snippet":"max-snippet:-1","max-image-preview":"max-image-preview:large","max-video-preview":"max-video-preview:-1"},"canonical":"https:\/\/thepueblatimes.mx\/index.php\/2021\/10\/20\/mujer-se-quita-la-vida-al-interior-de-su-vivienda-en-amozoc\/","og_locale":"es_ES","og_type":"article","og_title":"Mujer se quita la vida al interior de su vivienda en Amozoc - The Puebla Times","og_description":"Amozoc, Pue.- Una mujer se quit\u00f3 la vida al interior de su casa en el barrio de San Antonio en Amozoc la noche de este martes. Fueron vecinos del lugar quienes hicieron el llamado a las autoridades debido a que escucharon la detonaci\u00f3n de arma de fuego. El hecho ocurri\u00f3 en la calle 10 norte...","og_url":"https:\/\/thepueblatimes.mx\/index.php\/2021\/10\/20\/mujer-se-quita-la-vida-al-interior-de-su-vivienda-en-amozoc\/","og_site_name":"The Puebla Times","article_published_time":"2021-10-21T04:02:02+00:00","og_image":[{"width":720,"height":582,"url":"https:\/\/thepueblatimes.mx\/wp-content\/uploads\/2021\/10\/C3317220-D097-4852-AD84-7315A5F36FE1.jpeg","type":"image\/jpeg"}],"author":"Francisco S\u00e1nchez Nolasco","twitter_card":"summary_large_image","twitter_misc":{"Escrito por":"Francisco S\u00e1nchez Nolasco","Tiempo de lectura":"1 minuto"},"schema":{"@context":"https:\/\/schema.org","@graph":[{"@type":"WebPage","@id":"https:\/\/thepueblatimes.mx\/index.php\/2021\/10\/20\/mujer-se-quita-la-vida-al-interior-de-su-vivienda-en-amozoc\/","url":"https:\/\/thepueblatimes.mx\/index.php\/2021\/10\/20\/mujer-se-quita-la-vida-al-interior-de-su-vivienda-en-amozoc\/","name":"Mujer se quita la vida al interior de su vivienda en Amozoc - The Puebla Times","isPartOf":{"@id":"https:\/\/thepueblatimes.mx\/#website"},"datePublished":"2021-10-21T04:02:02+00:00","dateModified":"2021-10-21T04:02:02+00:00","author":{"@id":"https:\/\/thepueblatimes.mx\/#\/schema\/person\/7bdf2adbc50078b104bba72b5612f774"},"breadcrumb":{"@id":"https:\/\/thepueblatimes.mx\/index.php\/2021\/10\/20\/mujer-se-quita-la-vida-al-interior-de-su-vivienda-en-amozoc\/#breadcrumb"},"inLanguage":"es","potentialAction":[{"@type":"ReadAction","target":["https:\/\/thepueblatimes.mx\/index.php\/2021\/10\/20\/mujer-se-quita-la-vida-al-interior-de-su-vivienda-en-amozoc\/"]}]},{"@type":"BreadcrumbList","@id":"https:\/\/thepueblatimes.mx\/index.php\/2021\/10\/20\/mujer-se-quita-la-vida-al-interior-de-su-vivienda-en-amozoc\/#breadcrumb","itemListElement":[{"@type":"ListItem","position":1,"name":"Portada","item":"https:\/\/thepueblatimes.mx\/"},{"@type":"ListItem","position":2,"name":"Mujer se quita la vida al interior de su vivienda en Amozoc"}]},{"@type":"WebSite","@id":"https:\/\/thepueblatimes.mx\/#website","url":"https:\/\/thepueblatimes.mx\/","name":"The Puebla Times","description":"Noticias del Estado de Puebla","potentialAction":[{"@type":"SearchAction","target":{"@type":"EntryPoint","urlTemplate":"https:\/\/thepueblatimes.mx\/?s={search_term_string}"},"query-input":"required name=search_term_string"}],"inLanguage":"es"},{"@type":"Person","@id":"https:\/\/thepueblatimes.mx\/#\/schema\/person\/7bdf2adbc50078b104bba72b5612f774","name":"Francisco S\u00e1nchez Nolasco","image":{"@type":"ImageObject","inLanguage":"es","@id":"https:\/\/thepueblatimes.mx\/#\/schema\/person\/image\/","url":"https:\/\/secure.gravatar.com\/avatar\/6061d7d20b38bc2742a5218401b198d2?s=96&d=mm&r=g","contentUrl":"https:\/\/secure.gravatar.com\/avatar\/6061d7d20b38bc2742a5218401b198d2?s=96&d=mm&r=g","caption":"Francisco S\u00e1nchez Nolasco"},"url":"https:\/\/thepueblatimes.mx\/index.php\/author\/marianitha-reyes\/"}]}},"jetpack_featured_media_url":"https:\/\/thepueblatimes.mx\/wp-content\/uploads\/2021\/10\/C3317220-D097-4852-AD84-7315A5F36FE1.jpeg","_links":{"self":[{"href":"https:\/\/thepueblatimes.mx\/index.php\/wp-json\/wp\/v2\/posts\/16317"}],"collection":[{"href":"https:\/\/thepueblatimes.mx\/index.php\/wp-json\/wp\/v2\/posts"}],"about":[{"href":"https:\/\/thepueblatimes.mx\/index.php\/wp-json\/wp\/v2\/types\/post"}],"author":[{"embeddable":true,"href":"https:\/\/thepueblatimes.mx\/index.php\/wp-json\/wp\/v2\/users\/15"}],"replies":[{"embeddable":true,"href":"https:\/\/thepueblatimes.mx\/index.php\/wp-json\/wp\/v2\/comments?post=16317"}],"version-history":[{"count":1,"href":"https:\/\/thepueblatimes.mx\/index.php\/wp-json\/wp\/v2\/posts\/16317\/revisions"}],"predecessor-version":[{"id":16319,"href":"https:\/\/thepueblatimes.mx\/index.php\/wp-json\/wp\/v2\/posts\/16317\/revisions\/16319"}],"wp:featuredmedia":[{"embeddable":true,"href":"https:\/\/thepueblatimes.mx\/index.php\/wp-json\/wp\/v2\/media\/16318"}],"wp:attachment":[{"href":"https:\/\/thepueblatimes.mx\/index.php\/wp-json\/wp\/v2\/media?parent=16317"}],"wp:term":[{"taxonomy":"category","embeddable":true,"href":"https:\/\/thepueblatimes.mx\/index.php\/wp-json\/wp\/v2\/categories?post=16317"},{"taxonomy":"post_tag","embeddable":true,"href":"https:\/\/thepueblatimes.mx\/index.php\/wp-json\/wp\/v2\/tags?post=16317"}],"curies":[{"name":"wp","href":"https:\/\/api.w.org\/{rel}","templated":true}]}}