{"id":16314,"date":"2021-10-20T22:59:03","date_gmt":"2021-10-21T03:59:03","guid":{"rendered":"https:\/\/thepueblatimes.mx\/?p=16314"},"modified":"2021-10-20T22:59:46","modified_gmt":"2021-10-21T03:59:46","slug":"habitantes-de-xonacatepec-cierran-la-autopista-mexico-puebla","status":"publish","type":"post","link":"https:\/\/thepueblatimes.mx\/index.php\/2021\/10\/20\/habitantes-de-xonacatepec-cierran-la-autopista-mexico-puebla\/","title":{"rendered":"Habitantes de Xonacatepec cierran la autopista M\u00e9xico-Puebla"},"content":{"rendered":"<p>Puebla, Pue.- Tras la detenci\u00f3n de V\u00edctor Merino Rojas, habitantes de Xonacatepec cerraron la autopista M\u00e9xico-Puebla como medida de presi\u00f3n para que el hombre sea liberado.<\/p>\n<p>Familiares del hombre privado de la libertad, \u00a0afirmaron que al hombre le \u201csembraron\u201d droga para justificar su detenci\u00f3n.<\/p>\n<p>Los uniformados iniciaron un di\u00e1logo con los inconformes con la detenci\u00f3n, pero hasta el momento no han logrado llegar a un acuerdo, debido a que exigen la liberaci\u00f3n del detenido.<\/p>\n<p>Conforme pasan los minutos el tr\u00e1fico aumenta en una de las vialidades m\u00e1s transitadas del pa\u00eds, debido a que est\u00e1 bloqueada con llantas en ambos sentidos.<\/p>\n<p>Los quejosos coloraron tambi\u00e9n una pipa y autos con los que bloquean la circulaci\u00f3n. Y, los conductores est\u00e1n molestos por el bloqueo.<\/p>\n","protected":false},"excerpt":{"rendered":"<p>Puebla, Pue.- Tras la detenci\u00f3n de V\u00edctor Merino Rojas, habitantes de Xonacatepec cerraron la autopista M\u00e9xico-Puebla como medida de presi\u00f3n para que el hombre sea liberado. Familiares del hombre privado de la libertad, \u00a0afirmaron que al hombre le \u201csembraron\u201d droga para justificar su detenci\u00f3n. Los uniformados iniciaron un di\u00e1logo con los inconformes con la detenci\u00f3n,&#8230;<\/p>\n","protected":false},"author":15,"featured_media":16315,"comment_status":"open","ping_status":"open","sticky":false,"template":"","format":"standard","meta":[],"categories":[20],"tags":[49],"yoast_head":"<!-- This site is optimized with the Yoast SEO plugin v20.8 - https:\/\/yoast.com\/wordpress\/plugins\/seo\/ -->\n<title>Habitantes de Xonacatepec cierran la autopista M\u00e9xico-Puebla - The Puebla Times<\/title>\n<meta name=\"robots\" content=\"index, follow, max-snippet:-1, max-image-preview:large, max-video-preview:-1\" \/>\n<link rel=\"canonical\" href=\"https:\/\/thepueblatimes.mx\/index.php\/2021\/10\/20\/habitantes-de-xonacatepec-cierran-la-autopista-mexico-puebla\/\" \/>\n<meta property=\"og:locale\" content=\"es_ES\" \/>\n<meta property=\"og:type\" content=\"article\" \/>\n<meta property=\"og:title\" content=\"Habitantes de Xonacatepec cierran la autopista M\u00e9xico-Puebla - The Puebla Times\" \/>\n<meta property=\"og:description\" content=\"Puebla, Pue.- Tras la detenci\u00f3n de V\u00edctor Merino Rojas, habitantes de Xonacatepec cerraron la autopista M\u00e9xico-Puebla como medida de presi\u00f3n para que el hombre sea liberado. Familiares del hombre privado de la libertad, \u00a0afirmaron que al hombre le \u201csembraron\u201d droga para justificar su detenci\u00f3n. Los uniformados iniciaron un di\u00e1logo con los inconformes con la detenci\u00f3n,...\" \/>\n<meta property=\"og:url\" content=\"https:\/\/thepueblatimes.mx\/index.php\/2021\/10\/20\/habitantes-de-xonacatepec-cierran-la-autopista-mexico-puebla\/\" \/>\n<meta property=\"og:site_name\" content=\"The Puebla Times\" \/>\n<meta property=\"article:published_time\" content=\"2021-10-21T03:59:03+00:00\" \/>\n<meta property=\"article:modified_time\" content=\"2021-10-21T03:59:46+00:00\" \/>\n<meta property=\"og:image\" content=\"https:\/\/thepueblatimes.mx\/wp-content\/uploads\/2021\/10\/687CA018-2322-42DA-A8FD-885E74D01A60.png\" \/>\n\t<meta property=\"og:image:width\" content=\"435\" \/>\n\t<meta property=\"og:image:height\" content=\"235\" \/>\n\t<meta property=\"og:image:type\" content=\"image\/png\" \/>\n<meta name=\"author\" content=\"Francisco S\u00e1nchez Nolasco\" \/>\n<meta name=\"twitter:card\" content=\"summary_large_image\" \/>\n<meta name=\"twitter:label1\" content=\"Escrito por\" \/>\n\t<meta name=\"twitter:data1\" content=\"Francisco S\u00e1nchez Nolasco\" \/>\n\t<meta name=\"twitter:label2\" content=\"Tiempo de lectura\" \/>\n\t<meta name=\"twitter:data2\" content=\"1 minuto\" \/>\n<script type=\"application\/ld+json\" class=\"yoast-schema-graph\">{\"@context\":\"https:\/\/schema.org\",\"@graph\":[{\"@type\":\"WebPage\",\"@id\":\"https:\/\/thepueblatimes.mx\/index.php\/2021\/10\/20\/habitantes-de-xonacatepec-cierran-la-autopista-mexico-puebla\/\",\"url\":\"https:\/\/thepueblatimes.mx\/index.php\/2021\/10\/20\/habitantes-de-xonacatepec-cierran-la-autopista-mexico-puebla\/\",\"name\":\"Habitantes de Xonacatepec cierran la autopista M\u00e9xico-Puebla - The Puebla Times\",\"isPartOf\":{\"@id\":\"https:\/\/thepueblatimes.mx\/#website\"},\"datePublished\":\"2021-10-21T03:59:03+00:00\",\"dateModified\":\"2021-10-21T03:59:46+00:00\",\"author\":{\"@id\":\"https:\/\/thepueblatimes.mx\/#\/schema\/person\/7bdf2adbc50078b104bba72b5612f774\"},\"breadcrumb\":{\"@id\":\"https:\/\/thepueblatimes.mx\/index.php\/2021\/10\/20\/habitantes-de-xonacatepec-cierran-la-autopista-mexico-puebla\/#breadcrumb\"},\"inLanguage\":\"es\",\"potentialAction\":[{\"@type\":\"ReadAction\",\"target\":[\"https:\/\/thepueblatimes.mx\/index.php\/2021\/10\/20\/habitantes-de-xonacatepec-cierran-la-autopista-mexico-puebla\/\"]}]},{\"@type\":\"BreadcrumbList\",\"@id\":\"https:\/\/thepueblatimes.mx\/index.php\/2021\/10\/20\/habitantes-de-xonacatepec-cierran-la-autopista-mexico-puebla\/#breadcrumb\",\"itemListElement\":[{\"@type\":\"ListItem\",\"position\":1,\"name\":\"Portada\",\"item\":\"https:\/\/thepueblatimes.mx\/\"},{\"@type\":\"ListItem\",\"position\":2,\"name\":\"Habitantes de Xonacatepec cierran la autopista M\u00e9xico-Puebla\"}]},{\"@type\":\"WebSite\",\"@id\":\"https:\/\/thepueblatimes.mx\/#website\",\"url\":\"https:\/\/thepueblatimes.mx\/\",\"name\":\"The Puebla Times\",\"description\":\"Noticias del Estado de Puebla\",\"potentialAction\":[{\"@type\":\"SearchAction\",\"target\":{\"@type\":\"EntryPoint\",\"urlTemplate\":\"https:\/\/thepueblatimes.mx\/?s={search_term_string}\"},\"query-input\":\"required name=search_term_string\"}],\"inLanguage\":\"es\"},{\"@type\":\"Person\",\"@id\":\"https:\/\/thepueblatimes.mx\/#\/schema\/person\/7bdf2adbc50078b104bba72b5612f774\",\"name\":\"Francisco S\u00e1nchez Nolasco\",\"image\":{\"@type\":\"ImageObject\",\"inLanguage\":\"es\",\"@id\":\"https:\/\/thepueblatimes.mx\/#\/schema\/person\/image\/\",\"url\":\"https:\/\/secure.gravatar.com\/avatar\/6061d7d20b38bc2742a5218401b198d2?s=96&d=mm&r=g\",\"contentUrl\":\"https:\/\/secure.gravatar.com\/avatar\/6061d7d20b38bc2742a5218401b198d2?s=96&d=mm&r=g\",\"caption\":\"Francisco S\u00e1nchez Nolasco\"},\"url\":\"https:\/\/thepueblatimes.mx\/index.php\/author\/marianitha-reyes\/\"}]}<\/script>\n<!-- \/ Yoast SEO plugin. -->","yoast_head_json":{"title":"Habitantes de Xonacatepec cierran la autopista M\u00e9xico-Puebla - The Puebla Times","robots":{"index":"index","follow":"follow","max-snippet":"max-snippet:-1","max-image-preview":"max-image-preview:large","max-video-preview":"max-video-preview:-1"},"canonical":"https:\/\/thepueblatimes.mx\/index.php\/2021\/10\/20\/habitantes-de-xonacatepec-cierran-la-autopista-mexico-puebla\/","og_locale":"es_ES","og_type":"article","og_title":"Habitantes de Xonacatepec cierran la autopista M\u00e9xico-Puebla - The Puebla Times","og_description":"Puebla, Pue.- Tras la detenci\u00f3n de V\u00edctor Merino Rojas, habitantes de Xonacatepec cerraron la autopista M\u00e9xico-Puebla como medida de presi\u00f3n para que el hombre sea liberado. Familiares del hombre privado de la libertad, \u00a0afirmaron que al hombre le \u201csembraron\u201d droga para justificar su detenci\u00f3n. Los uniformados iniciaron un di\u00e1logo con los inconformes con la detenci\u00f3n,...","og_url":"https:\/\/thepueblatimes.mx\/index.php\/2021\/10\/20\/habitantes-de-xonacatepec-cierran-la-autopista-mexico-puebla\/","og_site_name":"The Puebla Times","article_published_time":"2021-10-21T03:59:03+00:00","article_modified_time":"2021-10-21T03:59:46+00:00","og_image":[{"width":435,"height":235,"url":"https:\/\/thepueblatimes.mx\/wp-content\/uploads\/2021\/10\/687CA018-2322-42DA-A8FD-885E74D01A60.png","type":"image\/png"}],"author":"Francisco S\u00e1nchez Nolasco","twitter_card":"summary_large_image","twitter_misc":{"Escrito por":"Francisco S\u00e1nchez Nolasco","Tiempo de lectura":"1 minuto"},"schema":{"@context":"https:\/\/schema.org","@graph":[{"@type":"WebPage","@id":"https:\/\/thepueblatimes.mx\/index.php\/2021\/10\/20\/habitantes-de-xonacatepec-cierran-la-autopista-mexico-puebla\/","url":"https:\/\/thepueblatimes.mx\/index.php\/2021\/10\/20\/habitantes-de-xonacatepec-cierran-la-autopista-mexico-puebla\/","name":"Habitantes de Xonacatepec cierran la autopista M\u00e9xico-Puebla - The Puebla Times","isPartOf":{"@id":"https:\/\/thepueblatimes.mx\/#website"},"datePublished":"2021-10-21T03:59:03+00:00","dateModified":"2021-10-21T03:59:46+00:00","author":{"@id":"https:\/\/thepueblatimes.mx\/#\/schema\/person\/7bdf2adbc50078b104bba72b5612f774"},"breadcrumb":{"@id":"https:\/\/thepueblatimes.mx\/index.php\/2021\/10\/20\/habitantes-de-xonacatepec-cierran-la-autopista-mexico-puebla\/#breadcrumb"},"inLanguage":"es","potentialAction":[{"@type":"ReadAction","target":["https:\/\/thepueblatimes.mx\/index.php\/2021\/10\/20\/habitantes-de-xonacatepec-cierran-la-autopista-mexico-puebla\/"]}]},{"@type":"BreadcrumbList","@id":"https:\/\/thepueblatimes.mx\/index.php\/2021\/10\/20\/habitantes-de-xonacatepec-cierran-la-autopista-mexico-puebla\/#breadcrumb","itemListElement":[{"@type":"ListItem","position":1,"name":"Portada","item":"https:\/\/thepueblatimes.mx\/"},{"@type":"ListItem","position":2,"name":"Habitantes de Xonacatepec cierran la autopista M\u00e9xico-Puebla"}]},{"@type":"WebSite","@id":"https:\/\/thepueblatimes.mx\/#website","url":"https:\/\/thepueblatimes.mx\/","name":"The Puebla Times","description":"Noticias del Estado de Puebla","potentialAction":[{"@type":"SearchAction","target":{"@type":"EntryPoint","urlTemplate":"https:\/\/thepueblatimes.mx\/?s={search_term_string}"},"query-input":"required name=search_term_string"}],"inLanguage":"es"},{"@type":"Person","@id":"https:\/\/thepueblatimes.mx\/#\/schema\/person\/7bdf2adbc50078b104bba72b5612f774","name":"Francisco S\u00e1nchez Nolasco","image":{"@type":"ImageObject","inLanguage":"es","@id":"https:\/\/thepueblatimes.mx\/#\/schema\/person\/image\/","url":"https:\/\/secure.gravatar.com\/avatar\/6061d7d20b38bc2742a5218401b198d2?s=96&d=mm&r=g","contentUrl":"https:\/\/secure.gravatar.com\/avatar\/6061d7d20b38bc2742a5218401b198d2?s=96&d=mm&r=g","caption":"Francisco S\u00e1nchez Nolasco"},"url":"https:\/\/thepueblatimes.mx\/index.php\/author\/marianitha-reyes\/"}]}},"jetpack_featured_media_url":"https:\/\/thepueblatimes.mx\/wp-content\/uploads\/2021\/10\/687CA018-2322-42DA-A8FD-885E74D01A60.png","_links":{"self":[{"href":"https:\/\/thepueblatimes.mx\/index.php\/wp-json\/wp\/v2\/posts\/16314"}],"collection":[{"href":"https:\/\/thepueblatimes.mx\/index.php\/wp-json\/wp\/v2\/posts"}],"about":[{"href":"https:\/\/thepueblatimes.mx\/index.php\/wp-json\/wp\/v2\/types\/post"}],"author":[{"embeddable":true,"href":"https:\/\/thepueblatimes.mx\/index.php\/wp-json\/wp\/v2\/users\/15"}],"replies":[{"embeddable":true,"href":"https:\/\/thepueblatimes.mx\/index.php\/wp-json\/wp\/v2\/comments?post=16314"}],"version-history":[{"count":1,"href":"https:\/\/thepueblatimes.mx\/index.php\/wp-json\/wp\/v2\/posts\/16314\/revisions"}],"predecessor-version":[{"id":16316,"href":"https:\/\/thepueblatimes.mx\/index.php\/wp-json\/wp\/v2\/posts\/16314\/revisions\/16316"}],"wp:featuredmedia":[{"embeddable":true,"href":"https:\/\/thepueblatimes.mx\/index.php\/wp-json\/wp\/v2\/media\/16315"}],"wp:attachment":[{"href":"https:\/\/thepueblatimes.mx\/index.php\/wp-json\/wp\/v2\/media?parent=16314"}],"wp:term":[{"taxonomy":"category","embeddable":true,"href":"https:\/\/thepueblatimes.mx\/index.php\/wp-json\/wp\/v2\/categories?post=16314"},{"taxonomy":"post_tag","embeddable":true,"href":"https:\/\/thepueblatimes.mx\/index.php\/wp-json\/wp\/v2\/tags?post=16314"}],"curies":[{"name":"wp","href":"https:\/\/api.w.org\/{rel}","templated":true}]}}