{"id":16307,"date":"2021-10-18T23:58:16","date_gmt":"2021-10-19T04:58:16","guid":{"rendered":"https:\/\/thepueblatimes.mx\/?p=16307"},"modified":"2021-10-18T23:58:16","modified_gmt":"2021-10-19T04:58:16","slug":"se-quita-la-vida-en-el-interior-de-su-vivienda-en-zihuateutla","status":"publish","type":"post","link":"https:\/\/thepueblatimes.mx\/index.php\/2021\/10\/18\/se-quita-la-vida-en-el-interior-de-su-vivienda-en-zihuateutla\/","title":{"rendered":"Se quita la vida en el interior de su vivienda en Zihuateutla"},"content":{"rendered":"<p>Zihuateutla, Pue.- La tarde-noche del domingo un masculino decidi\u00f3 <strong>quitarse la vida en el interior de su vivienda en una comunidad de Zihuateutla, siendo hallado el cuerpo por su pareja sentimental.<\/strong><\/p>\n<p>Los hechos se presentaron en la <strong>colonia centro cerca de la calle 5 de Mayo<\/strong> en la comunidad de La Uni\u00f3n, luego de que la esposa del hoy occiso, llegar\u00e1 a su domicilio y lo<strong>encontrara colgado en un \u00e1rbol de naranjo a Pedro \u201cN\u201d, de 43 a\u00f1os de edad,<\/strong>sin que hasta el momento se sepan las causas que orillaron al masculino a tomar esta fatal decisi\u00f3n.<\/p>\n<p>Vecinos se\u00f1alan que el masculino <strong>era comerciante ambulante<\/strong> y debido a sus h\u00e1bitos, no se descarta que una posible sobredosis o un estado de depresi\u00f3n, lo orillara a tomar esta fatal decisi\u00f3n.<\/p>\n","protected":false},"excerpt":{"rendered":"<p>Zihuateutla, Pue.- La tarde-noche del domingo un masculino decidi\u00f3 quitarse la vida en el interior de su vivienda en una comunidad de Zihuateutla, siendo hallado el cuerpo por su pareja sentimental. Los hechos se presentaron en la colonia centro cerca de la calle 5 de Mayo en la comunidad de La Uni\u00f3n, luego de que&#8230;<\/p>\n","protected":false},"author":15,"featured_media":16308,"comment_status":"open","ping_status":"open","sticky":false,"template":"","format":"standard","meta":[],"categories":[20],"tags":[49],"yoast_head":"<!-- This site is optimized with the Yoast SEO plugin v20.8 - https:\/\/yoast.com\/wordpress\/plugins\/seo\/ -->\n<title>Se quita la vida en el interior de su vivienda en Zihuateutla - The Puebla Times<\/title>\n<meta name=\"robots\" content=\"index, follow, max-snippet:-1, max-image-preview:large, max-video-preview:-1\" \/>\n<link rel=\"canonical\" href=\"https:\/\/thepueblatimes.mx\/index.php\/2021\/10\/18\/se-quita-la-vida-en-el-interior-de-su-vivienda-en-zihuateutla\/\" \/>\n<meta property=\"og:locale\" content=\"es_ES\" \/>\n<meta property=\"og:type\" content=\"article\" \/>\n<meta property=\"og:title\" content=\"Se quita la vida en el interior de su vivienda en Zihuateutla - The Puebla Times\" \/>\n<meta property=\"og:description\" content=\"Zihuateutla, Pue.- La tarde-noche del domingo un masculino decidi\u00f3 quitarse la vida en el interior de su vivienda en una comunidad de Zihuateutla, siendo hallado el cuerpo por su pareja sentimental. Los hechos se presentaron en la colonia centro cerca de la calle 5 de Mayo en la comunidad de La Uni\u00f3n, luego de que...\" \/>\n<meta property=\"og:url\" content=\"https:\/\/thepueblatimes.mx\/index.php\/2021\/10\/18\/se-quita-la-vida-en-el-interior-de-su-vivienda-en-zihuateutla\/\" \/>\n<meta property=\"og:site_name\" content=\"The Puebla Times\" \/>\n<meta property=\"article:published_time\" content=\"2021-10-19T04:58:16+00:00\" \/>\n<meta property=\"og:image\" content=\"https:\/\/thepueblatimes.mx\/wp-content\/uploads\/2021\/10\/C13C2AEA-0A65-4635-9D8E-95C031B70467.jpeg\" \/>\n\t<meta property=\"og:image:width\" content=\"662\" \/>\n\t<meta property=\"og:image:height\" content=\"468\" \/>\n\t<meta property=\"og:image:type\" content=\"image\/jpeg\" \/>\n<meta name=\"author\" content=\"Francisco S\u00e1nchez Nolasco\" \/>\n<meta name=\"twitter:card\" content=\"summary_large_image\" \/>\n<meta name=\"twitter:label1\" content=\"Escrito por\" \/>\n\t<meta name=\"twitter:data1\" content=\"Francisco S\u00e1nchez Nolasco\" \/>\n\t<meta name=\"twitter:label2\" content=\"Tiempo de lectura\" \/>\n\t<meta name=\"twitter:data2\" content=\"1 minuto\" \/>\n<script type=\"application\/ld+json\" class=\"yoast-schema-graph\">{\"@context\":\"https:\/\/schema.org\",\"@graph\":[{\"@type\":\"WebPage\",\"@id\":\"https:\/\/thepueblatimes.mx\/index.php\/2021\/10\/18\/se-quita-la-vida-en-el-interior-de-su-vivienda-en-zihuateutla\/\",\"url\":\"https:\/\/thepueblatimes.mx\/index.php\/2021\/10\/18\/se-quita-la-vida-en-el-interior-de-su-vivienda-en-zihuateutla\/\",\"name\":\"Se quita la vida en el interior de su vivienda en Zihuateutla - The Puebla Times\",\"isPartOf\":{\"@id\":\"https:\/\/thepueblatimes.mx\/#website\"},\"datePublished\":\"2021-10-19T04:58:16+00:00\",\"dateModified\":\"2021-10-19T04:58:16+00:00\",\"author\":{\"@id\":\"https:\/\/thepueblatimes.mx\/#\/schema\/person\/7bdf2adbc50078b104bba72b5612f774\"},\"breadcrumb\":{\"@id\":\"https:\/\/thepueblatimes.mx\/index.php\/2021\/10\/18\/se-quita-la-vida-en-el-interior-de-su-vivienda-en-zihuateutla\/#breadcrumb\"},\"inLanguage\":\"es\",\"potentialAction\":[{\"@type\":\"ReadAction\",\"target\":[\"https:\/\/thepueblatimes.mx\/index.php\/2021\/10\/18\/se-quita-la-vida-en-el-interior-de-su-vivienda-en-zihuateutla\/\"]}]},{\"@type\":\"BreadcrumbList\",\"@id\":\"https:\/\/thepueblatimes.mx\/index.php\/2021\/10\/18\/se-quita-la-vida-en-el-interior-de-su-vivienda-en-zihuateutla\/#breadcrumb\",\"itemListElement\":[{\"@type\":\"ListItem\",\"position\":1,\"name\":\"Portada\",\"item\":\"https:\/\/thepueblatimes.mx\/\"},{\"@type\":\"ListItem\",\"position\":2,\"name\":\"Se quita la vida en el interior de su vivienda en Zihuateutla\"}]},{\"@type\":\"WebSite\",\"@id\":\"https:\/\/thepueblatimes.mx\/#website\",\"url\":\"https:\/\/thepueblatimes.mx\/\",\"name\":\"The Puebla Times\",\"description\":\"Noticias del Estado de Puebla\",\"potentialAction\":[{\"@type\":\"SearchAction\",\"target\":{\"@type\":\"EntryPoint\",\"urlTemplate\":\"https:\/\/thepueblatimes.mx\/?s={search_term_string}\"},\"query-input\":\"required name=search_term_string\"}],\"inLanguage\":\"es\"},{\"@type\":\"Person\",\"@id\":\"https:\/\/thepueblatimes.mx\/#\/schema\/person\/7bdf2adbc50078b104bba72b5612f774\",\"name\":\"Francisco S\u00e1nchez Nolasco\",\"image\":{\"@type\":\"ImageObject\",\"inLanguage\":\"es\",\"@id\":\"https:\/\/thepueblatimes.mx\/#\/schema\/person\/image\/\",\"url\":\"https:\/\/secure.gravatar.com\/avatar\/6061d7d20b38bc2742a5218401b198d2?s=96&d=mm&r=g\",\"contentUrl\":\"https:\/\/secure.gravatar.com\/avatar\/6061d7d20b38bc2742a5218401b198d2?s=96&d=mm&r=g\",\"caption\":\"Francisco S\u00e1nchez Nolasco\"},\"url\":\"https:\/\/thepueblatimes.mx\/index.php\/author\/marianitha-reyes\/\"}]}<\/script>\n<!-- \/ Yoast SEO plugin. -->","yoast_head_json":{"title":"Se quita la vida en el interior de su vivienda en Zihuateutla - The Puebla Times","robots":{"index":"index","follow":"follow","max-snippet":"max-snippet:-1","max-image-preview":"max-image-preview:large","max-video-preview":"max-video-preview:-1"},"canonical":"https:\/\/thepueblatimes.mx\/index.php\/2021\/10\/18\/se-quita-la-vida-en-el-interior-de-su-vivienda-en-zihuateutla\/","og_locale":"es_ES","og_type":"article","og_title":"Se quita la vida en el interior de su vivienda en Zihuateutla - The Puebla Times","og_description":"Zihuateutla, Pue.- La tarde-noche del domingo un masculino decidi\u00f3 quitarse la vida en el interior de su vivienda en una comunidad de Zihuateutla, siendo hallado el cuerpo por su pareja sentimental. Los hechos se presentaron en la colonia centro cerca de la calle 5 de Mayo en la comunidad de La Uni\u00f3n, luego de que...","og_url":"https:\/\/thepueblatimes.mx\/index.php\/2021\/10\/18\/se-quita-la-vida-en-el-interior-de-su-vivienda-en-zihuateutla\/","og_site_name":"The Puebla Times","article_published_time":"2021-10-19T04:58:16+00:00","og_image":[{"width":662,"height":468,"url":"https:\/\/thepueblatimes.mx\/wp-content\/uploads\/2021\/10\/C13C2AEA-0A65-4635-9D8E-95C031B70467.jpeg","type":"image\/jpeg"}],"author":"Francisco S\u00e1nchez Nolasco","twitter_card":"summary_large_image","twitter_misc":{"Escrito por":"Francisco S\u00e1nchez Nolasco","Tiempo de lectura":"1 minuto"},"schema":{"@context":"https:\/\/schema.org","@graph":[{"@type":"WebPage","@id":"https:\/\/thepueblatimes.mx\/index.php\/2021\/10\/18\/se-quita-la-vida-en-el-interior-de-su-vivienda-en-zihuateutla\/","url":"https:\/\/thepueblatimes.mx\/index.php\/2021\/10\/18\/se-quita-la-vida-en-el-interior-de-su-vivienda-en-zihuateutla\/","name":"Se quita la vida en el interior de su vivienda en Zihuateutla - The Puebla Times","isPartOf":{"@id":"https:\/\/thepueblatimes.mx\/#website"},"datePublished":"2021-10-19T04:58:16+00:00","dateModified":"2021-10-19T04:58:16+00:00","author":{"@id":"https:\/\/thepueblatimes.mx\/#\/schema\/person\/7bdf2adbc50078b104bba72b5612f774"},"breadcrumb":{"@id":"https:\/\/thepueblatimes.mx\/index.php\/2021\/10\/18\/se-quita-la-vida-en-el-interior-de-su-vivienda-en-zihuateutla\/#breadcrumb"},"inLanguage":"es","potentialAction":[{"@type":"ReadAction","target":["https:\/\/thepueblatimes.mx\/index.php\/2021\/10\/18\/se-quita-la-vida-en-el-interior-de-su-vivienda-en-zihuateutla\/"]}]},{"@type":"BreadcrumbList","@id":"https:\/\/thepueblatimes.mx\/index.php\/2021\/10\/18\/se-quita-la-vida-en-el-interior-de-su-vivienda-en-zihuateutla\/#breadcrumb","itemListElement":[{"@type":"ListItem","position":1,"name":"Portada","item":"https:\/\/thepueblatimes.mx\/"},{"@type":"ListItem","position":2,"name":"Se quita la vida en el interior de su vivienda en Zihuateutla"}]},{"@type":"WebSite","@id":"https:\/\/thepueblatimes.mx\/#website","url":"https:\/\/thepueblatimes.mx\/","name":"The Puebla Times","description":"Noticias del Estado de Puebla","potentialAction":[{"@type":"SearchAction","target":{"@type":"EntryPoint","urlTemplate":"https:\/\/thepueblatimes.mx\/?s={search_term_string}"},"query-input":"required name=search_term_string"}],"inLanguage":"es"},{"@type":"Person","@id":"https:\/\/thepueblatimes.mx\/#\/schema\/person\/7bdf2adbc50078b104bba72b5612f774","name":"Francisco S\u00e1nchez Nolasco","image":{"@type":"ImageObject","inLanguage":"es","@id":"https:\/\/thepueblatimes.mx\/#\/schema\/person\/image\/","url":"https:\/\/secure.gravatar.com\/avatar\/6061d7d20b38bc2742a5218401b198d2?s=96&d=mm&r=g","contentUrl":"https:\/\/secure.gravatar.com\/avatar\/6061d7d20b38bc2742a5218401b198d2?s=96&d=mm&r=g","caption":"Francisco S\u00e1nchez Nolasco"},"url":"https:\/\/thepueblatimes.mx\/index.php\/author\/marianitha-reyes\/"}]}},"jetpack_featured_media_url":"https:\/\/thepueblatimes.mx\/wp-content\/uploads\/2021\/10\/C13C2AEA-0A65-4635-9D8E-95C031B70467.jpeg","_links":{"self":[{"href":"https:\/\/thepueblatimes.mx\/index.php\/wp-json\/wp\/v2\/posts\/16307"}],"collection":[{"href":"https:\/\/thepueblatimes.mx\/index.php\/wp-json\/wp\/v2\/posts"}],"about":[{"href":"https:\/\/thepueblatimes.mx\/index.php\/wp-json\/wp\/v2\/types\/post"}],"author":[{"embeddable":true,"href":"https:\/\/thepueblatimes.mx\/index.php\/wp-json\/wp\/v2\/users\/15"}],"replies":[{"embeddable":true,"href":"https:\/\/thepueblatimes.mx\/index.php\/wp-json\/wp\/v2\/comments?post=16307"}],"version-history":[{"count":1,"href":"https:\/\/thepueblatimes.mx\/index.php\/wp-json\/wp\/v2\/posts\/16307\/revisions"}],"predecessor-version":[{"id":16309,"href":"https:\/\/thepueblatimes.mx\/index.php\/wp-json\/wp\/v2\/posts\/16307\/revisions\/16309"}],"wp:featuredmedia":[{"embeddable":true,"href":"https:\/\/thepueblatimes.mx\/index.php\/wp-json\/wp\/v2\/media\/16308"}],"wp:attachment":[{"href":"https:\/\/thepueblatimes.mx\/index.php\/wp-json\/wp\/v2\/media?parent=16307"}],"wp:term":[{"taxonomy":"category","embeddable":true,"href":"https:\/\/thepueblatimes.mx\/index.php\/wp-json\/wp\/v2\/categories?post=16307"},{"taxonomy":"post_tag","embeddable":true,"href":"https:\/\/thepueblatimes.mx\/index.php\/wp-json\/wp\/v2\/tags?post=16307"}],"curies":[{"name":"wp","href":"https:\/\/api.w.org\/{rel}","templated":true}]}}