{"id":16304,"date":"2021-10-18T23:54:44","date_gmt":"2021-10-19T04:54:44","guid":{"rendered":"https:\/\/thepueblatimes.mx\/?p=16304"},"modified":"2021-10-18T23:54:44","modified_gmt":"2021-10-19T04:54:44","slug":"desaparece-adolescente-con-todo-y-moto-se-dirigia-a-tepeaca","status":"publish","type":"post","link":"https:\/\/thepueblatimes.mx\/index.php\/2021\/10\/18\/desaparece-adolescente-con-todo-y-moto-se-dirigia-a-tepeaca\/","title":{"rendered":"Desaparece adolescente con todo y moto; se dirig\u00eda a Tepeaca"},"content":{"rendered":"<p>Tepeaca, Pue.- La ma\u00f1ana de este lunes <strong>desapareci\u00f3 Abel Josu\u00e9 de tan solo 17 a\u00f1os de edad<\/strong>. Fue visto por \u00faltima ocasi\u00f3n cuando <strong>sali\u00f3 de su domicilio en la localidad de Atoyatempan; se dirig\u00eda al municipio de Tepeaca,<\/strong> sin embargo se desconoce su paradero por lo que familiares ya lo buscan.<\/p>\n<p>El joven sali\u00f3 con su motocicleta color negro con placas de circulaci\u00f3n GDT7X del estado de Puebla y vest\u00eda sudadera color gris y pantal\u00f3n de mezclilla color azul.<\/p>\n<p>Cualquier informaci\u00f3n que logre dar con el paradero del menor de 1.72 metros de estatura comunicarse a los tel\u00e9fonos 224 1095791 y al 224 109 2114.<\/p>\n","protected":false},"excerpt":{"rendered":"<p>Tepeaca, Pue.- La ma\u00f1ana de este lunes desapareci\u00f3 Abel Josu\u00e9 de tan solo 17 a\u00f1os de edad. Fue visto por \u00faltima ocasi\u00f3n cuando sali\u00f3 de su domicilio en la localidad de Atoyatempan; se dirig\u00eda al municipio de Tepeaca, sin embargo se desconoce su paradero por lo que familiares ya lo buscan. El joven sali\u00f3 con&#8230;<\/p>\n","protected":false},"author":15,"featured_media":16305,"comment_status":"open","ping_status":"open","sticky":false,"template":"","format":"standard","meta":[],"categories":[20],"tags":[49],"yoast_head":"<!-- This site is optimized with the Yoast SEO plugin v20.8 - https:\/\/yoast.com\/wordpress\/plugins\/seo\/ -->\n<title>Desaparece adolescente con todo y moto; se dirig\u00eda a Tepeaca - The Puebla Times<\/title>\n<meta name=\"robots\" content=\"index, follow, max-snippet:-1, max-image-preview:large, max-video-preview:-1\" \/>\n<link rel=\"canonical\" href=\"https:\/\/thepueblatimes.mx\/index.php\/2021\/10\/18\/desaparece-adolescente-con-todo-y-moto-se-dirigia-a-tepeaca\/\" \/>\n<meta property=\"og:locale\" content=\"es_ES\" \/>\n<meta property=\"og:type\" content=\"article\" \/>\n<meta property=\"og:title\" content=\"Desaparece adolescente con todo y moto; se dirig\u00eda a Tepeaca - The Puebla Times\" \/>\n<meta property=\"og:description\" content=\"Tepeaca, Pue.- La ma\u00f1ana de este lunes desapareci\u00f3 Abel Josu\u00e9 de tan solo 17 a\u00f1os de edad. Fue visto por \u00faltima ocasi\u00f3n cuando sali\u00f3 de su domicilio en la localidad de Atoyatempan; se dirig\u00eda al municipio de Tepeaca, sin embargo se desconoce su paradero por lo que familiares ya lo buscan. El joven sali\u00f3 con...\" \/>\n<meta property=\"og:url\" content=\"https:\/\/thepueblatimes.mx\/index.php\/2021\/10\/18\/desaparece-adolescente-con-todo-y-moto-se-dirigia-a-tepeaca\/\" \/>\n<meta property=\"og:site_name\" content=\"The Puebla Times\" \/>\n<meta property=\"article:published_time\" content=\"2021-10-19T04:54:44+00:00\" \/>\n<meta property=\"og:image\" content=\"https:\/\/thepueblatimes.mx\/wp-content\/uploads\/2021\/10\/24334180-CB60-4CDD-92E8-453BB285F7CD.jpeg\" \/>\n\t<meta property=\"og:image:width\" content=\"650\" \/>\n\t<meta property=\"og:image:height\" content=\"446\" \/>\n\t<meta property=\"og:image:type\" content=\"image\/jpeg\" \/>\n<meta name=\"author\" content=\"Francisco S\u00e1nchez Nolasco\" \/>\n<meta name=\"twitter:card\" content=\"summary_large_image\" \/>\n<meta name=\"twitter:label1\" content=\"Escrito por\" \/>\n\t<meta name=\"twitter:data1\" content=\"Francisco S\u00e1nchez Nolasco\" \/>\n\t<meta name=\"twitter:label2\" content=\"Tiempo de lectura\" \/>\n\t<meta name=\"twitter:data2\" content=\"1 minuto\" \/>\n<script type=\"application\/ld+json\" class=\"yoast-schema-graph\">{\"@context\":\"https:\/\/schema.org\",\"@graph\":[{\"@type\":\"WebPage\",\"@id\":\"https:\/\/thepueblatimes.mx\/index.php\/2021\/10\/18\/desaparece-adolescente-con-todo-y-moto-se-dirigia-a-tepeaca\/\",\"url\":\"https:\/\/thepueblatimes.mx\/index.php\/2021\/10\/18\/desaparece-adolescente-con-todo-y-moto-se-dirigia-a-tepeaca\/\",\"name\":\"Desaparece adolescente con todo y moto; se dirig\u00eda a Tepeaca - The Puebla Times\",\"isPartOf\":{\"@id\":\"https:\/\/thepueblatimes.mx\/#website\"},\"datePublished\":\"2021-10-19T04:54:44+00:00\",\"dateModified\":\"2021-10-19T04:54:44+00:00\",\"author\":{\"@id\":\"https:\/\/thepueblatimes.mx\/#\/schema\/person\/7bdf2adbc50078b104bba72b5612f774\"},\"breadcrumb\":{\"@id\":\"https:\/\/thepueblatimes.mx\/index.php\/2021\/10\/18\/desaparece-adolescente-con-todo-y-moto-se-dirigia-a-tepeaca\/#breadcrumb\"},\"inLanguage\":\"es\",\"potentialAction\":[{\"@type\":\"ReadAction\",\"target\":[\"https:\/\/thepueblatimes.mx\/index.php\/2021\/10\/18\/desaparece-adolescente-con-todo-y-moto-se-dirigia-a-tepeaca\/\"]}]},{\"@type\":\"BreadcrumbList\",\"@id\":\"https:\/\/thepueblatimes.mx\/index.php\/2021\/10\/18\/desaparece-adolescente-con-todo-y-moto-se-dirigia-a-tepeaca\/#breadcrumb\",\"itemListElement\":[{\"@type\":\"ListItem\",\"position\":1,\"name\":\"Portada\",\"item\":\"https:\/\/thepueblatimes.mx\/\"},{\"@type\":\"ListItem\",\"position\":2,\"name\":\"Desaparece adolescente con todo y moto; se dirig\u00eda a Tepeaca\"}]},{\"@type\":\"WebSite\",\"@id\":\"https:\/\/thepueblatimes.mx\/#website\",\"url\":\"https:\/\/thepueblatimes.mx\/\",\"name\":\"The Puebla Times\",\"description\":\"Noticias del Estado de Puebla\",\"potentialAction\":[{\"@type\":\"SearchAction\",\"target\":{\"@type\":\"EntryPoint\",\"urlTemplate\":\"https:\/\/thepueblatimes.mx\/?s={search_term_string}\"},\"query-input\":\"required name=search_term_string\"}],\"inLanguage\":\"es\"},{\"@type\":\"Person\",\"@id\":\"https:\/\/thepueblatimes.mx\/#\/schema\/person\/7bdf2adbc50078b104bba72b5612f774\",\"name\":\"Francisco S\u00e1nchez Nolasco\",\"image\":{\"@type\":\"ImageObject\",\"inLanguage\":\"es\",\"@id\":\"https:\/\/thepueblatimes.mx\/#\/schema\/person\/image\/\",\"url\":\"https:\/\/secure.gravatar.com\/avatar\/6061d7d20b38bc2742a5218401b198d2?s=96&d=mm&r=g\",\"contentUrl\":\"https:\/\/secure.gravatar.com\/avatar\/6061d7d20b38bc2742a5218401b198d2?s=96&d=mm&r=g\",\"caption\":\"Francisco S\u00e1nchez Nolasco\"},\"url\":\"https:\/\/thepueblatimes.mx\/index.php\/author\/marianitha-reyes\/\"}]}<\/script>\n<!-- \/ Yoast SEO plugin. -->","yoast_head_json":{"title":"Desaparece adolescente con todo y moto; se dirig\u00eda a Tepeaca - The Puebla Times","robots":{"index":"index","follow":"follow","max-snippet":"max-snippet:-1","max-image-preview":"max-image-preview:large","max-video-preview":"max-video-preview:-1"},"canonical":"https:\/\/thepueblatimes.mx\/index.php\/2021\/10\/18\/desaparece-adolescente-con-todo-y-moto-se-dirigia-a-tepeaca\/","og_locale":"es_ES","og_type":"article","og_title":"Desaparece adolescente con todo y moto; se dirig\u00eda a Tepeaca - The Puebla Times","og_description":"Tepeaca, Pue.- La ma\u00f1ana de este lunes desapareci\u00f3 Abel Josu\u00e9 de tan solo 17 a\u00f1os de edad. Fue visto por \u00faltima ocasi\u00f3n cuando sali\u00f3 de su domicilio en la localidad de Atoyatempan; se dirig\u00eda al municipio de Tepeaca, sin embargo se desconoce su paradero por lo que familiares ya lo buscan. El joven sali\u00f3 con...","og_url":"https:\/\/thepueblatimes.mx\/index.php\/2021\/10\/18\/desaparece-adolescente-con-todo-y-moto-se-dirigia-a-tepeaca\/","og_site_name":"The Puebla Times","article_published_time":"2021-10-19T04:54:44+00:00","og_image":[{"width":650,"height":446,"url":"https:\/\/thepueblatimes.mx\/wp-content\/uploads\/2021\/10\/24334180-CB60-4CDD-92E8-453BB285F7CD.jpeg","type":"image\/jpeg"}],"author":"Francisco S\u00e1nchez Nolasco","twitter_card":"summary_large_image","twitter_misc":{"Escrito por":"Francisco S\u00e1nchez Nolasco","Tiempo de lectura":"1 minuto"},"schema":{"@context":"https:\/\/schema.org","@graph":[{"@type":"WebPage","@id":"https:\/\/thepueblatimes.mx\/index.php\/2021\/10\/18\/desaparece-adolescente-con-todo-y-moto-se-dirigia-a-tepeaca\/","url":"https:\/\/thepueblatimes.mx\/index.php\/2021\/10\/18\/desaparece-adolescente-con-todo-y-moto-se-dirigia-a-tepeaca\/","name":"Desaparece adolescente con todo y moto; se dirig\u00eda a Tepeaca - The Puebla Times","isPartOf":{"@id":"https:\/\/thepueblatimes.mx\/#website"},"datePublished":"2021-10-19T04:54:44+00:00","dateModified":"2021-10-19T04:54:44+00:00","author":{"@id":"https:\/\/thepueblatimes.mx\/#\/schema\/person\/7bdf2adbc50078b104bba72b5612f774"},"breadcrumb":{"@id":"https:\/\/thepueblatimes.mx\/index.php\/2021\/10\/18\/desaparece-adolescente-con-todo-y-moto-se-dirigia-a-tepeaca\/#breadcrumb"},"inLanguage":"es","potentialAction":[{"@type":"ReadAction","target":["https:\/\/thepueblatimes.mx\/index.php\/2021\/10\/18\/desaparece-adolescente-con-todo-y-moto-se-dirigia-a-tepeaca\/"]}]},{"@type":"BreadcrumbList","@id":"https:\/\/thepueblatimes.mx\/index.php\/2021\/10\/18\/desaparece-adolescente-con-todo-y-moto-se-dirigia-a-tepeaca\/#breadcrumb","itemListElement":[{"@type":"ListItem","position":1,"name":"Portada","item":"https:\/\/thepueblatimes.mx\/"},{"@type":"ListItem","position":2,"name":"Desaparece adolescente con todo y moto; se dirig\u00eda a Tepeaca"}]},{"@type":"WebSite","@id":"https:\/\/thepueblatimes.mx\/#website","url":"https:\/\/thepueblatimes.mx\/","name":"The Puebla Times","description":"Noticias del Estado de Puebla","potentialAction":[{"@type":"SearchAction","target":{"@type":"EntryPoint","urlTemplate":"https:\/\/thepueblatimes.mx\/?s={search_term_string}"},"query-input":"required name=search_term_string"}],"inLanguage":"es"},{"@type":"Person","@id":"https:\/\/thepueblatimes.mx\/#\/schema\/person\/7bdf2adbc50078b104bba72b5612f774","name":"Francisco S\u00e1nchez Nolasco","image":{"@type":"ImageObject","inLanguage":"es","@id":"https:\/\/thepueblatimes.mx\/#\/schema\/person\/image\/","url":"https:\/\/secure.gravatar.com\/avatar\/6061d7d20b38bc2742a5218401b198d2?s=96&d=mm&r=g","contentUrl":"https:\/\/secure.gravatar.com\/avatar\/6061d7d20b38bc2742a5218401b198d2?s=96&d=mm&r=g","caption":"Francisco S\u00e1nchez Nolasco"},"url":"https:\/\/thepueblatimes.mx\/index.php\/author\/marianitha-reyes\/"}]}},"jetpack_featured_media_url":"https:\/\/thepueblatimes.mx\/wp-content\/uploads\/2021\/10\/24334180-CB60-4CDD-92E8-453BB285F7CD.jpeg","_links":{"self":[{"href":"https:\/\/thepueblatimes.mx\/index.php\/wp-json\/wp\/v2\/posts\/16304"}],"collection":[{"href":"https:\/\/thepueblatimes.mx\/index.php\/wp-json\/wp\/v2\/posts"}],"about":[{"href":"https:\/\/thepueblatimes.mx\/index.php\/wp-json\/wp\/v2\/types\/post"}],"author":[{"embeddable":true,"href":"https:\/\/thepueblatimes.mx\/index.php\/wp-json\/wp\/v2\/users\/15"}],"replies":[{"embeddable":true,"href":"https:\/\/thepueblatimes.mx\/index.php\/wp-json\/wp\/v2\/comments?post=16304"}],"version-history":[{"count":1,"href":"https:\/\/thepueblatimes.mx\/index.php\/wp-json\/wp\/v2\/posts\/16304\/revisions"}],"predecessor-version":[{"id":16306,"href":"https:\/\/thepueblatimes.mx\/index.php\/wp-json\/wp\/v2\/posts\/16304\/revisions\/16306"}],"wp:featuredmedia":[{"embeddable":true,"href":"https:\/\/thepueblatimes.mx\/index.php\/wp-json\/wp\/v2\/media\/16305"}],"wp:attachment":[{"href":"https:\/\/thepueblatimes.mx\/index.php\/wp-json\/wp\/v2\/media?parent=16304"}],"wp:term":[{"taxonomy":"category","embeddable":true,"href":"https:\/\/thepueblatimes.mx\/index.php\/wp-json\/wp\/v2\/categories?post=16304"},{"taxonomy":"post_tag","embeddable":true,"href":"https:\/\/thepueblatimes.mx\/index.php\/wp-json\/wp\/v2\/tags?post=16304"}],"curies":[{"name":"wp","href":"https:\/\/api.w.org\/{rel}","templated":true}]}}