{"id":16294,"date":"2021-10-18T23:49:06","date_gmt":"2021-10-19T04:49:06","guid":{"rendered":"https:\/\/thepueblatimes.mx\/?p=16294"},"modified":"2021-10-18T23:49:06","modified_gmt":"2021-10-19T04:49:06","slug":"nino-de-12-anos-seria-el-conductor-que-impacto-a-biker-en-atlixco","status":"publish","type":"post","link":"https:\/\/thepueblatimes.mx\/index.php\/2021\/10\/18\/nino-de-12-anos-seria-el-conductor-que-impacto-a-biker-en-atlixco\/","title":{"rendered":"Ni\u00f1o de 12 a\u00f1os ser\u00eda el conductor que impact\u00f3 a Biker en Atlixco"},"content":{"rendered":"<p>Atlixco, Pue.- <strong>El biker fallecido la tarde de este domingo en la carretera federal Atlixco- Iz\u00facar de Matamoros fue impactado de frente por un menor de 12 a\u00f1os de edad que manejaba la camioneta involucrada de manera \u201cimprudencia\u201d,<\/strong>revelaron compa\u00f1eros de rodada del hoy occiso.<\/p>\n<p>De acuerdo con la versi\u00f3n dada a conocer por fuentes cercanas al motociclista, el grupo de conductores ven\u00eda de visitar Acatl\u00e1n de Osorio, de pasar a Iz\u00facar de Matamoros y en el momento del incidente se dirig\u00edan a la capital del estado de donde era originario.<\/p>\n<p>\u201cAl llegar a los l\u00edmites de las comunidades rurales de La Sabana en Atlixco y de San Juan Huiluco en Huquechula, la camioneta con el ni\u00f1o o joven al volante sali\u00f3 de manera r\u00e1pida e imprudencial de uno de los caminos aleda\u00f1os. Y a pesar de no desplazarse a gran velocidad porque metros antes hab\u00eda topes, no logr\u00f3 frenarse a tiempo\u201d, describieron.<\/p>\n<p>A pesar de ser detenido en el \u00e1rea del siniestro, agreg\u00f3, de alguna manera la ley protege de ir a la c\u00e1rcel al presunto responsable por los a\u00f1os con los que cuenta. \u201cSin embargo, los padres o tutores deben responder mediante la cobertura de la correspondiente reparaci\u00f3n de los da\u00f1os\u201d, acotaron.<\/p>\n<p>Por cierto, los entrevistados lamentaron que tras la muerte del Biker, el cad\u00e1ver permaneciera m\u00e1s de cuatro horas en el asfalto en espera de la llegada de las autoridades encargadas del levantamiento y de las diligencias.<\/p>\n","protected":false},"excerpt":{"rendered":"<p>Atlixco, Pue.- El biker fallecido la tarde de este domingo en la carretera federal Atlixco- Iz\u00facar de Matamoros fue impactado de frente por un menor de 12 a\u00f1os de edad que manejaba la camioneta involucrada de manera \u201cimprudencia\u201d,revelaron compa\u00f1eros de rodada del hoy occiso. De acuerdo con la versi\u00f3n dada a conocer por fuentes cercanas&#8230;<\/p>\n","protected":false},"author":15,"featured_media":16296,"comment_status":"open","ping_status":"open","sticky":false,"template":"","format":"standard","meta":[],"categories":[20],"tags":[49],"yoast_head":"<!-- This site is optimized with the Yoast SEO plugin v20.8 - https:\/\/yoast.com\/wordpress\/plugins\/seo\/ -->\n<title>Ni\u00f1o de 12 a\u00f1os ser\u00eda el conductor que impact\u00f3 a Biker en Atlixco - The Puebla Times<\/title>\n<meta name=\"robots\" content=\"index, follow, max-snippet:-1, max-image-preview:large, max-video-preview:-1\" \/>\n<link rel=\"canonical\" href=\"https:\/\/thepueblatimes.mx\/index.php\/2021\/10\/18\/nino-de-12-anos-seria-el-conductor-que-impacto-a-biker-en-atlixco\/\" \/>\n<meta property=\"og:locale\" content=\"es_ES\" \/>\n<meta property=\"og:type\" content=\"article\" \/>\n<meta property=\"og:title\" content=\"Ni\u00f1o de 12 a\u00f1os ser\u00eda el conductor que impact\u00f3 a Biker en Atlixco - The Puebla Times\" \/>\n<meta property=\"og:description\" content=\"Atlixco, Pue.- El biker fallecido la tarde de este domingo en la carretera federal Atlixco- Iz\u00facar de Matamoros fue impactado de frente por un menor de 12 a\u00f1os de edad que manejaba la camioneta involucrada de manera \u201cimprudencia\u201d,revelaron compa\u00f1eros de rodada del hoy occiso. De acuerdo con la versi\u00f3n dada a conocer por fuentes cercanas...\" \/>\n<meta property=\"og:url\" content=\"https:\/\/thepueblatimes.mx\/index.php\/2021\/10\/18\/nino-de-12-anos-seria-el-conductor-que-impacto-a-biker-en-atlixco\/\" \/>\n<meta property=\"og:site_name\" content=\"The Puebla Times\" \/>\n<meta property=\"article:published_time\" content=\"2021-10-19T04:49:06+00:00\" \/>\n<meta property=\"og:image\" content=\"https:\/\/thepueblatimes.mx\/wp-content\/uploads\/2021\/10\/9DD69884-868C-431E-BFCF-8728CDE89FBF.jpeg\" \/>\n\t<meta property=\"og:image:width\" content=\"948\" \/>\n\t<meta property=\"og:image:height\" content=\"678\" \/>\n\t<meta property=\"og:image:type\" content=\"image\/jpeg\" \/>\n<meta name=\"author\" content=\"Francisco S\u00e1nchez Nolasco\" \/>\n<meta name=\"twitter:card\" content=\"summary_large_image\" \/>\n<meta name=\"twitter:label1\" content=\"Escrito por\" \/>\n\t<meta name=\"twitter:data1\" content=\"Francisco S\u00e1nchez Nolasco\" \/>\n\t<meta name=\"twitter:label2\" content=\"Tiempo de lectura\" \/>\n\t<meta name=\"twitter:data2\" content=\"1 minuto\" \/>\n<script type=\"application\/ld+json\" class=\"yoast-schema-graph\">{\"@context\":\"https:\/\/schema.org\",\"@graph\":[{\"@type\":\"WebPage\",\"@id\":\"https:\/\/thepueblatimes.mx\/index.php\/2021\/10\/18\/nino-de-12-anos-seria-el-conductor-que-impacto-a-biker-en-atlixco\/\",\"url\":\"https:\/\/thepueblatimes.mx\/index.php\/2021\/10\/18\/nino-de-12-anos-seria-el-conductor-que-impacto-a-biker-en-atlixco\/\",\"name\":\"Ni\u00f1o de 12 a\u00f1os ser\u00eda el conductor que impact\u00f3 a Biker en Atlixco - The Puebla Times\",\"isPartOf\":{\"@id\":\"https:\/\/thepueblatimes.mx\/#website\"},\"datePublished\":\"2021-10-19T04:49:06+00:00\",\"dateModified\":\"2021-10-19T04:49:06+00:00\",\"author\":{\"@id\":\"https:\/\/thepueblatimes.mx\/#\/schema\/person\/7bdf2adbc50078b104bba72b5612f774\"},\"breadcrumb\":{\"@id\":\"https:\/\/thepueblatimes.mx\/index.php\/2021\/10\/18\/nino-de-12-anos-seria-el-conductor-que-impacto-a-biker-en-atlixco\/#breadcrumb\"},\"inLanguage\":\"es\",\"potentialAction\":[{\"@type\":\"ReadAction\",\"target\":[\"https:\/\/thepueblatimes.mx\/index.php\/2021\/10\/18\/nino-de-12-anos-seria-el-conductor-que-impacto-a-biker-en-atlixco\/\"]}]},{\"@type\":\"BreadcrumbList\",\"@id\":\"https:\/\/thepueblatimes.mx\/index.php\/2021\/10\/18\/nino-de-12-anos-seria-el-conductor-que-impacto-a-biker-en-atlixco\/#breadcrumb\",\"itemListElement\":[{\"@type\":\"ListItem\",\"position\":1,\"name\":\"Portada\",\"item\":\"https:\/\/thepueblatimes.mx\/\"},{\"@type\":\"ListItem\",\"position\":2,\"name\":\"Ni\u00f1o de 12 a\u00f1os ser\u00eda el conductor que impact\u00f3 a Biker en Atlixco\"}]},{\"@type\":\"WebSite\",\"@id\":\"https:\/\/thepueblatimes.mx\/#website\",\"url\":\"https:\/\/thepueblatimes.mx\/\",\"name\":\"The Puebla Times\",\"description\":\"Noticias del Estado de Puebla\",\"potentialAction\":[{\"@type\":\"SearchAction\",\"target\":{\"@type\":\"EntryPoint\",\"urlTemplate\":\"https:\/\/thepueblatimes.mx\/?s={search_term_string}\"},\"query-input\":\"required name=search_term_string\"}],\"inLanguage\":\"es\"},{\"@type\":\"Person\",\"@id\":\"https:\/\/thepueblatimes.mx\/#\/schema\/person\/7bdf2adbc50078b104bba72b5612f774\",\"name\":\"Francisco S\u00e1nchez Nolasco\",\"image\":{\"@type\":\"ImageObject\",\"inLanguage\":\"es\",\"@id\":\"https:\/\/thepueblatimes.mx\/#\/schema\/person\/image\/\",\"url\":\"https:\/\/secure.gravatar.com\/avatar\/6061d7d20b38bc2742a5218401b198d2?s=96&d=mm&r=g\",\"contentUrl\":\"https:\/\/secure.gravatar.com\/avatar\/6061d7d20b38bc2742a5218401b198d2?s=96&d=mm&r=g\",\"caption\":\"Francisco S\u00e1nchez Nolasco\"},\"url\":\"https:\/\/thepueblatimes.mx\/index.php\/author\/marianitha-reyes\/\"}]}<\/script>\n<!-- \/ Yoast SEO plugin. -->","yoast_head_json":{"title":"Ni\u00f1o de 12 a\u00f1os ser\u00eda el conductor que impact\u00f3 a Biker en Atlixco - The Puebla Times","robots":{"index":"index","follow":"follow","max-snippet":"max-snippet:-1","max-image-preview":"max-image-preview:large","max-video-preview":"max-video-preview:-1"},"canonical":"https:\/\/thepueblatimes.mx\/index.php\/2021\/10\/18\/nino-de-12-anos-seria-el-conductor-que-impacto-a-biker-en-atlixco\/","og_locale":"es_ES","og_type":"article","og_title":"Ni\u00f1o de 12 a\u00f1os ser\u00eda el conductor que impact\u00f3 a Biker en Atlixco - The Puebla Times","og_description":"Atlixco, Pue.- El biker fallecido la tarde de este domingo en la carretera federal Atlixco- Iz\u00facar de Matamoros fue impactado de frente por un menor de 12 a\u00f1os de edad que manejaba la camioneta involucrada de manera \u201cimprudencia\u201d,revelaron compa\u00f1eros de rodada del hoy occiso. De acuerdo con la versi\u00f3n dada a conocer por fuentes cercanas...","og_url":"https:\/\/thepueblatimes.mx\/index.php\/2021\/10\/18\/nino-de-12-anos-seria-el-conductor-que-impacto-a-biker-en-atlixco\/","og_site_name":"The Puebla Times","article_published_time":"2021-10-19T04:49:06+00:00","og_image":[{"width":948,"height":678,"url":"https:\/\/thepueblatimes.mx\/wp-content\/uploads\/2021\/10\/9DD69884-868C-431E-BFCF-8728CDE89FBF.jpeg","type":"image\/jpeg"}],"author":"Francisco S\u00e1nchez Nolasco","twitter_card":"summary_large_image","twitter_misc":{"Escrito por":"Francisco S\u00e1nchez Nolasco","Tiempo de lectura":"1 minuto"},"schema":{"@context":"https:\/\/schema.org","@graph":[{"@type":"WebPage","@id":"https:\/\/thepueblatimes.mx\/index.php\/2021\/10\/18\/nino-de-12-anos-seria-el-conductor-que-impacto-a-biker-en-atlixco\/","url":"https:\/\/thepueblatimes.mx\/index.php\/2021\/10\/18\/nino-de-12-anos-seria-el-conductor-que-impacto-a-biker-en-atlixco\/","name":"Ni\u00f1o de 12 a\u00f1os ser\u00eda el conductor que impact\u00f3 a Biker en Atlixco - The Puebla Times","isPartOf":{"@id":"https:\/\/thepueblatimes.mx\/#website"},"datePublished":"2021-10-19T04:49:06+00:00","dateModified":"2021-10-19T04:49:06+00:00","author":{"@id":"https:\/\/thepueblatimes.mx\/#\/schema\/person\/7bdf2adbc50078b104bba72b5612f774"},"breadcrumb":{"@id":"https:\/\/thepueblatimes.mx\/index.php\/2021\/10\/18\/nino-de-12-anos-seria-el-conductor-que-impacto-a-biker-en-atlixco\/#breadcrumb"},"inLanguage":"es","potentialAction":[{"@type":"ReadAction","target":["https:\/\/thepueblatimes.mx\/index.php\/2021\/10\/18\/nino-de-12-anos-seria-el-conductor-que-impacto-a-biker-en-atlixco\/"]}]},{"@type":"BreadcrumbList","@id":"https:\/\/thepueblatimes.mx\/index.php\/2021\/10\/18\/nino-de-12-anos-seria-el-conductor-que-impacto-a-biker-en-atlixco\/#breadcrumb","itemListElement":[{"@type":"ListItem","position":1,"name":"Portada","item":"https:\/\/thepueblatimes.mx\/"},{"@type":"ListItem","position":2,"name":"Ni\u00f1o de 12 a\u00f1os ser\u00eda el conductor que impact\u00f3 a Biker en Atlixco"}]},{"@type":"WebSite","@id":"https:\/\/thepueblatimes.mx\/#website","url":"https:\/\/thepueblatimes.mx\/","name":"The Puebla Times","description":"Noticias del Estado de Puebla","potentialAction":[{"@type":"SearchAction","target":{"@type":"EntryPoint","urlTemplate":"https:\/\/thepueblatimes.mx\/?s={search_term_string}"},"query-input":"required name=search_term_string"}],"inLanguage":"es"},{"@type":"Person","@id":"https:\/\/thepueblatimes.mx\/#\/schema\/person\/7bdf2adbc50078b104bba72b5612f774","name":"Francisco S\u00e1nchez Nolasco","image":{"@type":"ImageObject","inLanguage":"es","@id":"https:\/\/thepueblatimes.mx\/#\/schema\/person\/image\/","url":"https:\/\/secure.gravatar.com\/avatar\/6061d7d20b38bc2742a5218401b198d2?s=96&d=mm&r=g","contentUrl":"https:\/\/secure.gravatar.com\/avatar\/6061d7d20b38bc2742a5218401b198d2?s=96&d=mm&r=g","caption":"Francisco S\u00e1nchez Nolasco"},"url":"https:\/\/thepueblatimes.mx\/index.php\/author\/marianitha-reyes\/"}]}},"jetpack_featured_media_url":"https:\/\/thepueblatimes.mx\/wp-content\/uploads\/2021\/10\/9DD69884-868C-431E-BFCF-8728CDE89FBF.jpeg","_links":{"self":[{"href":"https:\/\/thepueblatimes.mx\/index.php\/wp-json\/wp\/v2\/posts\/16294"}],"collection":[{"href":"https:\/\/thepueblatimes.mx\/index.php\/wp-json\/wp\/v2\/posts"}],"about":[{"href":"https:\/\/thepueblatimes.mx\/index.php\/wp-json\/wp\/v2\/types\/post"}],"author":[{"embeddable":true,"href":"https:\/\/thepueblatimes.mx\/index.php\/wp-json\/wp\/v2\/users\/15"}],"replies":[{"embeddable":true,"href":"https:\/\/thepueblatimes.mx\/index.php\/wp-json\/wp\/v2\/comments?post=16294"}],"version-history":[{"count":1,"href":"https:\/\/thepueblatimes.mx\/index.php\/wp-json\/wp\/v2\/posts\/16294\/revisions"}],"predecessor-version":[{"id":16297,"href":"https:\/\/thepueblatimes.mx\/index.php\/wp-json\/wp\/v2\/posts\/16294\/revisions\/16297"}],"wp:featuredmedia":[{"embeddable":true,"href":"https:\/\/thepueblatimes.mx\/index.php\/wp-json\/wp\/v2\/media\/16296"}],"wp:attachment":[{"href":"https:\/\/thepueblatimes.mx\/index.php\/wp-json\/wp\/v2\/media?parent=16294"}],"wp:term":[{"taxonomy":"category","embeddable":true,"href":"https:\/\/thepueblatimes.mx\/index.php\/wp-json\/wp\/v2\/categories?post=16294"},{"taxonomy":"post_tag","embeddable":true,"href":"https:\/\/thepueblatimes.mx\/index.php\/wp-json\/wp\/v2\/tags?post=16294"}],"curies":[{"name":"wp","href":"https:\/\/api.w.org\/{rel}","templated":true}]}}