{"id":16291,"date":"2021-10-18T23:46:54","date_gmt":"2021-10-19T04:46:54","guid":{"rendered":"https:\/\/thepueblatimes.mx\/?p=16291"},"modified":"2021-10-18T23:46:54","modified_gmt":"2021-10-19T04:46:54","slug":"arrebatan-340-mil-pesos-a-cuentahabiente-en-palmas-plaza","status":"publish","type":"post","link":"https:\/\/thepueblatimes.mx\/index.php\/2021\/10\/18\/arrebatan-340-mil-pesos-a-cuentahabiente-en-palmas-plaza\/","title":{"rendered":"Arrebatan 340 mil pesos a cuentahabiente en Palmas Plaza"},"content":{"rendered":"<p>Puebla, Pue.- <strong>Un cuentahabiente fue asaltado en Palmas Plaza, donde sujetos armados le arrebataron 341 mil pesos que llevaba en efectivo.<\/strong><\/p>\n<p>De acuerdo con los primeros reportes, la v\u00edctima se encontraba en el estacionamiento de Palmas Plaza, donde dos sujetos lo enca\u00f1aron para arrebatarle el dinero. Tres despojarlo, huyeron\u00a0del lugar a bordo de una\u00a0camioneta.<\/p>\n<p>El asalto ocurri\u00f3 alrededor de las\u00a012:30 horas, tras lo cual, se alert\u00f3 a la polic\u00eda estatal y municipal.<\/p>\n<p>Aunque se mont\u00f3 un operativo, no hubo detenidos ni se tiene mayor informaci\u00f3n sobre los delincuentes, aunque se presume persiguieron a la v\u00edctima desde Plaza San Diego, en San Pedro Cholula.<\/p>\n","protected":false},"excerpt":{"rendered":"<p>Puebla, Pue.- Un cuentahabiente fue asaltado en Palmas Plaza, donde sujetos armados le arrebataron 341 mil pesos que llevaba en efectivo. De acuerdo con los primeros reportes, la v\u00edctima se encontraba en el estacionamiento de Palmas Plaza, donde dos sujetos lo enca\u00f1aron para arrebatarle el dinero. Tres despojarlo, huyeron\u00a0del lugar a bordo de una\u00a0camioneta. El&#8230;<\/p>\n","protected":false},"author":15,"featured_media":16292,"comment_status":"open","ping_status":"open","sticky":false,"template":"","format":"standard","meta":[],"categories":[20],"tags":[49],"yoast_head":"<!-- This site is optimized with the Yoast SEO plugin v20.8 - https:\/\/yoast.com\/wordpress\/plugins\/seo\/ -->\n<title>Arrebatan 340 mil pesos a cuentahabiente en Palmas Plaza - The Puebla Times<\/title>\n<meta name=\"robots\" content=\"index, follow, max-snippet:-1, max-image-preview:large, max-video-preview:-1\" \/>\n<link rel=\"canonical\" href=\"https:\/\/thepueblatimes.mx\/index.php\/2021\/10\/18\/arrebatan-340-mil-pesos-a-cuentahabiente-en-palmas-plaza\/\" \/>\n<meta property=\"og:locale\" content=\"es_ES\" \/>\n<meta property=\"og:type\" content=\"article\" \/>\n<meta property=\"og:title\" content=\"Arrebatan 340 mil pesos a cuentahabiente en Palmas Plaza - The Puebla Times\" \/>\n<meta property=\"og:description\" content=\"Puebla, Pue.- Un cuentahabiente fue asaltado en Palmas Plaza, donde sujetos armados le arrebataron 341 mil pesos que llevaba en efectivo. De acuerdo con los primeros reportes, la v\u00edctima se encontraba en el estacionamiento de Palmas Plaza, donde dos sujetos lo enca\u00f1aron para arrebatarle el dinero. Tres despojarlo, huyeron\u00a0del lugar a bordo de una\u00a0camioneta. El...\" \/>\n<meta property=\"og:url\" content=\"https:\/\/thepueblatimes.mx\/index.php\/2021\/10\/18\/arrebatan-340-mil-pesos-a-cuentahabiente-en-palmas-plaza\/\" \/>\n<meta property=\"og:site_name\" content=\"The Puebla Times\" \/>\n<meta property=\"article:published_time\" content=\"2021-10-19T04:46:54+00:00\" \/>\n<meta property=\"og:image\" content=\"https:\/\/thepueblatimes.mx\/wp-content\/uploads\/2021\/10\/09980F16-3172-45CD-A151-32A5B8431D8E.jpeg\" \/>\n\t<meta property=\"og:image:width\" content=\"1024\" \/>\n\t<meta property=\"og:image:height\" content=\"768\" \/>\n\t<meta property=\"og:image:type\" content=\"image\/jpeg\" \/>\n<meta name=\"author\" content=\"Francisco S\u00e1nchez Nolasco\" \/>\n<meta name=\"twitter:card\" content=\"summary_large_image\" \/>\n<meta name=\"twitter:label1\" content=\"Escrito por\" \/>\n\t<meta name=\"twitter:data1\" content=\"Francisco S\u00e1nchez Nolasco\" \/>\n\t<meta name=\"twitter:label2\" content=\"Tiempo de lectura\" \/>\n\t<meta name=\"twitter:data2\" content=\"1 minuto\" \/>\n<script type=\"application\/ld+json\" class=\"yoast-schema-graph\">{\"@context\":\"https:\/\/schema.org\",\"@graph\":[{\"@type\":\"WebPage\",\"@id\":\"https:\/\/thepueblatimes.mx\/index.php\/2021\/10\/18\/arrebatan-340-mil-pesos-a-cuentahabiente-en-palmas-plaza\/\",\"url\":\"https:\/\/thepueblatimes.mx\/index.php\/2021\/10\/18\/arrebatan-340-mil-pesos-a-cuentahabiente-en-palmas-plaza\/\",\"name\":\"Arrebatan 340 mil pesos a cuentahabiente en Palmas Plaza - The Puebla Times\",\"isPartOf\":{\"@id\":\"https:\/\/thepueblatimes.mx\/#website\"},\"datePublished\":\"2021-10-19T04:46:54+00:00\",\"dateModified\":\"2021-10-19T04:46:54+00:00\",\"author\":{\"@id\":\"https:\/\/thepueblatimes.mx\/#\/schema\/person\/7bdf2adbc50078b104bba72b5612f774\"},\"breadcrumb\":{\"@id\":\"https:\/\/thepueblatimes.mx\/index.php\/2021\/10\/18\/arrebatan-340-mil-pesos-a-cuentahabiente-en-palmas-plaza\/#breadcrumb\"},\"inLanguage\":\"es\",\"potentialAction\":[{\"@type\":\"ReadAction\",\"target\":[\"https:\/\/thepueblatimes.mx\/index.php\/2021\/10\/18\/arrebatan-340-mil-pesos-a-cuentahabiente-en-palmas-plaza\/\"]}]},{\"@type\":\"BreadcrumbList\",\"@id\":\"https:\/\/thepueblatimes.mx\/index.php\/2021\/10\/18\/arrebatan-340-mil-pesos-a-cuentahabiente-en-palmas-plaza\/#breadcrumb\",\"itemListElement\":[{\"@type\":\"ListItem\",\"position\":1,\"name\":\"Portada\",\"item\":\"https:\/\/thepueblatimes.mx\/\"},{\"@type\":\"ListItem\",\"position\":2,\"name\":\"Arrebatan 340 mil pesos a cuentahabiente en Palmas Plaza\"}]},{\"@type\":\"WebSite\",\"@id\":\"https:\/\/thepueblatimes.mx\/#website\",\"url\":\"https:\/\/thepueblatimes.mx\/\",\"name\":\"The Puebla Times\",\"description\":\"Noticias del Estado de Puebla\",\"potentialAction\":[{\"@type\":\"SearchAction\",\"target\":{\"@type\":\"EntryPoint\",\"urlTemplate\":\"https:\/\/thepueblatimes.mx\/?s={search_term_string}\"},\"query-input\":\"required name=search_term_string\"}],\"inLanguage\":\"es\"},{\"@type\":\"Person\",\"@id\":\"https:\/\/thepueblatimes.mx\/#\/schema\/person\/7bdf2adbc50078b104bba72b5612f774\",\"name\":\"Francisco S\u00e1nchez Nolasco\",\"image\":{\"@type\":\"ImageObject\",\"inLanguage\":\"es\",\"@id\":\"https:\/\/thepueblatimes.mx\/#\/schema\/person\/image\/\",\"url\":\"https:\/\/secure.gravatar.com\/avatar\/6061d7d20b38bc2742a5218401b198d2?s=96&d=mm&r=g\",\"contentUrl\":\"https:\/\/secure.gravatar.com\/avatar\/6061d7d20b38bc2742a5218401b198d2?s=96&d=mm&r=g\",\"caption\":\"Francisco S\u00e1nchez Nolasco\"},\"url\":\"https:\/\/thepueblatimes.mx\/index.php\/author\/marianitha-reyes\/\"}]}<\/script>\n<!-- \/ Yoast SEO plugin. -->","yoast_head_json":{"title":"Arrebatan 340 mil pesos a cuentahabiente en Palmas Plaza - The Puebla Times","robots":{"index":"index","follow":"follow","max-snippet":"max-snippet:-1","max-image-preview":"max-image-preview:large","max-video-preview":"max-video-preview:-1"},"canonical":"https:\/\/thepueblatimes.mx\/index.php\/2021\/10\/18\/arrebatan-340-mil-pesos-a-cuentahabiente-en-palmas-plaza\/","og_locale":"es_ES","og_type":"article","og_title":"Arrebatan 340 mil pesos a cuentahabiente en Palmas Plaza - The Puebla Times","og_description":"Puebla, Pue.- Un cuentahabiente fue asaltado en Palmas Plaza, donde sujetos armados le arrebataron 341 mil pesos que llevaba en efectivo. De acuerdo con los primeros reportes, la v\u00edctima se encontraba en el estacionamiento de Palmas Plaza, donde dos sujetos lo enca\u00f1aron para arrebatarle el dinero. Tres despojarlo, huyeron\u00a0del lugar a bordo de una\u00a0camioneta. El...","og_url":"https:\/\/thepueblatimes.mx\/index.php\/2021\/10\/18\/arrebatan-340-mil-pesos-a-cuentahabiente-en-palmas-plaza\/","og_site_name":"The Puebla Times","article_published_time":"2021-10-19T04:46:54+00:00","og_image":[{"width":1024,"height":768,"url":"https:\/\/thepueblatimes.mx\/wp-content\/uploads\/2021\/10\/09980F16-3172-45CD-A151-32A5B8431D8E.jpeg","type":"image\/jpeg"}],"author":"Francisco S\u00e1nchez Nolasco","twitter_card":"summary_large_image","twitter_misc":{"Escrito por":"Francisco S\u00e1nchez Nolasco","Tiempo de lectura":"1 minuto"},"schema":{"@context":"https:\/\/schema.org","@graph":[{"@type":"WebPage","@id":"https:\/\/thepueblatimes.mx\/index.php\/2021\/10\/18\/arrebatan-340-mil-pesos-a-cuentahabiente-en-palmas-plaza\/","url":"https:\/\/thepueblatimes.mx\/index.php\/2021\/10\/18\/arrebatan-340-mil-pesos-a-cuentahabiente-en-palmas-plaza\/","name":"Arrebatan 340 mil pesos a cuentahabiente en Palmas Plaza - The Puebla Times","isPartOf":{"@id":"https:\/\/thepueblatimes.mx\/#website"},"datePublished":"2021-10-19T04:46:54+00:00","dateModified":"2021-10-19T04:46:54+00:00","author":{"@id":"https:\/\/thepueblatimes.mx\/#\/schema\/person\/7bdf2adbc50078b104bba72b5612f774"},"breadcrumb":{"@id":"https:\/\/thepueblatimes.mx\/index.php\/2021\/10\/18\/arrebatan-340-mil-pesos-a-cuentahabiente-en-palmas-plaza\/#breadcrumb"},"inLanguage":"es","potentialAction":[{"@type":"ReadAction","target":["https:\/\/thepueblatimes.mx\/index.php\/2021\/10\/18\/arrebatan-340-mil-pesos-a-cuentahabiente-en-palmas-plaza\/"]}]},{"@type":"BreadcrumbList","@id":"https:\/\/thepueblatimes.mx\/index.php\/2021\/10\/18\/arrebatan-340-mil-pesos-a-cuentahabiente-en-palmas-plaza\/#breadcrumb","itemListElement":[{"@type":"ListItem","position":1,"name":"Portada","item":"https:\/\/thepueblatimes.mx\/"},{"@type":"ListItem","position":2,"name":"Arrebatan 340 mil pesos a cuentahabiente en Palmas Plaza"}]},{"@type":"WebSite","@id":"https:\/\/thepueblatimes.mx\/#website","url":"https:\/\/thepueblatimes.mx\/","name":"The Puebla Times","description":"Noticias del Estado de Puebla","potentialAction":[{"@type":"SearchAction","target":{"@type":"EntryPoint","urlTemplate":"https:\/\/thepueblatimes.mx\/?s={search_term_string}"},"query-input":"required name=search_term_string"}],"inLanguage":"es"},{"@type":"Person","@id":"https:\/\/thepueblatimes.mx\/#\/schema\/person\/7bdf2adbc50078b104bba72b5612f774","name":"Francisco S\u00e1nchez Nolasco","image":{"@type":"ImageObject","inLanguage":"es","@id":"https:\/\/thepueblatimes.mx\/#\/schema\/person\/image\/","url":"https:\/\/secure.gravatar.com\/avatar\/6061d7d20b38bc2742a5218401b198d2?s=96&d=mm&r=g","contentUrl":"https:\/\/secure.gravatar.com\/avatar\/6061d7d20b38bc2742a5218401b198d2?s=96&d=mm&r=g","caption":"Francisco S\u00e1nchez Nolasco"},"url":"https:\/\/thepueblatimes.mx\/index.php\/author\/marianitha-reyes\/"}]}},"jetpack_featured_media_url":"https:\/\/thepueblatimes.mx\/wp-content\/uploads\/2021\/10\/09980F16-3172-45CD-A151-32A5B8431D8E.jpeg","_links":{"self":[{"href":"https:\/\/thepueblatimes.mx\/index.php\/wp-json\/wp\/v2\/posts\/16291"}],"collection":[{"href":"https:\/\/thepueblatimes.mx\/index.php\/wp-json\/wp\/v2\/posts"}],"about":[{"href":"https:\/\/thepueblatimes.mx\/index.php\/wp-json\/wp\/v2\/types\/post"}],"author":[{"embeddable":true,"href":"https:\/\/thepueblatimes.mx\/index.php\/wp-json\/wp\/v2\/users\/15"}],"replies":[{"embeddable":true,"href":"https:\/\/thepueblatimes.mx\/index.php\/wp-json\/wp\/v2\/comments?post=16291"}],"version-history":[{"count":1,"href":"https:\/\/thepueblatimes.mx\/index.php\/wp-json\/wp\/v2\/posts\/16291\/revisions"}],"predecessor-version":[{"id":16293,"href":"https:\/\/thepueblatimes.mx\/index.php\/wp-json\/wp\/v2\/posts\/16291\/revisions\/16293"}],"wp:featuredmedia":[{"embeddable":true,"href":"https:\/\/thepueblatimes.mx\/index.php\/wp-json\/wp\/v2\/media\/16292"}],"wp:attachment":[{"href":"https:\/\/thepueblatimes.mx\/index.php\/wp-json\/wp\/v2\/media?parent=16291"}],"wp:term":[{"taxonomy":"category","embeddable":true,"href":"https:\/\/thepueblatimes.mx\/index.php\/wp-json\/wp\/v2\/categories?post=16291"},{"taxonomy":"post_tag","embeddable":true,"href":"https:\/\/thepueblatimes.mx\/index.php\/wp-json\/wp\/v2\/tags?post=16291"}],"curies":[{"name":"wp","href":"https:\/\/api.w.org\/{rel}","templated":true}]}}