{"id":16288,"date":"2021-10-15T22:03:24","date_gmt":"2021-10-16T03:03:24","guid":{"rendered":"https:\/\/thepueblatimes.mx\/?p=16288"},"modified":"2021-10-15T22:03:24","modified_gmt":"2021-10-16T03:03:24","slug":"detienen-a-el-millonario-de-cartel-de-santa-por-homicidio","status":"publish","type":"post","link":"https:\/\/thepueblatimes.mx\/index.php\/2021\/10\/15\/detienen-a-el-millonario-de-cartel-de-santa-por-homicidio\/","title":{"rendered":"Detienen a El Millonario, de C\u00e1rtel de Santa, por homicidio"},"content":{"rendered":"<p><strong>En\u00a0Nuevo Le\u00f3n, elementos de la\u00a0Agencia Estatal de Investigaciones\u00a0realizaron la\u00a0detenci\u00f3n\u00a0de\u00a0C\u00e9sar Renato \u201cS\u201d, mejor conocido com\u00a0El Millonario\u00a0e integrante del grupo musical\u00a0C\u00e1rtel de Santa<\/strong>.<\/p>\n<p>El Millonario, de 36 a\u00f1os de edad, es se\u00f1alado por el delito de\u00a0homicidio calificado\u00a0ocurrido en julio pasado en\u00a0Escobedo.<\/p>\n<p>Se detall\u00f3 que la captura de\u00a0C\u00e9sar Renato \u201cS\u201d\u00a0fue realizada al interior de un restaurante ubicado en la\u00a0Plaza Comercial Citadina\u00a0la noche del 14 de octubre, la cual se ubica en el municipio\u00a0de\u00a0Apodaca.<\/p>\n<p>Seg\u00fan autoridades estatales, el 15 de julio de 2021 se realiz\u00f3 el hallazgo de una persona muerta por causas violentas, en la calle San Gabriel en la colonia Residencial San Miguel, en Escobedo.<\/p>\n<p>El hombre muerto fue identificado como Jose Guadalupe \u201cJ\u201d, de 29 a\u00f1os de edad, quien ten\u00eda un\u00a0golpe contuso en la regi\u00f3n cef\u00e1lica.<\/p>\n<p>Las investigaciones llevaron a que el m\u00fasico de C\u00e1rtel de Santa ser\u00eda uno de los presuntos responsables de este homicidio.<\/p>\n","protected":false},"excerpt":{"rendered":"<p>En\u00a0Nuevo Le\u00f3n, elementos de la\u00a0Agencia Estatal de Investigaciones\u00a0realizaron la\u00a0detenci\u00f3n\u00a0de\u00a0C\u00e9sar Renato \u201cS\u201d, mejor conocido com\u00a0El Millonario\u00a0e integrante del grupo musical\u00a0C\u00e1rtel de Santa. El Millonario, de 36 a\u00f1os de edad, es se\u00f1alado por el delito de\u00a0homicidio calificado\u00a0ocurrido en julio pasado en\u00a0Escobedo. Se detall\u00f3 que la captura de\u00a0C\u00e9sar Renato \u201cS\u201d\u00a0fue realizada al interior de un restaurante ubicado en&#8230;<\/p>\n","protected":false},"author":15,"featured_media":16289,"comment_status":"open","ping_status":"open","sticky":false,"template":"","format":"standard","meta":[],"categories":[20],"tags":[49],"yoast_head":"<!-- This site is optimized with the Yoast SEO plugin v20.8 - https:\/\/yoast.com\/wordpress\/plugins\/seo\/ -->\n<title>Detienen a El Millonario, de C\u00e1rtel de Santa, por homicidio - The Puebla Times<\/title>\n<meta name=\"robots\" content=\"index, follow, max-snippet:-1, max-image-preview:large, max-video-preview:-1\" \/>\n<link rel=\"canonical\" href=\"https:\/\/thepueblatimes.mx\/index.php\/2021\/10\/15\/detienen-a-el-millonario-de-cartel-de-santa-por-homicidio\/\" \/>\n<meta property=\"og:locale\" content=\"es_ES\" \/>\n<meta property=\"og:type\" content=\"article\" \/>\n<meta property=\"og:title\" content=\"Detienen a El Millonario, de C\u00e1rtel de Santa, por homicidio - The Puebla Times\" \/>\n<meta property=\"og:description\" content=\"En\u00a0Nuevo Le\u00f3n, elementos de la\u00a0Agencia Estatal de Investigaciones\u00a0realizaron la\u00a0detenci\u00f3n\u00a0de\u00a0C\u00e9sar Renato \u201cS\u201d, mejor conocido com\u00a0El Millonario\u00a0e integrante del grupo musical\u00a0C\u00e1rtel de Santa. El Millonario, de 36 a\u00f1os de edad, es se\u00f1alado por el delito de\u00a0homicidio calificado\u00a0ocurrido en julio pasado en\u00a0Escobedo. Se detall\u00f3 que la captura de\u00a0C\u00e9sar Renato \u201cS\u201d\u00a0fue realizada al interior de un restaurante ubicado en...\" \/>\n<meta property=\"og:url\" content=\"https:\/\/thepueblatimes.mx\/index.php\/2021\/10\/15\/detienen-a-el-millonario-de-cartel-de-santa-por-homicidio\/\" \/>\n<meta property=\"og:site_name\" content=\"The Puebla Times\" \/>\n<meta property=\"article:published_time\" content=\"2021-10-16T03:03:24+00:00\" \/>\n<meta property=\"og:image\" content=\"https:\/\/thepueblatimes.mx\/wp-content\/uploads\/2021\/10\/8B4C3E93-4134-4DFD-8A39-2279EB15353C.jpeg\" \/>\n\t<meta property=\"og:image:width\" content=\"980\" \/>\n\t<meta property=\"og:image:height\" content=\"550\" \/>\n\t<meta property=\"og:image:type\" content=\"image\/jpeg\" \/>\n<meta name=\"author\" content=\"Francisco S\u00e1nchez Nolasco\" \/>\n<meta name=\"twitter:card\" content=\"summary_large_image\" \/>\n<meta name=\"twitter:label1\" content=\"Escrito por\" \/>\n\t<meta name=\"twitter:data1\" content=\"Francisco S\u00e1nchez Nolasco\" \/>\n\t<meta name=\"twitter:label2\" content=\"Tiempo de lectura\" \/>\n\t<meta name=\"twitter:data2\" content=\"1 minuto\" \/>\n<script type=\"application\/ld+json\" class=\"yoast-schema-graph\">{\"@context\":\"https:\/\/schema.org\",\"@graph\":[{\"@type\":\"WebPage\",\"@id\":\"https:\/\/thepueblatimes.mx\/index.php\/2021\/10\/15\/detienen-a-el-millonario-de-cartel-de-santa-por-homicidio\/\",\"url\":\"https:\/\/thepueblatimes.mx\/index.php\/2021\/10\/15\/detienen-a-el-millonario-de-cartel-de-santa-por-homicidio\/\",\"name\":\"Detienen a El Millonario, de C\u00e1rtel de Santa, por homicidio - The Puebla Times\",\"isPartOf\":{\"@id\":\"https:\/\/thepueblatimes.mx\/#website\"},\"datePublished\":\"2021-10-16T03:03:24+00:00\",\"dateModified\":\"2021-10-16T03:03:24+00:00\",\"author\":{\"@id\":\"https:\/\/thepueblatimes.mx\/#\/schema\/person\/7bdf2adbc50078b104bba72b5612f774\"},\"breadcrumb\":{\"@id\":\"https:\/\/thepueblatimes.mx\/index.php\/2021\/10\/15\/detienen-a-el-millonario-de-cartel-de-santa-por-homicidio\/#breadcrumb\"},\"inLanguage\":\"es\",\"potentialAction\":[{\"@type\":\"ReadAction\",\"target\":[\"https:\/\/thepueblatimes.mx\/index.php\/2021\/10\/15\/detienen-a-el-millonario-de-cartel-de-santa-por-homicidio\/\"]}]},{\"@type\":\"BreadcrumbList\",\"@id\":\"https:\/\/thepueblatimes.mx\/index.php\/2021\/10\/15\/detienen-a-el-millonario-de-cartel-de-santa-por-homicidio\/#breadcrumb\",\"itemListElement\":[{\"@type\":\"ListItem\",\"position\":1,\"name\":\"Portada\",\"item\":\"https:\/\/thepueblatimes.mx\/\"},{\"@type\":\"ListItem\",\"position\":2,\"name\":\"Detienen a El Millonario, de C\u00e1rtel de Santa, por homicidio\"}]},{\"@type\":\"WebSite\",\"@id\":\"https:\/\/thepueblatimes.mx\/#website\",\"url\":\"https:\/\/thepueblatimes.mx\/\",\"name\":\"The Puebla Times\",\"description\":\"Noticias del Estado de Puebla\",\"potentialAction\":[{\"@type\":\"SearchAction\",\"target\":{\"@type\":\"EntryPoint\",\"urlTemplate\":\"https:\/\/thepueblatimes.mx\/?s={search_term_string}\"},\"query-input\":\"required name=search_term_string\"}],\"inLanguage\":\"es\"},{\"@type\":\"Person\",\"@id\":\"https:\/\/thepueblatimes.mx\/#\/schema\/person\/7bdf2adbc50078b104bba72b5612f774\",\"name\":\"Francisco S\u00e1nchez Nolasco\",\"image\":{\"@type\":\"ImageObject\",\"inLanguage\":\"es\",\"@id\":\"https:\/\/thepueblatimes.mx\/#\/schema\/person\/image\/\",\"url\":\"https:\/\/secure.gravatar.com\/avatar\/6061d7d20b38bc2742a5218401b198d2?s=96&d=mm&r=g\",\"contentUrl\":\"https:\/\/secure.gravatar.com\/avatar\/6061d7d20b38bc2742a5218401b198d2?s=96&d=mm&r=g\",\"caption\":\"Francisco S\u00e1nchez Nolasco\"},\"url\":\"https:\/\/thepueblatimes.mx\/index.php\/author\/marianitha-reyes\/\"}]}<\/script>\n<!-- \/ Yoast SEO plugin. -->","yoast_head_json":{"title":"Detienen a El Millonario, de C\u00e1rtel de Santa, por homicidio - The Puebla Times","robots":{"index":"index","follow":"follow","max-snippet":"max-snippet:-1","max-image-preview":"max-image-preview:large","max-video-preview":"max-video-preview:-1"},"canonical":"https:\/\/thepueblatimes.mx\/index.php\/2021\/10\/15\/detienen-a-el-millonario-de-cartel-de-santa-por-homicidio\/","og_locale":"es_ES","og_type":"article","og_title":"Detienen a El Millonario, de C\u00e1rtel de Santa, por homicidio - The Puebla Times","og_description":"En\u00a0Nuevo Le\u00f3n, elementos de la\u00a0Agencia Estatal de Investigaciones\u00a0realizaron la\u00a0detenci\u00f3n\u00a0de\u00a0C\u00e9sar Renato \u201cS\u201d, mejor conocido com\u00a0El Millonario\u00a0e integrante del grupo musical\u00a0C\u00e1rtel de Santa. El Millonario, de 36 a\u00f1os de edad, es se\u00f1alado por el delito de\u00a0homicidio calificado\u00a0ocurrido en julio pasado en\u00a0Escobedo. Se detall\u00f3 que la captura de\u00a0C\u00e9sar Renato \u201cS\u201d\u00a0fue realizada al interior de un restaurante ubicado en...","og_url":"https:\/\/thepueblatimes.mx\/index.php\/2021\/10\/15\/detienen-a-el-millonario-de-cartel-de-santa-por-homicidio\/","og_site_name":"The Puebla Times","article_published_time":"2021-10-16T03:03:24+00:00","og_image":[{"width":980,"height":550,"url":"https:\/\/thepueblatimes.mx\/wp-content\/uploads\/2021\/10\/8B4C3E93-4134-4DFD-8A39-2279EB15353C.jpeg","type":"image\/jpeg"}],"author":"Francisco S\u00e1nchez Nolasco","twitter_card":"summary_large_image","twitter_misc":{"Escrito por":"Francisco S\u00e1nchez Nolasco","Tiempo de lectura":"1 minuto"},"schema":{"@context":"https:\/\/schema.org","@graph":[{"@type":"WebPage","@id":"https:\/\/thepueblatimes.mx\/index.php\/2021\/10\/15\/detienen-a-el-millonario-de-cartel-de-santa-por-homicidio\/","url":"https:\/\/thepueblatimes.mx\/index.php\/2021\/10\/15\/detienen-a-el-millonario-de-cartel-de-santa-por-homicidio\/","name":"Detienen a El Millonario, de C\u00e1rtel de Santa, por homicidio - The Puebla Times","isPartOf":{"@id":"https:\/\/thepueblatimes.mx\/#website"},"datePublished":"2021-10-16T03:03:24+00:00","dateModified":"2021-10-16T03:03:24+00:00","author":{"@id":"https:\/\/thepueblatimes.mx\/#\/schema\/person\/7bdf2adbc50078b104bba72b5612f774"},"breadcrumb":{"@id":"https:\/\/thepueblatimes.mx\/index.php\/2021\/10\/15\/detienen-a-el-millonario-de-cartel-de-santa-por-homicidio\/#breadcrumb"},"inLanguage":"es","potentialAction":[{"@type":"ReadAction","target":["https:\/\/thepueblatimes.mx\/index.php\/2021\/10\/15\/detienen-a-el-millonario-de-cartel-de-santa-por-homicidio\/"]}]},{"@type":"BreadcrumbList","@id":"https:\/\/thepueblatimes.mx\/index.php\/2021\/10\/15\/detienen-a-el-millonario-de-cartel-de-santa-por-homicidio\/#breadcrumb","itemListElement":[{"@type":"ListItem","position":1,"name":"Portada","item":"https:\/\/thepueblatimes.mx\/"},{"@type":"ListItem","position":2,"name":"Detienen a El Millonario, de C\u00e1rtel de Santa, por homicidio"}]},{"@type":"WebSite","@id":"https:\/\/thepueblatimes.mx\/#website","url":"https:\/\/thepueblatimes.mx\/","name":"The Puebla Times","description":"Noticias del Estado de Puebla","potentialAction":[{"@type":"SearchAction","target":{"@type":"EntryPoint","urlTemplate":"https:\/\/thepueblatimes.mx\/?s={search_term_string}"},"query-input":"required name=search_term_string"}],"inLanguage":"es"},{"@type":"Person","@id":"https:\/\/thepueblatimes.mx\/#\/schema\/person\/7bdf2adbc50078b104bba72b5612f774","name":"Francisco S\u00e1nchez Nolasco","image":{"@type":"ImageObject","inLanguage":"es","@id":"https:\/\/thepueblatimes.mx\/#\/schema\/person\/image\/","url":"https:\/\/secure.gravatar.com\/avatar\/6061d7d20b38bc2742a5218401b198d2?s=96&d=mm&r=g","contentUrl":"https:\/\/secure.gravatar.com\/avatar\/6061d7d20b38bc2742a5218401b198d2?s=96&d=mm&r=g","caption":"Francisco S\u00e1nchez Nolasco"},"url":"https:\/\/thepueblatimes.mx\/index.php\/author\/marianitha-reyes\/"}]}},"jetpack_featured_media_url":"https:\/\/thepueblatimes.mx\/wp-content\/uploads\/2021\/10\/8B4C3E93-4134-4DFD-8A39-2279EB15353C.jpeg","_links":{"self":[{"href":"https:\/\/thepueblatimes.mx\/index.php\/wp-json\/wp\/v2\/posts\/16288"}],"collection":[{"href":"https:\/\/thepueblatimes.mx\/index.php\/wp-json\/wp\/v2\/posts"}],"about":[{"href":"https:\/\/thepueblatimes.mx\/index.php\/wp-json\/wp\/v2\/types\/post"}],"author":[{"embeddable":true,"href":"https:\/\/thepueblatimes.mx\/index.php\/wp-json\/wp\/v2\/users\/15"}],"replies":[{"embeddable":true,"href":"https:\/\/thepueblatimes.mx\/index.php\/wp-json\/wp\/v2\/comments?post=16288"}],"version-history":[{"count":1,"href":"https:\/\/thepueblatimes.mx\/index.php\/wp-json\/wp\/v2\/posts\/16288\/revisions"}],"predecessor-version":[{"id":16290,"href":"https:\/\/thepueblatimes.mx\/index.php\/wp-json\/wp\/v2\/posts\/16288\/revisions\/16290"}],"wp:featuredmedia":[{"embeddable":true,"href":"https:\/\/thepueblatimes.mx\/index.php\/wp-json\/wp\/v2\/media\/16289"}],"wp:attachment":[{"href":"https:\/\/thepueblatimes.mx\/index.php\/wp-json\/wp\/v2\/media?parent=16288"}],"wp:term":[{"taxonomy":"category","embeddable":true,"href":"https:\/\/thepueblatimes.mx\/index.php\/wp-json\/wp\/v2\/categories?post=16288"},{"taxonomy":"post_tag","embeddable":true,"href":"https:\/\/thepueblatimes.mx\/index.php\/wp-json\/wp\/v2\/tags?post=16288"}],"curies":[{"name":"wp","href":"https:\/\/api.w.org\/{rel}","templated":true}]}}