{"id":16281,"date":"2021-10-15T21:58:35","date_gmt":"2021-10-16T02:58:35","guid":{"rendered":"https:\/\/thepueblatimes.mx\/?p=16281"},"modified":"2021-10-15T21:58:35","modified_gmt":"2021-10-16T02:58:35","slug":"aprueban-nombramientos-de-rivera-para-ssc-y-tesoreria-en-cabildo","status":"publish","type":"post","link":"https:\/\/thepueblatimes.mx\/index.php\/2021\/10\/15\/aprueban-nombramientos-de-rivera-para-ssc-y-tesoreria-en-cabildo\/","title":{"rendered":"Aprueban nombramientos de Rivera para SSC y Tesorer\u00eda en Cabildo"},"content":{"rendered":"<p>Puebla, Pue.- El Cabildo de Puebla aprob\u00f3 las solicitudes de licencia de los regidores Alejandro Ca\u00f1edo Priesca, Karina Alcal\u00e1 Romero y Miriam Arabi\u00e1n Couttolenc, quienes a partir de hoy son los secretarios de Econom\u00eda y Turismo, Igualdad Sustantiva de G\u00e9nero y Medio Ambiente.<\/p>\n<p>Los lugares de los nuevos secretarios ser\u00e1n ocupados en el Cabildo por Ana Mar\u00eda Jim\u00e9nez Ortiz, Alfredo Ram\u00edrez Parra y Fernanda Huerta.<\/p>\n<p>Adem\u00e1s, el presidente municipal de Puebla, Eduardo Rivera P\u00e9rez, tom\u00f3 protesta a la titular de la Secretar\u00eda de Seguridad Ciudadana, Mar\u00eda Consuelo Cruz Galindo; a la secretaria general del ayuntamiento de Puebla, Silvia Tan\u00fas Osorio; a la contralora municipal, Isabel Escand\u00f3n; y a la tesorera municipal, Mar\u00eda Isabel Garc\u00eda.<\/p>\n<p>En la primera sesi\u00f3n, los regidores de la coalici\u00f3n Juntos Haremos Historia, a trav\u00e9s de Leobardo Rodr\u00edguez Ju\u00e1rez, fijaron un posicionamiento sobre el tipo de oposici\u00f3n que van a ser en el nuevo gobierno donde el albiazul tiene mayor\u00eda.<\/p>\n<p>Dijo, que ser\u00e1n una oposici\u00f3n responsable, sin que esto signifique que Eduardo Rivera recibe un cheque en blanco.<\/p>\n","protected":false},"excerpt":{"rendered":"<p>Puebla, Pue.- El Cabildo de Puebla aprob\u00f3 las solicitudes de licencia de los regidores Alejandro Ca\u00f1edo Priesca, Karina Alcal\u00e1 Romero y Miriam Arabi\u00e1n Couttolenc, quienes a partir de hoy son los secretarios de Econom\u00eda y Turismo, Igualdad Sustantiva de G\u00e9nero y Medio Ambiente. Los lugares de los nuevos secretarios ser\u00e1n ocupados en el Cabildo por&#8230;<\/p>\n","protected":false},"author":15,"featured_media":16282,"comment_status":"open","ping_status":"open","sticky":false,"template":"","format":"standard","meta":[],"categories":[20],"tags":[49],"yoast_head":"<!-- This site is optimized with the Yoast SEO plugin v20.8 - https:\/\/yoast.com\/wordpress\/plugins\/seo\/ -->\n<title>Aprueban nombramientos de Rivera para SSC y Tesorer\u00eda en Cabildo - The Puebla Times<\/title>\n<meta name=\"robots\" content=\"index, follow, max-snippet:-1, max-image-preview:large, max-video-preview:-1\" \/>\n<link rel=\"canonical\" href=\"https:\/\/thepueblatimes.mx\/index.php\/2021\/10\/15\/aprueban-nombramientos-de-rivera-para-ssc-y-tesoreria-en-cabildo\/\" \/>\n<meta property=\"og:locale\" content=\"es_ES\" \/>\n<meta property=\"og:type\" content=\"article\" \/>\n<meta property=\"og:title\" content=\"Aprueban nombramientos de Rivera para SSC y Tesorer\u00eda en Cabildo - The Puebla Times\" \/>\n<meta property=\"og:description\" content=\"Puebla, Pue.- El Cabildo de Puebla aprob\u00f3 las solicitudes de licencia de los regidores Alejandro Ca\u00f1edo Priesca, Karina Alcal\u00e1 Romero y Miriam Arabi\u00e1n Couttolenc, quienes a partir de hoy son los secretarios de Econom\u00eda y Turismo, Igualdad Sustantiva de G\u00e9nero y Medio Ambiente. Los lugares de los nuevos secretarios ser\u00e1n ocupados en el Cabildo por...\" \/>\n<meta property=\"og:url\" content=\"https:\/\/thepueblatimes.mx\/index.php\/2021\/10\/15\/aprueban-nombramientos-de-rivera-para-ssc-y-tesoreria-en-cabildo\/\" \/>\n<meta property=\"og:site_name\" content=\"The Puebla Times\" \/>\n<meta property=\"article:published_time\" content=\"2021-10-16T02:58:35+00:00\" \/>\n<meta property=\"og:image\" content=\"https:\/\/thepueblatimes.mx\/wp-content\/uploads\/2021\/10\/F38BA6D5-C4C4-417D-9F46-29A501CC45C5.jpeg\" \/>\n\t<meta property=\"og:image:width\" content=\"1280\" \/>\n\t<meta property=\"og:image:height\" content=\"853\" \/>\n\t<meta property=\"og:image:type\" content=\"image\/jpeg\" \/>\n<meta name=\"author\" content=\"Francisco S\u00e1nchez Nolasco\" \/>\n<meta name=\"twitter:card\" content=\"summary_large_image\" \/>\n<meta name=\"twitter:label1\" content=\"Escrito por\" \/>\n\t<meta name=\"twitter:data1\" content=\"Francisco S\u00e1nchez Nolasco\" \/>\n\t<meta name=\"twitter:label2\" content=\"Tiempo de lectura\" \/>\n\t<meta name=\"twitter:data2\" content=\"1 minuto\" \/>\n<script type=\"application\/ld+json\" class=\"yoast-schema-graph\">{\"@context\":\"https:\/\/schema.org\",\"@graph\":[{\"@type\":\"WebPage\",\"@id\":\"https:\/\/thepueblatimes.mx\/index.php\/2021\/10\/15\/aprueban-nombramientos-de-rivera-para-ssc-y-tesoreria-en-cabildo\/\",\"url\":\"https:\/\/thepueblatimes.mx\/index.php\/2021\/10\/15\/aprueban-nombramientos-de-rivera-para-ssc-y-tesoreria-en-cabildo\/\",\"name\":\"Aprueban nombramientos de Rivera para SSC y Tesorer\u00eda en Cabildo - The Puebla Times\",\"isPartOf\":{\"@id\":\"https:\/\/thepueblatimes.mx\/#website\"},\"datePublished\":\"2021-10-16T02:58:35+00:00\",\"dateModified\":\"2021-10-16T02:58:35+00:00\",\"author\":{\"@id\":\"https:\/\/thepueblatimes.mx\/#\/schema\/person\/7bdf2adbc50078b104bba72b5612f774\"},\"breadcrumb\":{\"@id\":\"https:\/\/thepueblatimes.mx\/index.php\/2021\/10\/15\/aprueban-nombramientos-de-rivera-para-ssc-y-tesoreria-en-cabildo\/#breadcrumb\"},\"inLanguage\":\"es\",\"potentialAction\":[{\"@type\":\"ReadAction\",\"target\":[\"https:\/\/thepueblatimes.mx\/index.php\/2021\/10\/15\/aprueban-nombramientos-de-rivera-para-ssc-y-tesoreria-en-cabildo\/\"]}]},{\"@type\":\"BreadcrumbList\",\"@id\":\"https:\/\/thepueblatimes.mx\/index.php\/2021\/10\/15\/aprueban-nombramientos-de-rivera-para-ssc-y-tesoreria-en-cabildo\/#breadcrumb\",\"itemListElement\":[{\"@type\":\"ListItem\",\"position\":1,\"name\":\"Portada\",\"item\":\"https:\/\/thepueblatimes.mx\/\"},{\"@type\":\"ListItem\",\"position\":2,\"name\":\"Aprueban nombramientos de Rivera para SSC y Tesorer\u00eda en Cabildo\"}]},{\"@type\":\"WebSite\",\"@id\":\"https:\/\/thepueblatimes.mx\/#website\",\"url\":\"https:\/\/thepueblatimes.mx\/\",\"name\":\"The Puebla Times\",\"description\":\"Noticias del Estado de Puebla\",\"potentialAction\":[{\"@type\":\"SearchAction\",\"target\":{\"@type\":\"EntryPoint\",\"urlTemplate\":\"https:\/\/thepueblatimes.mx\/?s={search_term_string}\"},\"query-input\":\"required name=search_term_string\"}],\"inLanguage\":\"es\"},{\"@type\":\"Person\",\"@id\":\"https:\/\/thepueblatimes.mx\/#\/schema\/person\/7bdf2adbc50078b104bba72b5612f774\",\"name\":\"Francisco S\u00e1nchez Nolasco\",\"image\":{\"@type\":\"ImageObject\",\"inLanguage\":\"es\",\"@id\":\"https:\/\/thepueblatimes.mx\/#\/schema\/person\/image\/\",\"url\":\"https:\/\/secure.gravatar.com\/avatar\/6061d7d20b38bc2742a5218401b198d2?s=96&d=mm&r=g\",\"contentUrl\":\"https:\/\/secure.gravatar.com\/avatar\/6061d7d20b38bc2742a5218401b198d2?s=96&d=mm&r=g\",\"caption\":\"Francisco S\u00e1nchez Nolasco\"},\"url\":\"https:\/\/thepueblatimes.mx\/index.php\/author\/marianitha-reyes\/\"}]}<\/script>\n<!-- \/ Yoast SEO plugin. -->","yoast_head_json":{"title":"Aprueban nombramientos de Rivera para SSC y Tesorer\u00eda en Cabildo - The Puebla Times","robots":{"index":"index","follow":"follow","max-snippet":"max-snippet:-1","max-image-preview":"max-image-preview:large","max-video-preview":"max-video-preview:-1"},"canonical":"https:\/\/thepueblatimes.mx\/index.php\/2021\/10\/15\/aprueban-nombramientos-de-rivera-para-ssc-y-tesoreria-en-cabildo\/","og_locale":"es_ES","og_type":"article","og_title":"Aprueban nombramientos de Rivera para SSC y Tesorer\u00eda en Cabildo - The Puebla Times","og_description":"Puebla, Pue.- El Cabildo de Puebla aprob\u00f3 las solicitudes de licencia de los regidores Alejandro Ca\u00f1edo Priesca, Karina Alcal\u00e1 Romero y Miriam Arabi\u00e1n Couttolenc, quienes a partir de hoy son los secretarios de Econom\u00eda y Turismo, Igualdad Sustantiva de G\u00e9nero y Medio Ambiente. Los lugares de los nuevos secretarios ser\u00e1n ocupados en el Cabildo por...","og_url":"https:\/\/thepueblatimes.mx\/index.php\/2021\/10\/15\/aprueban-nombramientos-de-rivera-para-ssc-y-tesoreria-en-cabildo\/","og_site_name":"The Puebla Times","article_published_time":"2021-10-16T02:58:35+00:00","og_image":[{"width":1280,"height":853,"url":"https:\/\/thepueblatimes.mx\/wp-content\/uploads\/2021\/10\/F38BA6D5-C4C4-417D-9F46-29A501CC45C5.jpeg","type":"image\/jpeg"}],"author":"Francisco S\u00e1nchez Nolasco","twitter_card":"summary_large_image","twitter_misc":{"Escrito por":"Francisco S\u00e1nchez Nolasco","Tiempo de lectura":"1 minuto"},"schema":{"@context":"https:\/\/schema.org","@graph":[{"@type":"WebPage","@id":"https:\/\/thepueblatimes.mx\/index.php\/2021\/10\/15\/aprueban-nombramientos-de-rivera-para-ssc-y-tesoreria-en-cabildo\/","url":"https:\/\/thepueblatimes.mx\/index.php\/2021\/10\/15\/aprueban-nombramientos-de-rivera-para-ssc-y-tesoreria-en-cabildo\/","name":"Aprueban nombramientos de Rivera para SSC y Tesorer\u00eda en Cabildo - The Puebla Times","isPartOf":{"@id":"https:\/\/thepueblatimes.mx\/#website"},"datePublished":"2021-10-16T02:58:35+00:00","dateModified":"2021-10-16T02:58:35+00:00","author":{"@id":"https:\/\/thepueblatimes.mx\/#\/schema\/person\/7bdf2adbc50078b104bba72b5612f774"},"breadcrumb":{"@id":"https:\/\/thepueblatimes.mx\/index.php\/2021\/10\/15\/aprueban-nombramientos-de-rivera-para-ssc-y-tesoreria-en-cabildo\/#breadcrumb"},"inLanguage":"es","potentialAction":[{"@type":"ReadAction","target":["https:\/\/thepueblatimes.mx\/index.php\/2021\/10\/15\/aprueban-nombramientos-de-rivera-para-ssc-y-tesoreria-en-cabildo\/"]}]},{"@type":"BreadcrumbList","@id":"https:\/\/thepueblatimes.mx\/index.php\/2021\/10\/15\/aprueban-nombramientos-de-rivera-para-ssc-y-tesoreria-en-cabildo\/#breadcrumb","itemListElement":[{"@type":"ListItem","position":1,"name":"Portada","item":"https:\/\/thepueblatimes.mx\/"},{"@type":"ListItem","position":2,"name":"Aprueban nombramientos de Rivera para SSC y Tesorer\u00eda en Cabildo"}]},{"@type":"WebSite","@id":"https:\/\/thepueblatimes.mx\/#website","url":"https:\/\/thepueblatimes.mx\/","name":"The Puebla Times","description":"Noticias del Estado de Puebla","potentialAction":[{"@type":"SearchAction","target":{"@type":"EntryPoint","urlTemplate":"https:\/\/thepueblatimes.mx\/?s={search_term_string}"},"query-input":"required name=search_term_string"}],"inLanguage":"es"},{"@type":"Person","@id":"https:\/\/thepueblatimes.mx\/#\/schema\/person\/7bdf2adbc50078b104bba72b5612f774","name":"Francisco S\u00e1nchez Nolasco","image":{"@type":"ImageObject","inLanguage":"es","@id":"https:\/\/thepueblatimes.mx\/#\/schema\/person\/image\/","url":"https:\/\/secure.gravatar.com\/avatar\/6061d7d20b38bc2742a5218401b198d2?s=96&d=mm&r=g","contentUrl":"https:\/\/secure.gravatar.com\/avatar\/6061d7d20b38bc2742a5218401b198d2?s=96&d=mm&r=g","caption":"Francisco S\u00e1nchez Nolasco"},"url":"https:\/\/thepueblatimes.mx\/index.php\/author\/marianitha-reyes\/"}]}},"jetpack_featured_media_url":"https:\/\/thepueblatimes.mx\/wp-content\/uploads\/2021\/10\/F38BA6D5-C4C4-417D-9F46-29A501CC45C5.jpeg","_links":{"self":[{"href":"https:\/\/thepueblatimes.mx\/index.php\/wp-json\/wp\/v2\/posts\/16281"}],"collection":[{"href":"https:\/\/thepueblatimes.mx\/index.php\/wp-json\/wp\/v2\/posts"}],"about":[{"href":"https:\/\/thepueblatimes.mx\/index.php\/wp-json\/wp\/v2\/types\/post"}],"author":[{"embeddable":true,"href":"https:\/\/thepueblatimes.mx\/index.php\/wp-json\/wp\/v2\/users\/15"}],"replies":[{"embeddable":true,"href":"https:\/\/thepueblatimes.mx\/index.php\/wp-json\/wp\/v2\/comments?post=16281"}],"version-history":[{"count":1,"href":"https:\/\/thepueblatimes.mx\/index.php\/wp-json\/wp\/v2\/posts\/16281\/revisions"}],"predecessor-version":[{"id":16283,"href":"https:\/\/thepueblatimes.mx\/index.php\/wp-json\/wp\/v2\/posts\/16281\/revisions\/16283"}],"wp:featuredmedia":[{"embeddable":true,"href":"https:\/\/thepueblatimes.mx\/index.php\/wp-json\/wp\/v2\/media\/16282"}],"wp:attachment":[{"href":"https:\/\/thepueblatimes.mx\/index.php\/wp-json\/wp\/v2\/media?parent=16281"}],"wp:term":[{"taxonomy":"category","embeddable":true,"href":"https:\/\/thepueblatimes.mx\/index.php\/wp-json\/wp\/v2\/categories?post=16281"},{"taxonomy":"post_tag","embeddable":true,"href":"https:\/\/thepueblatimes.mx\/index.php\/wp-json\/wp\/v2\/tags?post=16281"}],"curies":[{"name":"wp","href":"https:\/\/api.w.org\/{rel}","templated":true}]}}