{"id":16278,"date":"2021-10-15T21:56:39","date_gmt":"2021-10-16T02:56:39","guid":{"rendered":"https:\/\/thepueblatimes.mx\/?p=16278"},"modified":"2021-10-15T21:56:39","modified_gmt":"2021-10-16T02:56:39","slug":"movian-de-culiacan-a-tijuana-63-kilos-de-fentanilo-heroina-y-meta","status":"publish","type":"post","link":"https:\/\/thepueblatimes.mx\/index.php\/2021\/10\/15\/movian-de-culiacan-a-tijuana-63-kilos-de-fentanilo-heroina-y-meta\/","title":{"rendered":"Mov\u00edan de Culiac\u00e1n a Tijuana 63 kilos de fentanilo, hero\u00edna y meta"},"content":{"rendered":"<p>La <strong>Fiscal\u00eda General de la Rep\u00fablica<\/strong> (FGR) y de elementos de la Agencia de Investigaci\u00f3n Criminal (AIC) aseguraron a dos personas en <strong>Baja California<\/strong> que transportaban 19 kilos 40 gramos de <strong>metanfetamina<\/strong>, dos kilos 895 gramos de pastillas de <strong>fentanilo<\/strong> y 42 kilos 775 gramos de <strong>hero\u00edna<\/strong>.<\/p>\n<p>En las inmediaciones de la carretera Federal n\u00famero dos, <strong>San Luis R\u00edo Colorado-Mexicali<\/strong>, ubicaron un <strong>cami\u00f3n de pasajeros<\/strong>, proveniente de <strong>Culiac\u00e1n, Sinaloa<\/strong>, con destino a <strong>Tijuana<\/strong>, en el cual era transportado el narc\u00f3tico antes mencionado.<\/p>\n<p>Santos \u00abJ\u00bb, Milton \u00abR\u00bb y lo asegurado quedaron a disposici\u00f3n del <strong>Ministerio P\u00fablico Federal<\/strong> (MPF), quien integra una carpeta de investigaci\u00f3n, por un delito contra la salud.<\/p>\n","protected":false},"excerpt":{"rendered":"<p>La Fiscal\u00eda General de la Rep\u00fablica (FGR) y de elementos de la Agencia de Investigaci\u00f3n Criminal (AIC) aseguraron a dos personas en Baja California que transportaban 19 kilos 40 gramos de metanfetamina, dos kilos 895 gramos de pastillas de fentanilo y 42 kilos 775 gramos de hero\u00edna. En las inmediaciones de la carretera Federal n\u00famero&#8230;<\/p>\n","protected":false},"author":15,"featured_media":16279,"comment_status":"open","ping_status":"open","sticky":false,"template":"","format":"standard","meta":[],"categories":[20],"tags":[49],"yoast_head":"<!-- This site is optimized with the Yoast SEO plugin v20.8 - https:\/\/yoast.com\/wordpress\/plugins\/seo\/ -->\n<title>Mov\u00edan de Culiac\u00e1n a Tijuana 63 kilos de fentanilo, hero\u00edna y meta - The Puebla Times<\/title>\n<meta name=\"robots\" content=\"index, follow, max-snippet:-1, max-image-preview:large, max-video-preview:-1\" \/>\n<link rel=\"canonical\" href=\"https:\/\/thepueblatimes.mx\/index.php\/2021\/10\/15\/movian-de-culiacan-a-tijuana-63-kilos-de-fentanilo-heroina-y-meta\/\" \/>\n<meta property=\"og:locale\" content=\"es_ES\" \/>\n<meta property=\"og:type\" content=\"article\" \/>\n<meta property=\"og:title\" content=\"Mov\u00edan de Culiac\u00e1n a Tijuana 63 kilos de fentanilo, hero\u00edna y meta - The Puebla Times\" \/>\n<meta property=\"og:description\" content=\"La Fiscal\u00eda General de la Rep\u00fablica (FGR) y de elementos de la Agencia de Investigaci\u00f3n Criminal (AIC) aseguraron a dos personas en Baja California que transportaban 19 kilos 40 gramos de metanfetamina, dos kilos 895 gramos de pastillas de fentanilo y 42 kilos 775 gramos de hero\u00edna. En las inmediaciones de la carretera Federal n\u00famero...\" \/>\n<meta property=\"og:url\" content=\"https:\/\/thepueblatimes.mx\/index.php\/2021\/10\/15\/movian-de-culiacan-a-tijuana-63-kilos-de-fentanilo-heroina-y-meta\/\" \/>\n<meta property=\"og:site_name\" content=\"The Puebla Times\" \/>\n<meta property=\"article:published_time\" content=\"2021-10-16T02:56:39+00:00\" \/>\n<meta property=\"og:image\" content=\"https:\/\/thepueblatimes.mx\/wp-content\/uploads\/2021\/10\/C2C86CCE-25B7-4186-BB6E-632B5AF2F4DE.jpeg\" \/>\n\t<meta property=\"og:image:width\" content=\"1280\" \/>\n\t<meta property=\"og:image:height\" content=\"855\" \/>\n\t<meta property=\"og:image:type\" content=\"image\/jpeg\" \/>\n<meta name=\"author\" content=\"Francisco S\u00e1nchez Nolasco\" \/>\n<meta name=\"twitter:card\" content=\"summary_large_image\" \/>\n<meta name=\"twitter:label1\" content=\"Escrito por\" \/>\n\t<meta name=\"twitter:data1\" content=\"Francisco S\u00e1nchez Nolasco\" \/>\n\t<meta name=\"twitter:label2\" content=\"Tiempo de lectura\" \/>\n\t<meta name=\"twitter:data2\" content=\"1 minuto\" \/>\n<script type=\"application\/ld+json\" class=\"yoast-schema-graph\">{\"@context\":\"https:\/\/schema.org\",\"@graph\":[{\"@type\":\"WebPage\",\"@id\":\"https:\/\/thepueblatimes.mx\/index.php\/2021\/10\/15\/movian-de-culiacan-a-tijuana-63-kilos-de-fentanilo-heroina-y-meta\/\",\"url\":\"https:\/\/thepueblatimes.mx\/index.php\/2021\/10\/15\/movian-de-culiacan-a-tijuana-63-kilos-de-fentanilo-heroina-y-meta\/\",\"name\":\"Mov\u00edan de Culiac\u00e1n a Tijuana 63 kilos de fentanilo, hero\u00edna y meta - The Puebla Times\",\"isPartOf\":{\"@id\":\"https:\/\/thepueblatimes.mx\/#website\"},\"datePublished\":\"2021-10-16T02:56:39+00:00\",\"dateModified\":\"2021-10-16T02:56:39+00:00\",\"author\":{\"@id\":\"https:\/\/thepueblatimes.mx\/#\/schema\/person\/7bdf2adbc50078b104bba72b5612f774\"},\"breadcrumb\":{\"@id\":\"https:\/\/thepueblatimes.mx\/index.php\/2021\/10\/15\/movian-de-culiacan-a-tijuana-63-kilos-de-fentanilo-heroina-y-meta\/#breadcrumb\"},\"inLanguage\":\"es\",\"potentialAction\":[{\"@type\":\"ReadAction\",\"target\":[\"https:\/\/thepueblatimes.mx\/index.php\/2021\/10\/15\/movian-de-culiacan-a-tijuana-63-kilos-de-fentanilo-heroina-y-meta\/\"]}]},{\"@type\":\"BreadcrumbList\",\"@id\":\"https:\/\/thepueblatimes.mx\/index.php\/2021\/10\/15\/movian-de-culiacan-a-tijuana-63-kilos-de-fentanilo-heroina-y-meta\/#breadcrumb\",\"itemListElement\":[{\"@type\":\"ListItem\",\"position\":1,\"name\":\"Portada\",\"item\":\"https:\/\/thepueblatimes.mx\/\"},{\"@type\":\"ListItem\",\"position\":2,\"name\":\"Mov\u00edan de Culiac\u00e1n a Tijuana 63 kilos de fentanilo, hero\u00edna y meta\"}]},{\"@type\":\"WebSite\",\"@id\":\"https:\/\/thepueblatimes.mx\/#website\",\"url\":\"https:\/\/thepueblatimes.mx\/\",\"name\":\"The Puebla Times\",\"description\":\"Noticias del Estado de Puebla\",\"potentialAction\":[{\"@type\":\"SearchAction\",\"target\":{\"@type\":\"EntryPoint\",\"urlTemplate\":\"https:\/\/thepueblatimes.mx\/?s={search_term_string}\"},\"query-input\":\"required name=search_term_string\"}],\"inLanguage\":\"es\"},{\"@type\":\"Person\",\"@id\":\"https:\/\/thepueblatimes.mx\/#\/schema\/person\/7bdf2adbc50078b104bba72b5612f774\",\"name\":\"Francisco S\u00e1nchez Nolasco\",\"image\":{\"@type\":\"ImageObject\",\"inLanguage\":\"es\",\"@id\":\"https:\/\/thepueblatimes.mx\/#\/schema\/person\/image\/\",\"url\":\"https:\/\/secure.gravatar.com\/avatar\/6061d7d20b38bc2742a5218401b198d2?s=96&d=mm&r=g\",\"contentUrl\":\"https:\/\/secure.gravatar.com\/avatar\/6061d7d20b38bc2742a5218401b198d2?s=96&d=mm&r=g\",\"caption\":\"Francisco S\u00e1nchez Nolasco\"},\"url\":\"https:\/\/thepueblatimes.mx\/index.php\/author\/marianitha-reyes\/\"}]}<\/script>\n<!-- \/ Yoast SEO plugin. -->","yoast_head_json":{"title":"Mov\u00edan de Culiac\u00e1n a Tijuana 63 kilos de fentanilo, hero\u00edna y meta - The Puebla Times","robots":{"index":"index","follow":"follow","max-snippet":"max-snippet:-1","max-image-preview":"max-image-preview:large","max-video-preview":"max-video-preview:-1"},"canonical":"https:\/\/thepueblatimes.mx\/index.php\/2021\/10\/15\/movian-de-culiacan-a-tijuana-63-kilos-de-fentanilo-heroina-y-meta\/","og_locale":"es_ES","og_type":"article","og_title":"Mov\u00edan de Culiac\u00e1n a Tijuana 63 kilos de fentanilo, hero\u00edna y meta - The Puebla Times","og_description":"La Fiscal\u00eda General de la Rep\u00fablica (FGR) y de elementos de la Agencia de Investigaci\u00f3n Criminal (AIC) aseguraron a dos personas en Baja California que transportaban 19 kilos 40 gramos de metanfetamina, dos kilos 895 gramos de pastillas de fentanilo y 42 kilos 775 gramos de hero\u00edna. En las inmediaciones de la carretera Federal n\u00famero...","og_url":"https:\/\/thepueblatimes.mx\/index.php\/2021\/10\/15\/movian-de-culiacan-a-tijuana-63-kilos-de-fentanilo-heroina-y-meta\/","og_site_name":"The Puebla Times","article_published_time":"2021-10-16T02:56:39+00:00","og_image":[{"width":1280,"height":855,"url":"https:\/\/thepueblatimes.mx\/wp-content\/uploads\/2021\/10\/C2C86CCE-25B7-4186-BB6E-632B5AF2F4DE.jpeg","type":"image\/jpeg"}],"author":"Francisco S\u00e1nchez Nolasco","twitter_card":"summary_large_image","twitter_misc":{"Escrito por":"Francisco S\u00e1nchez Nolasco","Tiempo de lectura":"1 minuto"},"schema":{"@context":"https:\/\/schema.org","@graph":[{"@type":"WebPage","@id":"https:\/\/thepueblatimes.mx\/index.php\/2021\/10\/15\/movian-de-culiacan-a-tijuana-63-kilos-de-fentanilo-heroina-y-meta\/","url":"https:\/\/thepueblatimes.mx\/index.php\/2021\/10\/15\/movian-de-culiacan-a-tijuana-63-kilos-de-fentanilo-heroina-y-meta\/","name":"Mov\u00edan de Culiac\u00e1n a Tijuana 63 kilos de fentanilo, hero\u00edna y meta - The Puebla Times","isPartOf":{"@id":"https:\/\/thepueblatimes.mx\/#website"},"datePublished":"2021-10-16T02:56:39+00:00","dateModified":"2021-10-16T02:56:39+00:00","author":{"@id":"https:\/\/thepueblatimes.mx\/#\/schema\/person\/7bdf2adbc50078b104bba72b5612f774"},"breadcrumb":{"@id":"https:\/\/thepueblatimes.mx\/index.php\/2021\/10\/15\/movian-de-culiacan-a-tijuana-63-kilos-de-fentanilo-heroina-y-meta\/#breadcrumb"},"inLanguage":"es","potentialAction":[{"@type":"ReadAction","target":["https:\/\/thepueblatimes.mx\/index.php\/2021\/10\/15\/movian-de-culiacan-a-tijuana-63-kilos-de-fentanilo-heroina-y-meta\/"]}]},{"@type":"BreadcrumbList","@id":"https:\/\/thepueblatimes.mx\/index.php\/2021\/10\/15\/movian-de-culiacan-a-tijuana-63-kilos-de-fentanilo-heroina-y-meta\/#breadcrumb","itemListElement":[{"@type":"ListItem","position":1,"name":"Portada","item":"https:\/\/thepueblatimes.mx\/"},{"@type":"ListItem","position":2,"name":"Mov\u00edan de Culiac\u00e1n a Tijuana 63 kilos de fentanilo, hero\u00edna y meta"}]},{"@type":"WebSite","@id":"https:\/\/thepueblatimes.mx\/#website","url":"https:\/\/thepueblatimes.mx\/","name":"The Puebla Times","description":"Noticias del Estado de Puebla","potentialAction":[{"@type":"SearchAction","target":{"@type":"EntryPoint","urlTemplate":"https:\/\/thepueblatimes.mx\/?s={search_term_string}"},"query-input":"required name=search_term_string"}],"inLanguage":"es"},{"@type":"Person","@id":"https:\/\/thepueblatimes.mx\/#\/schema\/person\/7bdf2adbc50078b104bba72b5612f774","name":"Francisco S\u00e1nchez Nolasco","image":{"@type":"ImageObject","inLanguage":"es","@id":"https:\/\/thepueblatimes.mx\/#\/schema\/person\/image\/","url":"https:\/\/secure.gravatar.com\/avatar\/6061d7d20b38bc2742a5218401b198d2?s=96&d=mm&r=g","contentUrl":"https:\/\/secure.gravatar.com\/avatar\/6061d7d20b38bc2742a5218401b198d2?s=96&d=mm&r=g","caption":"Francisco S\u00e1nchez Nolasco"},"url":"https:\/\/thepueblatimes.mx\/index.php\/author\/marianitha-reyes\/"}]}},"jetpack_featured_media_url":"https:\/\/thepueblatimes.mx\/wp-content\/uploads\/2021\/10\/C2C86CCE-25B7-4186-BB6E-632B5AF2F4DE.jpeg","_links":{"self":[{"href":"https:\/\/thepueblatimes.mx\/index.php\/wp-json\/wp\/v2\/posts\/16278"}],"collection":[{"href":"https:\/\/thepueblatimes.mx\/index.php\/wp-json\/wp\/v2\/posts"}],"about":[{"href":"https:\/\/thepueblatimes.mx\/index.php\/wp-json\/wp\/v2\/types\/post"}],"author":[{"embeddable":true,"href":"https:\/\/thepueblatimes.mx\/index.php\/wp-json\/wp\/v2\/users\/15"}],"replies":[{"embeddable":true,"href":"https:\/\/thepueblatimes.mx\/index.php\/wp-json\/wp\/v2\/comments?post=16278"}],"version-history":[{"count":1,"href":"https:\/\/thepueblatimes.mx\/index.php\/wp-json\/wp\/v2\/posts\/16278\/revisions"}],"predecessor-version":[{"id":16280,"href":"https:\/\/thepueblatimes.mx\/index.php\/wp-json\/wp\/v2\/posts\/16278\/revisions\/16280"}],"wp:featuredmedia":[{"embeddable":true,"href":"https:\/\/thepueblatimes.mx\/index.php\/wp-json\/wp\/v2\/media\/16279"}],"wp:attachment":[{"href":"https:\/\/thepueblatimes.mx\/index.php\/wp-json\/wp\/v2\/media?parent=16278"}],"wp:term":[{"taxonomy":"category","embeddable":true,"href":"https:\/\/thepueblatimes.mx\/index.php\/wp-json\/wp\/v2\/categories?post=16278"},{"taxonomy":"post_tag","embeddable":true,"href":"https:\/\/thepueblatimes.mx\/index.php\/wp-json\/wp\/v2\/tags?post=16278"}],"curies":[{"name":"wp","href":"https:\/\/api.w.org\/{rel}","templated":true}]}}