{"id":16274,"date":"2021-10-15T21:54:02","date_gmt":"2021-10-16T02:54:02","guid":{"rendered":"https:\/\/thepueblatimes.mx\/?p=16274"},"modified":"2021-10-15T21:54:02","modified_gmt":"2021-10-16T02:54:02","slug":"ofrece-barbosa-obras-sociales-para-puebla-capital-en-conjunto-con-eduardo-rivera","status":"publish","type":"post","link":"https:\/\/thepueblatimes.mx\/index.php\/2021\/10\/15\/ofrece-barbosa-obras-sociales-para-puebla-capital-en-conjunto-con-eduardo-rivera\/","title":{"rendered":"Ofrece Barbosa obras sociales para Puebla capital en conjunto con Eduardo Rivera"},"content":{"rendered":"<p>Puebla, Pue.- El <strong>gobernador Miguel Barbosa Huerta se comprometi\u00f3 en que estar\u00e1 del lado del presidente municipal de Puebla Eduardo Rivera P\u00e9rez y en llevar a cabo obras sociales para las colonias y juntas auxiliares <\/strong>de la Puebla capital y nunca m\u00e1s en ejecutar obras suntuosas como ocurri\u00f3 en el morenovallismo, que llevaron a la entidad a niveles de endeudamiento por m\u00e1s de 50 mil millones de pesos.<\/p>\n<p>En su mensaje durante la toma de protesta del edil Eduardo Rivera P\u00e9rez, el jefe del Ejecutivo estatal, expres\u00f3 que las caracter\u00edsticas de los tres niveles de gobierno, tanto el federal, estatal y municipal, tienen que ser administraciones, en los cuales las pol\u00edticas p\u00fablicas todas est\u00e9n orientadas a combatir la desigualdad y combatir la pobreza.<\/p>\n<p>Asimismo, <strong>consider\u00f3 que los gobiernos deben ejercer el poder con honradez y quitarle, la frivolidad, fantocher\u00eda, gobiernos cercanos a la gente,<\/strong> gobernar con finanzas ordenadas, adem\u00e1s refiri\u00f3 que en el Gobierno del Estado no se ha contratado ni un solo peso de deuda p\u00fablica, luego de la deuda hist\u00f3rica que le hered\u00f3 el morenovallismo.<\/p>\n<p>Agreg\u00f3 que <strong>esta semana lo espera en Casa Aguayo para establecer rutas de cambio, en materia de finanzas p\u00fablicas, seguridad, agua potable, tema en los que deben estar coordinados.\u00a0<\/strong><\/p>\n<p>Barbosa Huerta tambi\u00e9n ofreci\u00f3 una estrategia coordinada en materia de seguridad, con el objetivo de combatir a la delincuencia organizada y garantizar la paz y tranquilidad de la ciudadan\u00eda.<\/p>\n","protected":false},"excerpt":{"rendered":"<p>Puebla, Pue.- El gobernador Miguel Barbosa Huerta se comprometi\u00f3 en que estar\u00e1 del lado del presidente municipal de Puebla Eduardo Rivera P\u00e9rez y en llevar a cabo obras sociales para las colonias y juntas auxiliares de la Puebla capital y nunca m\u00e1s en ejecutar obras suntuosas como ocurri\u00f3 en el morenovallismo, que llevaron a la&#8230;<\/p>\n","protected":false},"author":15,"featured_media":16276,"comment_status":"open","ping_status":"open","sticky":false,"template":"","format":"standard","meta":[],"categories":[20],"tags":[49],"yoast_head":"<!-- This site is optimized with the Yoast SEO plugin v20.8 - https:\/\/yoast.com\/wordpress\/plugins\/seo\/ -->\n<title>Ofrece Barbosa obras sociales para Puebla capital en conjunto con Eduardo Rivera - The Puebla Times<\/title>\n<meta name=\"robots\" content=\"index, follow, max-snippet:-1, max-image-preview:large, max-video-preview:-1\" \/>\n<link rel=\"canonical\" href=\"https:\/\/thepueblatimes.mx\/index.php\/2021\/10\/15\/ofrece-barbosa-obras-sociales-para-puebla-capital-en-conjunto-con-eduardo-rivera\/\" \/>\n<meta property=\"og:locale\" content=\"es_ES\" \/>\n<meta property=\"og:type\" content=\"article\" \/>\n<meta property=\"og:title\" content=\"Ofrece Barbosa obras sociales para Puebla capital en conjunto con Eduardo Rivera - The Puebla Times\" \/>\n<meta property=\"og:description\" content=\"Puebla, Pue.- El gobernador Miguel Barbosa Huerta se comprometi\u00f3 en que estar\u00e1 del lado del presidente municipal de Puebla Eduardo Rivera P\u00e9rez y en llevar a cabo obras sociales para las colonias y juntas auxiliares de la Puebla capital y nunca m\u00e1s en ejecutar obras suntuosas como ocurri\u00f3 en el morenovallismo, que llevaron a la...\" \/>\n<meta property=\"og:url\" content=\"https:\/\/thepueblatimes.mx\/index.php\/2021\/10\/15\/ofrece-barbosa-obras-sociales-para-puebla-capital-en-conjunto-con-eduardo-rivera\/\" \/>\n<meta property=\"og:site_name\" content=\"The Puebla Times\" \/>\n<meta property=\"article:published_time\" content=\"2021-10-16T02:54:02+00:00\" \/>\n<meta property=\"og:image\" content=\"https:\/\/thepueblatimes.mx\/wp-content\/uploads\/2021\/10\/6EC66DFA-7A78-49E5-843A-114A472EFB2D.jpeg\" \/>\n\t<meta property=\"og:image:width\" content=\"1280\" \/>\n\t<meta property=\"og:image:height\" content=\"882\" \/>\n\t<meta property=\"og:image:type\" content=\"image\/jpeg\" \/>\n<meta name=\"author\" content=\"Francisco S\u00e1nchez Nolasco\" \/>\n<meta name=\"twitter:card\" content=\"summary_large_image\" \/>\n<meta name=\"twitter:label1\" content=\"Escrito por\" \/>\n\t<meta name=\"twitter:data1\" content=\"Francisco S\u00e1nchez Nolasco\" \/>\n\t<meta name=\"twitter:label2\" content=\"Tiempo de lectura\" \/>\n\t<meta name=\"twitter:data2\" content=\"1 minuto\" \/>\n<script type=\"application\/ld+json\" class=\"yoast-schema-graph\">{\"@context\":\"https:\/\/schema.org\",\"@graph\":[{\"@type\":\"WebPage\",\"@id\":\"https:\/\/thepueblatimes.mx\/index.php\/2021\/10\/15\/ofrece-barbosa-obras-sociales-para-puebla-capital-en-conjunto-con-eduardo-rivera\/\",\"url\":\"https:\/\/thepueblatimes.mx\/index.php\/2021\/10\/15\/ofrece-barbosa-obras-sociales-para-puebla-capital-en-conjunto-con-eduardo-rivera\/\",\"name\":\"Ofrece Barbosa obras sociales para Puebla capital en conjunto con Eduardo Rivera - The Puebla Times\",\"isPartOf\":{\"@id\":\"https:\/\/thepueblatimes.mx\/#website\"},\"datePublished\":\"2021-10-16T02:54:02+00:00\",\"dateModified\":\"2021-10-16T02:54:02+00:00\",\"author\":{\"@id\":\"https:\/\/thepueblatimes.mx\/#\/schema\/person\/7bdf2adbc50078b104bba72b5612f774\"},\"breadcrumb\":{\"@id\":\"https:\/\/thepueblatimes.mx\/index.php\/2021\/10\/15\/ofrece-barbosa-obras-sociales-para-puebla-capital-en-conjunto-con-eduardo-rivera\/#breadcrumb\"},\"inLanguage\":\"es\",\"potentialAction\":[{\"@type\":\"ReadAction\",\"target\":[\"https:\/\/thepueblatimes.mx\/index.php\/2021\/10\/15\/ofrece-barbosa-obras-sociales-para-puebla-capital-en-conjunto-con-eduardo-rivera\/\"]}]},{\"@type\":\"BreadcrumbList\",\"@id\":\"https:\/\/thepueblatimes.mx\/index.php\/2021\/10\/15\/ofrece-barbosa-obras-sociales-para-puebla-capital-en-conjunto-con-eduardo-rivera\/#breadcrumb\",\"itemListElement\":[{\"@type\":\"ListItem\",\"position\":1,\"name\":\"Portada\",\"item\":\"https:\/\/thepueblatimes.mx\/\"},{\"@type\":\"ListItem\",\"position\":2,\"name\":\"Ofrece Barbosa obras sociales para Puebla capital en conjunto con Eduardo Rivera\"}]},{\"@type\":\"WebSite\",\"@id\":\"https:\/\/thepueblatimes.mx\/#website\",\"url\":\"https:\/\/thepueblatimes.mx\/\",\"name\":\"The Puebla Times\",\"description\":\"Noticias del Estado de Puebla\",\"potentialAction\":[{\"@type\":\"SearchAction\",\"target\":{\"@type\":\"EntryPoint\",\"urlTemplate\":\"https:\/\/thepueblatimes.mx\/?s={search_term_string}\"},\"query-input\":\"required name=search_term_string\"}],\"inLanguage\":\"es\"},{\"@type\":\"Person\",\"@id\":\"https:\/\/thepueblatimes.mx\/#\/schema\/person\/7bdf2adbc50078b104bba72b5612f774\",\"name\":\"Francisco S\u00e1nchez Nolasco\",\"image\":{\"@type\":\"ImageObject\",\"inLanguage\":\"es\",\"@id\":\"https:\/\/thepueblatimes.mx\/#\/schema\/person\/image\/\",\"url\":\"https:\/\/secure.gravatar.com\/avatar\/6061d7d20b38bc2742a5218401b198d2?s=96&d=mm&r=g\",\"contentUrl\":\"https:\/\/secure.gravatar.com\/avatar\/6061d7d20b38bc2742a5218401b198d2?s=96&d=mm&r=g\",\"caption\":\"Francisco S\u00e1nchez Nolasco\"},\"url\":\"https:\/\/thepueblatimes.mx\/index.php\/author\/marianitha-reyes\/\"}]}<\/script>\n<!-- \/ Yoast SEO plugin. -->","yoast_head_json":{"title":"Ofrece Barbosa obras sociales para Puebla capital en conjunto con Eduardo Rivera - The Puebla Times","robots":{"index":"index","follow":"follow","max-snippet":"max-snippet:-1","max-image-preview":"max-image-preview:large","max-video-preview":"max-video-preview:-1"},"canonical":"https:\/\/thepueblatimes.mx\/index.php\/2021\/10\/15\/ofrece-barbosa-obras-sociales-para-puebla-capital-en-conjunto-con-eduardo-rivera\/","og_locale":"es_ES","og_type":"article","og_title":"Ofrece Barbosa obras sociales para Puebla capital en conjunto con Eduardo Rivera - The Puebla Times","og_description":"Puebla, Pue.- El gobernador Miguel Barbosa Huerta se comprometi\u00f3 en que estar\u00e1 del lado del presidente municipal de Puebla Eduardo Rivera P\u00e9rez y en llevar a cabo obras sociales para las colonias y juntas auxiliares de la Puebla capital y nunca m\u00e1s en ejecutar obras suntuosas como ocurri\u00f3 en el morenovallismo, que llevaron a la...","og_url":"https:\/\/thepueblatimes.mx\/index.php\/2021\/10\/15\/ofrece-barbosa-obras-sociales-para-puebla-capital-en-conjunto-con-eduardo-rivera\/","og_site_name":"The Puebla Times","article_published_time":"2021-10-16T02:54:02+00:00","og_image":[{"width":1280,"height":882,"url":"https:\/\/thepueblatimes.mx\/wp-content\/uploads\/2021\/10\/6EC66DFA-7A78-49E5-843A-114A472EFB2D.jpeg","type":"image\/jpeg"}],"author":"Francisco S\u00e1nchez Nolasco","twitter_card":"summary_large_image","twitter_misc":{"Escrito por":"Francisco S\u00e1nchez Nolasco","Tiempo de lectura":"1 minuto"},"schema":{"@context":"https:\/\/schema.org","@graph":[{"@type":"WebPage","@id":"https:\/\/thepueblatimes.mx\/index.php\/2021\/10\/15\/ofrece-barbosa-obras-sociales-para-puebla-capital-en-conjunto-con-eduardo-rivera\/","url":"https:\/\/thepueblatimes.mx\/index.php\/2021\/10\/15\/ofrece-barbosa-obras-sociales-para-puebla-capital-en-conjunto-con-eduardo-rivera\/","name":"Ofrece Barbosa obras sociales para Puebla capital en conjunto con Eduardo Rivera - The Puebla Times","isPartOf":{"@id":"https:\/\/thepueblatimes.mx\/#website"},"datePublished":"2021-10-16T02:54:02+00:00","dateModified":"2021-10-16T02:54:02+00:00","author":{"@id":"https:\/\/thepueblatimes.mx\/#\/schema\/person\/7bdf2adbc50078b104bba72b5612f774"},"breadcrumb":{"@id":"https:\/\/thepueblatimes.mx\/index.php\/2021\/10\/15\/ofrece-barbosa-obras-sociales-para-puebla-capital-en-conjunto-con-eduardo-rivera\/#breadcrumb"},"inLanguage":"es","potentialAction":[{"@type":"ReadAction","target":["https:\/\/thepueblatimes.mx\/index.php\/2021\/10\/15\/ofrece-barbosa-obras-sociales-para-puebla-capital-en-conjunto-con-eduardo-rivera\/"]}]},{"@type":"BreadcrumbList","@id":"https:\/\/thepueblatimes.mx\/index.php\/2021\/10\/15\/ofrece-barbosa-obras-sociales-para-puebla-capital-en-conjunto-con-eduardo-rivera\/#breadcrumb","itemListElement":[{"@type":"ListItem","position":1,"name":"Portada","item":"https:\/\/thepueblatimes.mx\/"},{"@type":"ListItem","position":2,"name":"Ofrece Barbosa obras sociales para Puebla capital en conjunto con Eduardo Rivera"}]},{"@type":"WebSite","@id":"https:\/\/thepueblatimes.mx\/#website","url":"https:\/\/thepueblatimes.mx\/","name":"The Puebla Times","description":"Noticias del Estado de Puebla","potentialAction":[{"@type":"SearchAction","target":{"@type":"EntryPoint","urlTemplate":"https:\/\/thepueblatimes.mx\/?s={search_term_string}"},"query-input":"required name=search_term_string"}],"inLanguage":"es"},{"@type":"Person","@id":"https:\/\/thepueblatimes.mx\/#\/schema\/person\/7bdf2adbc50078b104bba72b5612f774","name":"Francisco S\u00e1nchez Nolasco","image":{"@type":"ImageObject","inLanguage":"es","@id":"https:\/\/thepueblatimes.mx\/#\/schema\/person\/image\/","url":"https:\/\/secure.gravatar.com\/avatar\/6061d7d20b38bc2742a5218401b198d2?s=96&d=mm&r=g","contentUrl":"https:\/\/secure.gravatar.com\/avatar\/6061d7d20b38bc2742a5218401b198d2?s=96&d=mm&r=g","caption":"Francisco S\u00e1nchez Nolasco"},"url":"https:\/\/thepueblatimes.mx\/index.php\/author\/marianitha-reyes\/"}]}},"jetpack_featured_media_url":"https:\/\/thepueblatimes.mx\/wp-content\/uploads\/2021\/10\/6EC66DFA-7A78-49E5-843A-114A472EFB2D.jpeg","_links":{"self":[{"href":"https:\/\/thepueblatimes.mx\/index.php\/wp-json\/wp\/v2\/posts\/16274"}],"collection":[{"href":"https:\/\/thepueblatimes.mx\/index.php\/wp-json\/wp\/v2\/posts"}],"about":[{"href":"https:\/\/thepueblatimes.mx\/index.php\/wp-json\/wp\/v2\/types\/post"}],"author":[{"embeddable":true,"href":"https:\/\/thepueblatimes.mx\/index.php\/wp-json\/wp\/v2\/users\/15"}],"replies":[{"embeddable":true,"href":"https:\/\/thepueblatimes.mx\/index.php\/wp-json\/wp\/v2\/comments?post=16274"}],"version-history":[{"count":1,"href":"https:\/\/thepueblatimes.mx\/index.php\/wp-json\/wp\/v2\/posts\/16274\/revisions"}],"predecessor-version":[{"id":16277,"href":"https:\/\/thepueblatimes.mx\/index.php\/wp-json\/wp\/v2\/posts\/16274\/revisions\/16277"}],"wp:featuredmedia":[{"embeddable":true,"href":"https:\/\/thepueblatimes.mx\/index.php\/wp-json\/wp\/v2\/media\/16276"}],"wp:attachment":[{"href":"https:\/\/thepueblatimes.mx\/index.php\/wp-json\/wp\/v2\/media?parent=16274"}],"wp:term":[{"taxonomy":"category","embeddable":true,"href":"https:\/\/thepueblatimes.mx\/index.php\/wp-json\/wp\/v2\/categories?post=16274"},{"taxonomy":"post_tag","embeddable":true,"href":"https:\/\/thepueblatimes.mx\/index.php\/wp-json\/wp\/v2\/tags?post=16274"}],"curies":[{"name":"wp","href":"https:\/\/api.w.org\/{rel}","templated":true}]}}