{"id":16271,"date":"2021-10-14T21:08:02","date_gmt":"2021-10-15T02:08:02","guid":{"rendered":"https:\/\/thepueblatimes.mx\/?p=16271"},"modified":"2021-10-14T21:08:02","modified_gmt":"2021-10-15T02:08:02","slug":"fallece-abuelito-al-ser-atropellado-en-tehuacan-2","status":"publish","type":"post","link":"https:\/\/thepueblatimes.mx\/index.php\/2021\/10\/14\/fallece-abuelito-al-ser-atropellado-en-tehuacan-2\/","title":{"rendered":"Fallece abuelito al ser atropellado en Tehuac\u00e1n"},"content":{"rendered":"<p>Tehuac\u00e1n, Pue.-Un adulto mayor perdi\u00f3 la vida la ma\u00f1ana de este mi\u00e9rcoles al ser atropellado por una unidad repartidora de l\u00e1cteos, cuando intentaba cruzar la vialidad.<\/p>\n<p>Los hechos ocurrieron en la calzada Adolfo L\u00f3pez Mateos, antes de llegar al libramiento Tecnol\u00f3gico-San Lorenzo, por lo que cuerpos de emergencia fueron alertados de que un abuelito hab\u00eda sido atropellado por una unidad de la empresa LaLa y se encontraba inconsciente.<\/p>\n<p>Al lugar se trasladaron varias patrullas de la Polic\u00eda Municipal y Estatal, as\u00ed como una ambulancia, sin embargo, cuando T\u00e9cnicos en Urgencias M\u00e9dicas (TUM) valoraron al abuelito de entre 65 y 70 a\u00f1os, nada pudieron hacer, ya que carec\u00eda de signos vitales.<\/p>\n<p>La zona fue acordonada, en tanto personal de la Fiscal\u00eda General del Estado realiz\u00f3 las diligencias del levantamiento del cad\u00e1ver y su traslado al anfiteatro municipal para la necropsia de Ley.<\/p>\n<p>De acuerdo a versiones de algunos vecinos, el adulto mayor se dispon\u00eda a cruzar la vialidad de la Calzada Adolfo L\u00f3pez Mateos, cuando la camioneta repartidora de l\u00e1cteos lo impact\u00f3, causando que saliera proyectado sobre la carpeta asf\u00e1ltica.<\/p>\n","protected":false},"excerpt":{"rendered":"<p>Tehuac\u00e1n, Pue.-Un adulto mayor perdi\u00f3 la vida la ma\u00f1ana de este mi\u00e9rcoles al ser atropellado por una unidad repartidora de l\u00e1cteos, cuando intentaba cruzar la vialidad. Los hechos ocurrieron en la calzada Adolfo L\u00f3pez Mateos, antes de llegar al libramiento Tecnol\u00f3gico-San Lorenzo, por lo que cuerpos de emergencia fueron alertados de que un abuelito hab\u00eda&#8230;<\/p>\n","protected":false},"author":15,"featured_media":16272,"comment_status":"open","ping_status":"open","sticky":false,"template":"","format":"standard","meta":[],"categories":[20],"tags":[49],"yoast_head":"<!-- This site is optimized with the Yoast SEO plugin v20.8 - https:\/\/yoast.com\/wordpress\/plugins\/seo\/ -->\n<title>Fallece abuelito al ser atropellado en Tehuac\u00e1n - The Puebla Times<\/title>\n<meta name=\"robots\" content=\"index, follow, max-snippet:-1, max-image-preview:large, max-video-preview:-1\" \/>\n<link rel=\"canonical\" href=\"https:\/\/thepueblatimes.mx\/index.php\/2021\/10\/14\/fallece-abuelito-al-ser-atropellado-en-tehuacan-2\/\" \/>\n<meta property=\"og:locale\" content=\"es_ES\" \/>\n<meta property=\"og:type\" content=\"article\" \/>\n<meta property=\"og:title\" content=\"Fallece abuelito al ser atropellado en Tehuac\u00e1n - The Puebla Times\" \/>\n<meta property=\"og:description\" content=\"Tehuac\u00e1n, Pue.-Un adulto mayor perdi\u00f3 la vida la ma\u00f1ana de este mi\u00e9rcoles al ser atropellado por una unidad repartidora de l\u00e1cteos, cuando intentaba cruzar la vialidad. Los hechos ocurrieron en la calzada Adolfo L\u00f3pez Mateos, antes de llegar al libramiento Tecnol\u00f3gico-San Lorenzo, por lo que cuerpos de emergencia fueron alertados de que un abuelito hab\u00eda...\" \/>\n<meta property=\"og:url\" content=\"https:\/\/thepueblatimes.mx\/index.php\/2021\/10\/14\/fallece-abuelito-al-ser-atropellado-en-tehuacan-2\/\" \/>\n<meta property=\"og:site_name\" content=\"The Puebla Times\" \/>\n<meta property=\"article:published_time\" content=\"2021-10-15T02:08:02+00:00\" \/>\n<meta property=\"og:image\" content=\"https:\/\/thepueblatimes.mx\/wp-content\/uploads\/2021\/10\/8E1ED917-0B40-4C6A-A92E-B94C6D94C70F.jpeg\" \/>\n\t<meta property=\"og:image:width\" content=\"960\" \/>\n\t<meta property=\"og:image:height\" content=\"720\" \/>\n\t<meta property=\"og:image:type\" content=\"image\/jpeg\" \/>\n<meta name=\"author\" content=\"Francisco S\u00e1nchez Nolasco\" \/>\n<meta name=\"twitter:card\" content=\"summary_large_image\" \/>\n<meta name=\"twitter:label1\" content=\"Escrito por\" \/>\n\t<meta name=\"twitter:data1\" content=\"Francisco S\u00e1nchez Nolasco\" \/>\n\t<meta name=\"twitter:label2\" content=\"Tiempo de lectura\" \/>\n\t<meta name=\"twitter:data2\" content=\"1 minuto\" \/>\n<script type=\"application\/ld+json\" class=\"yoast-schema-graph\">{\"@context\":\"https:\/\/schema.org\",\"@graph\":[{\"@type\":\"WebPage\",\"@id\":\"https:\/\/thepueblatimes.mx\/index.php\/2021\/10\/14\/fallece-abuelito-al-ser-atropellado-en-tehuacan-2\/\",\"url\":\"https:\/\/thepueblatimes.mx\/index.php\/2021\/10\/14\/fallece-abuelito-al-ser-atropellado-en-tehuacan-2\/\",\"name\":\"Fallece abuelito al ser atropellado en Tehuac\u00e1n - The Puebla Times\",\"isPartOf\":{\"@id\":\"https:\/\/thepueblatimes.mx\/#website\"},\"datePublished\":\"2021-10-15T02:08:02+00:00\",\"dateModified\":\"2021-10-15T02:08:02+00:00\",\"author\":{\"@id\":\"https:\/\/thepueblatimes.mx\/#\/schema\/person\/7bdf2adbc50078b104bba72b5612f774\"},\"breadcrumb\":{\"@id\":\"https:\/\/thepueblatimes.mx\/index.php\/2021\/10\/14\/fallece-abuelito-al-ser-atropellado-en-tehuacan-2\/#breadcrumb\"},\"inLanguage\":\"es\",\"potentialAction\":[{\"@type\":\"ReadAction\",\"target\":[\"https:\/\/thepueblatimes.mx\/index.php\/2021\/10\/14\/fallece-abuelito-al-ser-atropellado-en-tehuacan-2\/\"]}]},{\"@type\":\"BreadcrumbList\",\"@id\":\"https:\/\/thepueblatimes.mx\/index.php\/2021\/10\/14\/fallece-abuelito-al-ser-atropellado-en-tehuacan-2\/#breadcrumb\",\"itemListElement\":[{\"@type\":\"ListItem\",\"position\":1,\"name\":\"Portada\",\"item\":\"https:\/\/thepueblatimes.mx\/\"},{\"@type\":\"ListItem\",\"position\":2,\"name\":\"Fallece abuelito al ser atropellado en Tehuac\u00e1n\"}]},{\"@type\":\"WebSite\",\"@id\":\"https:\/\/thepueblatimes.mx\/#website\",\"url\":\"https:\/\/thepueblatimes.mx\/\",\"name\":\"The Puebla Times\",\"description\":\"Noticias del Estado de Puebla\",\"potentialAction\":[{\"@type\":\"SearchAction\",\"target\":{\"@type\":\"EntryPoint\",\"urlTemplate\":\"https:\/\/thepueblatimes.mx\/?s={search_term_string}\"},\"query-input\":\"required name=search_term_string\"}],\"inLanguage\":\"es\"},{\"@type\":\"Person\",\"@id\":\"https:\/\/thepueblatimes.mx\/#\/schema\/person\/7bdf2adbc50078b104bba72b5612f774\",\"name\":\"Francisco S\u00e1nchez Nolasco\",\"image\":{\"@type\":\"ImageObject\",\"inLanguage\":\"es\",\"@id\":\"https:\/\/thepueblatimes.mx\/#\/schema\/person\/image\/\",\"url\":\"https:\/\/secure.gravatar.com\/avatar\/6061d7d20b38bc2742a5218401b198d2?s=96&d=mm&r=g\",\"contentUrl\":\"https:\/\/secure.gravatar.com\/avatar\/6061d7d20b38bc2742a5218401b198d2?s=96&d=mm&r=g\",\"caption\":\"Francisco S\u00e1nchez Nolasco\"},\"url\":\"https:\/\/thepueblatimes.mx\/index.php\/author\/marianitha-reyes\/\"}]}<\/script>\n<!-- \/ Yoast SEO plugin. -->","yoast_head_json":{"title":"Fallece abuelito al ser atropellado en Tehuac\u00e1n - The Puebla Times","robots":{"index":"index","follow":"follow","max-snippet":"max-snippet:-1","max-image-preview":"max-image-preview:large","max-video-preview":"max-video-preview:-1"},"canonical":"https:\/\/thepueblatimes.mx\/index.php\/2021\/10\/14\/fallece-abuelito-al-ser-atropellado-en-tehuacan-2\/","og_locale":"es_ES","og_type":"article","og_title":"Fallece abuelito al ser atropellado en Tehuac\u00e1n - The Puebla Times","og_description":"Tehuac\u00e1n, Pue.-Un adulto mayor perdi\u00f3 la vida la ma\u00f1ana de este mi\u00e9rcoles al ser atropellado por una unidad repartidora de l\u00e1cteos, cuando intentaba cruzar la vialidad. Los hechos ocurrieron en la calzada Adolfo L\u00f3pez Mateos, antes de llegar al libramiento Tecnol\u00f3gico-San Lorenzo, por lo que cuerpos de emergencia fueron alertados de que un abuelito hab\u00eda...","og_url":"https:\/\/thepueblatimes.mx\/index.php\/2021\/10\/14\/fallece-abuelito-al-ser-atropellado-en-tehuacan-2\/","og_site_name":"The Puebla Times","article_published_time":"2021-10-15T02:08:02+00:00","og_image":[{"width":960,"height":720,"url":"https:\/\/thepueblatimes.mx\/wp-content\/uploads\/2021\/10\/8E1ED917-0B40-4C6A-A92E-B94C6D94C70F.jpeg","type":"image\/jpeg"}],"author":"Francisco S\u00e1nchez Nolasco","twitter_card":"summary_large_image","twitter_misc":{"Escrito por":"Francisco S\u00e1nchez Nolasco","Tiempo de lectura":"1 minuto"},"schema":{"@context":"https:\/\/schema.org","@graph":[{"@type":"WebPage","@id":"https:\/\/thepueblatimes.mx\/index.php\/2021\/10\/14\/fallece-abuelito-al-ser-atropellado-en-tehuacan-2\/","url":"https:\/\/thepueblatimes.mx\/index.php\/2021\/10\/14\/fallece-abuelito-al-ser-atropellado-en-tehuacan-2\/","name":"Fallece abuelito al ser atropellado en Tehuac\u00e1n - The Puebla Times","isPartOf":{"@id":"https:\/\/thepueblatimes.mx\/#website"},"datePublished":"2021-10-15T02:08:02+00:00","dateModified":"2021-10-15T02:08:02+00:00","author":{"@id":"https:\/\/thepueblatimes.mx\/#\/schema\/person\/7bdf2adbc50078b104bba72b5612f774"},"breadcrumb":{"@id":"https:\/\/thepueblatimes.mx\/index.php\/2021\/10\/14\/fallece-abuelito-al-ser-atropellado-en-tehuacan-2\/#breadcrumb"},"inLanguage":"es","potentialAction":[{"@type":"ReadAction","target":["https:\/\/thepueblatimes.mx\/index.php\/2021\/10\/14\/fallece-abuelito-al-ser-atropellado-en-tehuacan-2\/"]}]},{"@type":"BreadcrumbList","@id":"https:\/\/thepueblatimes.mx\/index.php\/2021\/10\/14\/fallece-abuelito-al-ser-atropellado-en-tehuacan-2\/#breadcrumb","itemListElement":[{"@type":"ListItem","position":1,"name":"Portada","item":"https:\/\/thepueblatimes.mx\/"},{"@type":"ListItem","position":2,"name":"Fallece abuelito al ser atropellado en Tehuac\u00e1n"}]},{"@type":"WebSite","@id":"https:\/\/thepueblatimes.mx\/#website","url":"https:\/\/thepueblatimes.mx\/","name":"The Puebla Times","description":"Noticias del Estado de Puebla","potentialAction":[{"@type":"SearchAction","target":{"@type":"EntryPoint","urlTemplate":"https:\/\/thepueblatimes.mx\/?s={search_term_string}"},"query-input":"required name=search_term_string"}],"inLanguage":"es"},{"@type":"Person","@id":"https:\/\/thepueblatimes.mx\/#\/schema\/person\/7bdf2adbc50078b104bba72b5612f774","name":"Francisco S\u00e1nchez Nolasco","image":{"@type":"ImageObject","inLanguage":"es","@id":"https:\/\/thepueblatimes.mx\/#\/schema\/person\/image\/","url":"https:\/\/secure.gravatar.com\/avatar\/6061d7d20b38bc2742a5218401b198d2?s=96&d=mm&r=g","contentUrl":"https:\/\/secure.gravatar.com\/avatar\/6061d7d20b38bc2742a5218401b198d2?s=96&d=mm&r=g","caption":"Francisco S\u00e1nchez Nolasco"},"url":"https:\/\/thepueblatimes.mx\/index.php\/author\/marianitha-reyes\/"}]}},"jetpack_featured_media_url":"https:\/\/thepueblatimes.mx\/wp-content\/uploads\/2021\/10\/8E1ED917-0B40-4C6A-A92E-B94C6D94C70F.jpeg","_links":{"self":[{"href":"https:\/\/thepueblatimes.mx\/index.php\/wp-json\/wp\/v2\/posts\/16271"}],"collection":[{"href":"https:\/\/thepueblatimes.mx\/index.php\/wp-json\/wp\/v2\/posts"}],"about":[{"href":"https:\/\/thepueblatimes.mx\/index.php\/wp-json\/wp\/v2\/types\/post"}],"author":[{"embeddable":true,"href":"https:\/\/thepueblatimes.mx\/index.php\/wp-json\/wp\/v2\/users\/15"}],"replies":[{"embeddable":true,"href":"https:\/\/thepueblatimes.mx\/index.php\/wp-json\/wp\/v2\/comments?post=16271"}],"version-history":[{"count":1,"href":"https:\/\/thepueblatimes.mx\/index.php\/wp-json\/wp\/v2\/posts\/16271\/revisions"}],"predecessor-version":[{"id":16273,"href":"https:\/\/thepueblatimes.mx\/index.php\/wp-json\/wp\/v2\/posts\/16271\/revisions\/16273"}],"wp:featuredmedia":[{"embeddable":true,"href":"https:\/\/thepueblatimes.mx\/index.php\/wp-json\/wp\/v2\/media\/16272"}],"wp:attachment":[{"href":"https:\/\/thepueblatimes.mx\/index.php\/wp-json\/wp\/v2\/media?parent=16271"}],"wp:term":[{"taxonomy":"category","embeddable":true,"href":"https:\/\/thepueblatimes.mx\/index.php\/wp-json\/wp\/v2\/categories?post=16271"},{"taxonomy":"post_tag","embeddable":true,"href":"https:\/\/thepueblatimes.mx\/index.php\/wp-json\/wp\/v2\/tags?post=16271"}],"curies":[{"name":"wp","href":"https:\/\/api.w.org\/{rel}","templated":true}]}}