{"id":16268,"date":"2021-10-14T21:05:51","date_gmt":"2021-10-15T02:05:51","guid":{"rendered":"https:\/\/thepueblatimes.mx\/?p=16268"},"modified":"2021-10-14T21:05:51","modified_gmt":"2021-10-15T02:05:51","slug":"cable-suelto-electrocuta-a-el-jarocho-en-calles-de-atlixco","status":"publish","type":"post","link":"https:\/\/thepueblatimes.mx\/index.php\/2021\/10\/14\/cable-suelto-electrocuta-a-el-jarocho-en-calles-de-atlixco\/","title":{"rendered":"Cable suelto electrocuta a El Jarocho en calles de Atlixco"},"content":{"rendered":"<p>Atlixco, Pue. El \u201cJarocho\u201d logr\u00f3 salvar la vida pr\u00e1cticamente de milagro luego de recibir un verdadero chicotazo de electricidad mientras caminaba en calles c\u00e9ntricas de esta mancha urbana.<\/p>\n<p>Los hechos ocurrieron este mi\u00e9rcoles a cinco cuadras del centro de Atlixco, espec\u00edficamente sobre la calle 16 Poniente y 5 Norte en la colonia Ahuehuete, sitio de tr\u00e1fico complicado para personas y autom\u00f3viles.<\/p>\n<p>\u201cAparentemente un cami\u00f3n pesado, quiz\u00e1 un torton, rompi\u00f3 un cable de luz en el \u00e1rea y \u00e9ste termin\u00f3 en el cuerpo del afectado. Afortunadamente recibi\u00f3 atenci\u00f3n de param\u00e9dicos\u201d, dieron a conocer testigos.<\/p>\n<p>Aunque lugare\u00f1os dieron a conocer que en caso de tardarse m\u00e1s la llegada de la ambulancia, el electrocutado no la hubiera contado. \u201cMarcamos al 911 y a pesar de tener una respuesta, los param\u00e9dicos no aparec\u00edan\u201d, dijo un vecino.<\/p>\n<p>De inmediato El Jarocho fue reconocido por amigos y familiares quienes se trasladaron al sitio donde ocurri\u00f3 la que pudo ser una verdadera tragedia. \u201cTen\u00eda algunas quemaduras, pero en general encontramos una respuesta alentadora tras el siniestro\u201d, cit\u00f3 una fuente.<\/p>\n<div class=\"row publi-cont\"><\/div>\n","protected":false},"excerpt":{"rendered":"<p>Atlixco, Pue. El \u201cJarocho\u201d logr\u00f3 salvar la vida pr\u00e1cticamente de milagro luego de recibir un verdadero chicotazo de electricidad mientras caminaba en calles c\u00e9ntricas de esta mancha urbana. Los hechos ocurrieron este mi\u00e9rcoles a cinco cuadras del centro de Atlixco, espec\u00edficamente sobre la calle 16 Poniente y 5 Norte en la colonia Ahuehuete, sitio de&#8230;<\/p>\n","protected":false},"author":15,"featured_media":16269,"comment_status":"open","ping_status":"open","sticky":false,"template":"","format":"standard","meta":[],"categories":[20],"tags":[49],"yoast_head":"<!-- This site is optimized with the Yoast SEO plugin v20.8 - https:\/\/yoast.com\/wordpress\/plugins\/seo\/ -->\n<title>Cable suelto electrocuta a El Jarocho en calles de Atlixco - The Puebla Times<\/title>\n<meta name=\"robots\" content=\"index, follow, max-snippet:-1, max-image-preview:large, max-video-preview:-1\" \/>\n<link rel=\"canonical\" href=\"https:\/\/thepueblatimes.mx\/index.php\/2021\/10\/14\/cable-suelto-electrocuta-a-el-jarocho-en-calles-de-atlixco\/\" \/>\n<meta property=\"og:locale\" content=\"es_ES\" \/>\n<meta property=\"og:type\" content=\"article\" \/>\n<meta property=\"og:title\" content=\"Cable suelto electrocuta a El Jarocho en calles de Atlixco - The Puebla Times\" \/>\n<meta property=\"og:description\" content=\"Atlixco, Pue. El \u201cJarocho\u201d logr\u00f3 salvar la vida pr\u00e1cticamente de milagro luego de recibir un verdadero chicotazo de electricidad mientras caminaba en calles c\u00e9ntricas de esta mancha urbana. Los hechos ocurrieron este mi\u00e9rcoles a cinco cuadras del centro de Atlixco, espec\u00edficamente sobre la calle 16 Poniente y 5 Norte en la colonia Ahuehuete, sitio de...\" \/>\n<meta property=\"og:url\" content=\"https:\/\/thepueblatimes.mx\/index.php\/2021\/10\/14\/cable-suelto-electrocuta-a-el-jarocho-en-calles-de-atlixco\/\" \/>\n<meta property=\"og:site_name\" content=\"The Puebla Times\" \/>\n<meta property=\"article:published_time\" content=\"2021-10-15T02:05:51+00:00\" \/>\n<meta property=\"og:image\" content=\"https:\/\/thepueblatimes.mx\/wp-content\/uploads\/2021\/10\/5504EBAC-B2EB-438F-9622-1A80BE45ADDA.jpeg\" \/>\n\t<meta property=\"og:image:width\" content=\"640\" \/>\n\t<meta property=\"og:image:height\" content=\"479\" \/>\n\t<meta property=\"og:image:type\" content=\"image\/jpeg\" \/>\n<meta name=\"author\" content=\"Francisco S\u00e1nchez Nolasco\" \/>\n<meta name=\"twitter:card\" content=\"summary_large_image\" \/>\n<meta name=\"twitter:label1\" content=\"Escrito por\" \/>\n\t<meta name=\"twitter:data1\" content=\"Francisco S\u00e1nchez Nolasco\" \/>\n\t<meta name=\"twitter:label2\" content=\"Tiempo de lectura\" \/>\n\t<meta name=\"twitter:data2\" content=\"1 minuto\" \/>\n<script type=\"application\/ld+json\" class=\"yoast-schema-graph\">{\"@context\":\"https:\/\/schema.org\",\"@graph\":[{\"@type\":\"WebPage\",\"@id\":\"https:\/\/thepueblatimes.mx\/index.php\/2021\/10\/14\/cable-suelto-electrocuta-a-el-jarocho-en-calles-de-atlixco\/\",\"url\":\"https:\/\/thepueblatimes.mx\/index.php\/2021\/10\/14\/cable-suelto-electrocuta-a-el-jarocho-en-calles-de-atlixco\/\",\"name\":\"Cable suelto electrocuta a El Jarocho en calles de Atlixco - The Puebla Times\",\"isPartOf\":{\"@id\":\"https:\/\/thepueblatimes.mx\/#website\"},\"datePublished\":\"2021-10-15T02:05:51+00:00\",\"dateModified\":\"2021-10-15T02:05:51+00:00\",\"author\":{\"@id\":\"https:\/\/thepueblatimes.mx\/#\/schema\/person\/7bdf2adbc50078b104bba72b5612f774\"},\"breadcrumb\":{\"@id\":\"https:\/\/thepueblatimes.mx\/index.php\/2021\/10\/14\/cable-suelto-electrocuta-a-el-jarocho-en-calles-de-atlixco\/#breadcrumb\"},\"inLanguage\":\"es\",\"potentialAction\":[{\"@type\":\"ReadAction\",\"target\":[\"https:\/\/thepueblatimes.mx\/index.php\/2021\/10\/14\/cable-suelto-electrocuta-a-el-jarocho-en-calles-de-atlixco\/\"]}]},{\"@type\":\"BreadcrumbList\",\"@id\":\"https:\/\/thepueblatimes.mx\/index.php\/2021\/10\/14\/cable-suelto-electrocuta-a-el-jarocho-en-calles-de-atlixco\/#breadcrumb\",\"itemListElement\":[{\"@type\":\"ListItem\",\"position\":1,\"name\":\"Portada\",\"item\":\"https:\/\/thepueblatimes.mx\/\"},{\"@type\":\"ListItem\",\"position\":2,\"name\":\"Cable suelto electrocuta a El Jarocho en calles de Atlixco\"}]},{\"@type\":\"WebSite\",\"@id\":\"https:\/\/thepueblatimes.mx\/#website\",\"url\":\"https:\/\/thepueblatimes.mx\/\",\"name\":\"The Puebla Times\",\"description\":\"Noticias del Estado de Puebla\",\"potentialAction\":[{\"@type\":\"SearchAction\",\"target\":{\"@type\":\"EntryPoint\",\"urlTemplate\":\"https:\/\/thepueblatimes.mx\/?s={search_term_string}\"},\"query-input\":\"required name=search_term_string\"}],\"inLanguage\":\"es\"},{\"@type\":\"Person\",\"@id\":\"https:\/\/thepueblatimes.mx\/#\/schema\/person\/7bdf2adbc50078b104bba72b5612f774\",\"name\":\"Francisco S\u00e1nchez Nolasco\",\"image\":{\"@type\":\"ImageObject\",\"inLanguage\":\"es\",\"@id\":\"https:\/\/thepueblatimes.mx\/#\/schema\/person\/image\/\",\"url\":\"https:\/\/secure.gravatar.com\/avatar\/6061d7d20b38bc2742a5218401b198d2?s=96&d=mm&r=g\",\"contentUrl\":\"https:\/\/secure.gravatar.com\/avatar\/6061d7d20b38bc2742a5218401b198d2?s=96&d=mm&r=g\",\"caption\":\"Francisco S\u00e1nchez Nolasco\"},\"url\":\"https:\/\/thepueblatimes.mx\/index.php\/author\/marianitha-reyes\/\"}]}<\/script>\n<!-- \/ Yoast SEO plugin. -->","yoast_head_json":{"title":"Cable suelto electrocuta a El Jarocho en calles de Atlixco - The Puebla Times","robots":{"index":"index","follow":"follow","max-snippet":"max-snippet:-1","max-image-preview":"max-image-preview:large","max-video-preview":"max-video-preview:-1"},"canonical":"https:\/\/thepueblatimes.mx\/index.php\/2021\/10\/14\/cable-suelto-electrocuta-a-el-jarocho-en-calles-de-atlixco\/","og_locale":"es_ES","og_type":"article","og_title":"Cable suelto electrocuta a El Jarocho en calles de Atlixco - The Puebla Times","og_description":"Atlixco, Pue. El \u201cJarocho\u201d logr\u00f3 salvar la vida pr\u00e1cticamente de milagro luego de recibir un verdadero chicotazo de electricidad mientras caminaba en calles c\u00e9ntricas de esta mancha urbana. Los hechos ocurrieron este mi\u00e9rcoles a cinco cuadras del centro de Atlixco, espec\u00edficamente sobre la calle 16 Poniente y 5 Norte en la colonia Ahuehuete, sitio de...","og_url":"https:\/\/thepueblatimes.mx\/index.php\/2021\/10\/14\/cable-suelto-electrocuta-a-el-jarocho-en-calles-de-atlixco\/","og_site_name":"The Puebla Times","article_published_time":"2021-10-15T02:05:51+00:00","og_image":[{"width":640,"height":479,"url":"https:\/\/thepueblatimes.mx\/wp-content\/uploads\/2021\/10\/5504EBAC-B2EB-438F-9622-1A80BE45ADDA.jpeg","type":"image\/jpeg"}],"author":"Francisco S\u00e1nchez Nolasco","twitter_card":"summary_large_image","twitter_misc":{"Escrito por":"Francisco S\u00e1nchez Nolasco","Tiempo de lectura":"1 minuto"},"schema":{"@context":"https:\/\/schema.org","@graph":[{"@type":"WebPage","@id":"https:\/\/thepueblatimes.mx\/index.php\/2021\/10\/14\/cable-suelto-electrocuta-a-el-jarocho-en-calles-de-atlixco\/","url":"https:\/\/thepueblatimes.mx\/index.php\/2021\/10\/14\/cable-suelto-electrocuta-a-el-jarocho-en-calles-de-atlixco\/","name":"Cable suelto electrocuta a El Jarocho en calles de Atlixco - The Puebla Times","isPartOf":{"@id":"https:\/\/thepueblatimes.mx\/#website"},"datePublished":"2021-10-15T02:05:51+00:00","dateModified":"2021-10-15T02:05:51+00:00","author":{"@id":"https:\/\/thepueblatimes.mx\/#\/schema\/person\/7bdf2adbc50078b104bba72b5612f774"},"breadcrumb":{"@id":"https:\/\/thepueblatimes.mx\/index.php\/2021\/10\/14\/cable-suelto-electrocuta-a-el-jarocho-en-calles-de-atlixco\/#breadcrumb"},"inLanguage":"es","potentialAction":[{"@type":"ReadAction","target":["https:\/\/thepueblatimes.mx\/index.php\/2021\/10\/14\/cable-suelto-electrocuta-a-el-jarocho-en-calles-de-atlixco\/"]}]},{"@type":"BreadcrumbList","@id":"https:\/\/thepueblatimes.mx\/index.php\/2021\/10\/14\/cable-suelto-electrocuta-a-el-jarocho-en-calles-de-atlixco\/#breadcrumb","itemListElement":[{"@type":"ListItem","position":1,"name":"Portada","item":"https:\/\/thepueblatimes.mx\/"},{"@type":"ListItem","position":2,"name":"Cable suelto electrocuta a El Jarocho en calles de Atlixco"}]},{"@type":"WebSite","@id":"https:\/\/thepueblatimes.mx\/#website","url":"https:\/\/thepueblatimes.mx\/","name":"The Puebla Times","description":"Noticias del Estado de Puebla","potentialAction":[{"@type":"SearchAction","target":{"@type":"EntryPoint","urlTemplate":"https:\/\/thepueblatimes.mx\/?s={search_term_string}"},"query-input":"required name=search_term_string"}],"inLanguage":"es"},{"@type":"Person","@id":"https:\/\/thepueblatimes.mx\/#\/schema\/person\/7bdf2adbc50078b104bba72b5612f774","name":"Francisco S\u00e1nchez Nolasco","image":{"@type":"ImageObject","inLanguage":"es","@id":"https:\/\/thepueblatimes.mx\/#\/schema\/person\/image\/","url":"https:\/\/secure.gravatar.com\/avatar\/6061d7d20b38bc2742a5218401b198d2?s=96&d=mm&r=g","contentUrl":"https:\/\/secure.gravatar.com\/avatar\/6061d7d20b38bc2742a5218401b198d2?s=96&d=mm&r=g","caption":"Francisco S\u00e1nchez Nolasco"},"url":"https:\/\/thepueblatimes.mx\/index.php\/author\/marianitha-reyes\/"}]}},"jetpack_featured_media_url":"https:\/\/thepueblatimes.mx\/wp-content\/uploads\/2021\/10\/5504EBAC-B2EB-438F-9622-1A80BE45ADDA.jpeg","_links":{"self":[{"href":"https:\/\/thepueblatimes.mx\/index.php\/wp-json\/wp\/v2\/posts\/16268"}],"collection":[{"href":"https:\/\/thepueblatimes.mx\/index.php\/wp-json\/wp\/v2\/posts"}],"about":[{"href":"https:\/\/thepueblatimes.mx\/index.php\/wp-json\/wp\/v2\/types\/post"}],"author":[{"embeddable":true,"href":"https:\/\/thepueblatimes.mx\/index.php\/wp-json\/wp\/v2\/users\/15"}],"replies":[{"embeddable":true,"href":"https:\/\/thepueblatimes.mx\/index.php\/wp-json\/wp\/v2\/comments?post=16268"}],"version-history":[{"count":1,"href":"https:\/\/thepueblatimes.mx\/index.php\/wp-json\/wp\/v2\/posts\/16268\/revisions"}],"predecessor-version":[{"id":16270,"href":"https:\/\/thepueblatimes.mx\/index.php\/wp-json\/wp\/v2\/posts\/16268\/revisions\/16270"}],"wp:featuredmedia":[{"embeddable":true,"href":"https:\/\/thepueblatimes.mx\/index.php\/wp-json\/wp\/v2\/media\/16269"}],"wp:attachment":[{"href":"https:\/\/thepueblatimes.mx\/index.php\/wp-json\/wp\/v2\/media?parent=16268"}],"wp:term":[{"taxonomy":"category","embeddable":true,"href":"https:\/\/thepueblatimes.mx\/index.php\/wp-json\/wp\/v2\/categories?post=16268"},{"taxonomy":"post_tag","embeddable":true,"href":"https:\/\/thepueblatimes.mx\/index.php\/wp-json\/wp\/v2\/tags?post=16268"}],"curies":[{"name":"wp","href":"https:\/\/api.w.org\/{rel}","templated":true}]}}