{"id":16265,"date":"2021-10-14T21:03:39","date_gmt":"2021-10-15T02:03:39","guid":{"rendered":"https:\/\/thepueblatimes.mx\/?p=16265"},"modified":"2021-10-14T21:03:39","modified_gmt":"2021-10-15T02:03:39","slug":"con-brigadas-buscan-a-joven-desaparecido-en-tlacotepec-de-benito-juarez","status":"publish","type":"post","link":"https:\/\/thepueblatimes.mx\/index.php\/2021\/10\/14\/con-brigadas-buscan-a-joven-desaparecido-en-tlacotepec-de-benito-juarez\/","title":{"rendered":"Con brigadas buscan a joven desaparecido en Tlacotepec de Benito Ju\u00e1rez"},"content":{"rendered":"<p>Tlacotepec de Benito Ju\u00e1rez, Pue.- Debido a la<strong>desaparici\u00f3n de Daniel Su\u00e1rez Cortes, de 21 a\u00f1os de edad<\/strong>, <strong>familiares y amigos convocan a la ciudadan\u00eda a sumarse a las brigadas de b\u00fasqueda que partir\u00e1n del z\u00f3calo del municipio este pr\u00f3ximo s\u00e1bado.\u00a0<\/strong><\/p>\n<p>El punto de salida ser\u00e1 el parque del municipio <strong>a partir de las 7:30 de la ma\u00f1ana<\/strong>, as\u00ed como en el caso de los vecinos del barrio la Estaci\u00f3n que no tengan medios de transporte se les apoyar\u00e1 para su traslado.<\/p>\n<p>El joven fue reportado como desaparecido el pasado s\u00e1bado cuando sali\u00f3 de su domicilio.<\/p>\n<p>&nbsp;<\/p>\n","protected":false},"excerpt":{"rendered":"<p>Tlacotepec de Benito Ju\u00e1rez, Pue.- Debido a ladesaparici\u00f3n de Daniel Su\u00e1rez Cortes, de 21 a\u00f1os de edad, familiares y amigos convocan a la ciudadan\u00eda a sumarse a las brigadas de b\u00fasqueda que partir\u00e1n del z\u00f3calo del municipio este pr\u00f3ximo s\u00e1bado.\u00a0 El punto de salida ser\u00e1 el parque del municipio a partir de las 7:30 de&#8230;<\/p>\n","protected":false},"author":15,"featured_media":16266,"comment_status":"open","ping_status":"open","sticky":false,"template":"","format":"standard","meta":[],"categories":[20],"tags":[49],"yoast_head":"<!-- This site is optimized with the Yoast SEO plugin v20.8 - https:\/\/yoast.com\/wordpress\/plugins\/seo\/ -->\n<title>Con brigadas buscan a joven desaparecido en Tlacotepec de Benito Ju\u00e1rez - The Puebla Times<\/title>\n<meta name=\"robots\" content=\"index, follow, max-snippet:-1, max-image-preview:large, max-video-preview:-1\" \/>\n<link rel=\"canonical\" href=\"https:\/\/thepueblatimes.mx\/index.php\/2021\/10\/14\/con-brigadas-buscan-a-joven-desaparecido-en-tlacotepec-de-benito-juarez\/\" \/>\n<meta property=\"og:locale\" content=\"es_ES\" \/>\n<meta property=\"og:type\" content=\"article\" \/>\n<meta property=\"og:title\" content=\"Con brigadas buscan a joven desaparecido en Tlacotepec de Benito Ju\u00e1rez - The Puebla Times\" \/>\n<meta property=\"og:description\" content=\"Tlacotepec de Benito Ju\u00e1rez, Pue.- Debido a ladesaparici\u00f3n de Daniel Su\u00e1rez Cortes, de 21 a\u00f1os de edad, familiares y amigos convocan a la ciudadan\u00eda a sumarse a las brigadas de b\u00fasqueda que partir\u00e1n del z\u00f3calo del municipio este pr\u00f3ximo s\u00e1bado.\u00a0 El punto de salida ser\u00e1 el parque del municipio a partir de las 7:30 de...\" \/>\n<meta property=\"og:url\" content=\"https:\/\/thepueblatimes.mx\/index.php\/2021\/10\/14\/con-brigadas-buscan-a-joven-desaparecido-en-tlacotepec-de-benito-juarez\/\" \/>\n<meta property=\"og:site_name\" content=\"The Puebla Times\" \/>\n<meta property=\"article:published_time\" content=\"2021-10-15T02:03:39+00:00\" \/>\n<meta property=\"og:image\" content=\"https:\/\/thepueblatimes.mx\/wp-content\/uploads\/2021\/10\/4B80264C-2E40-487D-815A-681005D982A2.jpeg\" \/>\n\t<meta property=\"og:image:width\" content=\"650\" \/>\n\t<meta property=\"og:image:height\" content=\"502\" \/>\n\t<meta property=\"og:image:type\" content=\"image\/jpeg\" \/>\n<meta name=\"author\" content=\"Francisco S\u00e1nchez Nolasco\" \/>\n<meta name=\"twitter:card\" content=\"summary_large_image\" \/>\n<meta name=\"twitter:label1\" content=\"Escrito por\" \/>\n\t<meta name=\"twitter:data1\" content=\"Francisco S\u00e1nchez Nolasco\" \/>\n\t<meta name=\"twitter:label2\" content=\"Tiempo de lectura\" \/>\n\t<meta name=\"twitter:data2\" content=\"1 minuto\" \/>\n<script type=\"application\/ld+json\" class=\"yoast-schema-graph\">{\"@context\":\"https:\/\/schema.org\",\"@graph\":[{\"@type\":\"WebPage\",\"@id\":\"https:\/\/thepueblatimes.mx\/index.php\/2021\/10\/14\/con-brigadas-buscan-a-joven-desaparecido-en-tlacotepec-de-benito-juarez\/\",\"url\":\"https:\/\/thepueblatimes.mx\/index.php\/2021\/10\/14\/con-brigadas-buscan-a-joven-desaparecido-en-tlacotepec-de-benito-juarez\/\",\"name\":\"Con brigadas buscan a joven desaparecido en Tlacotepec de Benito Ju\u00e1rez - The Puebla Times\",\"isPartOf\":{\"@id\":\"https:\/\/thepueblatimes.mx\/#website\"},\"datePublished\":\"2021-10-15T02:03:39+00:00\",\"dateModified\":\"2021-10-15T02:03:39+00:00\",\"author\":{\"@id\":\"https:\/\/thepueblatimes.mx\/#\/schema\/person\/7bdf2adbc50078b104bba72b5612f774\"},\"breadcrumb\":{\"@id\":\"https:\/\/thepueblatimes.mx\/index.php\/2021\/10\/14\/con-brigadas-buscan-a-joven-desaparecido-en-tlacotepec-de-benito-juarez\/#breadcrumb\"},\"inLanguage\":\"es\",\"potentialAction\":[{\"@type\":\"ReadAction\",\"target\":[\"https:\/\/thepueblatimes.mx\/index.php\/2021\/10\/14\/con-brigadas-buscan-a-joven-desaparecido-en-tlacotepec-de-benito-juarez\/\"]}]},{\"@type\":\"BreadcrumbList\",\"@id\":\"https:\/\/thepueblatimes.mx\/index.php\/2021\/10\/14\/con-brigadas-buscan-a-joven-desaparecido-en-tlacotepec-de-benito-juarez\/#breadcrumb\",\"itemListElement\":[{\"@type\":\"ListItem\",\"position\":1,\"name\":\"Portada\",\"item\":\"https:\/\/thepueblatimes.mx\/\"},{\"@type\":\"ListItem\",\"position\":2,\"name\":\"Con brigadas buscan a joven desaparecido en Tlacotepec de Benito Ju\u00e1rez\"}]},{\"@type\":\"WebSite\",\"@id\":\"https:\/\/thepueblatimes.mx\/#website\",\"url\":\"https:\/\/thepueblatimes.mx\/\",\"name\":\"The Puebla Times\",\"description\":\"Noticias del Estado de Puebla\",\"potentialAction\":[{\"@type\":\"SearchAction\",\"target\":{\"@type\":\"EntryPoint\",\"urlTemplate\":\"https:\/\/thepueblatimes.mx\/?s={search_term_string}\"},\"query-input\":\"required name=search_term_string\"}],\"inLanguage\":\"es\"},{\"@type\":\"Person\",\"@id\":\"https:\/\/thepueblatimes.mx\/#\/schema\/person\/7bdf2adbc50078b104bba72b5612f774\",\"name\":\"Francisco S\u00e1nchez Nolasco\",\"image\":{\"@type\":\"ImageObject\",\"inLanguage\":\"es\",\"@id\":\"https:\/\/thepueblatimes.mx\/#\/schema\/person\/image\/\",\"url\":\"https:\/\/secure.gravatar.com\/avatar\/6061d7d20b38bc2742a5218401b198d2?s=96&d=mm&r=g\",\"contentUrl\":\"https:\/\/secure.gravatar.com\/avatar\/6061d7d20b38bc2742a5218401b198d2?s=96&d=mm&r=g\",\"caption\":\"Francisco S\u00e1nchez Nolasco\"},\"url\":\"https:\/\/thepueblatimes.mx\/index.php\/author\/marianitha-reyes\/\"}]}<\/script>\n<!-- \/ Yoast SEO plugin. -->","yoast_head_json":{"title":"Con brigadas buscan a joven desaparecido en Tlacotepec de Benito Ju\u00e1rez - The Puebla Times","robots":{"index":"index","follow":"follow","max-snippet":"max-snippet:-1","max-image-preview":"max-image-preview:large","max-video-preview":"max-video-preview:-1"},"canonical":"https:\/\/thepueblatimes.mx\/index.php\/2021\/10\/14\/con-brigadas-buscan-a-joven-desaparecido-en-tlacotepec-de-benito-juarez\/","og_locale":"es_ES","og_type":"article","og_title":"Con brigadas buscan a joven desaparecido en Tlacotepec de Benito Ju\u00e1rez - The Puebla Times","og_description":"Tlacotepec de Benito Ju\u00e1rez, Pue.- Debido a ladesaparici\u00f3n de Daniel Su\u00e1rez Cortes, de 21 a\u00f1os de edad, familiares y amigos convocan a la ciudadan\u00eda a sumarse a las brigadas de b\u00fasqueda que partir\u00e1n del z\u00f3calo del municipio este pr\u00f3ximo s\u00e1bado.\u00a0 El punto de salida ser\u00e1 el parque del municipio a partir de las 7:30 de...","og_url":"https:\/\/thepueblatimes.mx\/index.php\/2021\/10\/14\/con-brigadas-buscan-a-joven-desaparecido-en-tlacotepec-de-benito-juarez\/","og_site_name":"The Puebla Times","article_published_time":"2021-10-15T02:03:39+00:00","og_image":[{"width":650,"height":502,"url":"https:\/\/thepueblatimes.mx\/wp-content\/uploads\/2021\/10\/4B80264C-2E40-487D-815A-681005D982A2.jpeg","type":"image\/jpeg"}],"author":"Francisco S\u00e1nchez Nolasco","twitter_card":"summary_large_image","twitter_misc":{"Escrito por":"Francisco S\u00e1nchez Nolasco","Tiempo de lectura":"1 minuto"},"schema":{"@context":"https:\/\/schema.org","@graph":[{"@type":"WebPage","@id":"https:\/\/thepueblatimes.mx\/index.php\/2021\/10\/14\/con-brigadas-buscan-a-joven-desaparecido-en-tlacotepec-de-benito-juarez\/","url":"https:\/\/thepueblatimes.mx\/index.php\/2021\/10\/14\/con-brigadas-buscan-a-joven-desaparecido-en-tlacotepec-de-benito-juarez\/","name":"Con brigadas buscan a joven desaparecido en Tlacotepec de Benito Ju\u00e1rez - The Puebla Times","isPartOf":{"@id":"https:\/\/thepueblatimes.mx\/#website"},"datePublished":"2021-10-15T02:03:39+00:00","dateModified":"2021-10-15T02:03:39+00:00","author":{"@id":"https:\/\/thepueblatimes.mx\/#\/schema\/person\/7bdf2adbc50078b104bba72b5612f774"},"breadcrumb":{"@id":"https:\/\/thepueblatimes.mx\/index.php\/2021\/10\/14\/con-brigadas-buscan-a-joven-desaparecido-en-tlacotepec-de-benito-juarez\/#breadcrumb"},"inLanguage":"es","potentialAction":[{"@type":"ReadAction","target":["https:\/\/thepueblatimes.mx\/index.php\/2021\/10\/14\/con-brigadas-buscan-a-joven-desaparecido-en-tlacotepec-de-benito-juarez\/"]}]},{"@type":"BreadcrumbList","@id":"https:\/\/thepueblatimes.mx\/index.php\/2021\/10\/14\/con-brigadas-buscan-a-joven-desaparecido-en-tlacotepec-de-benito-juarez\/#breadcrumb","itemListElement":[{"@type":"ListItem","position":1,"name":"Portada","item":"https:\/\/thepueblatimes.mx\/"},{"@type":"ListItem","position":2,"name":"Con brigadas buscan a joven desaparecido en Tlacotepec de Benito Ju\u00e1rez"}]},{"@type":"WebSite","@id":"https:\/\/thepueblatimes.mx\/#website","url":"https:\/\/thepueblatimes.mx\/","name":"The Puebla Times","description":"Noticias del Estado de Puebla","potentialAction":[{"@type":"SearchAction","target":{"@type":"EntryPoint","urlTemplate":"https:\/\/thepueblatimes.mx\/?s={search_term_string}"},"query-input":"required name=search_term_string"}],"inLanguage":"es"},{"@type":"Person","@id":"https:\/\/thepueblatimes.mx\/#\/schema\/person\/7bdf2adbc50078b104bba72b5612f774","name":"Francisco S\u00e1nchez Nolasco","image":{"@type":"ImageObject","inLanguage":"es","@id":"https:\/\/thepueblatimes.mx\/#\/schema\/person\/image\/","url":"https:\/\/secure.gravatar.com\/avatar\/6061d7d20b38bc2742a5218401b198d2?s=96&d=mm&r=g","contentUrl":"https:\/\/secure.gravatar.com\/avatar\/6061d7d20b38bc2742a5218401b198d2?s=96&d=mm&r=g","caption":"Francisco S\u00e1nchez Nolasco"},"url":"https:\/\/thepueblatimes.mx\/index.php\/author\/marianitha-reyes\/"}]}},"jetpack_featured_media_url":"https:\/\/thepueblatimes.mx\/wp-content\/uploads\/2021\/10\/4B80264C-2E40-487D-815A-681005D982A2.jpeg","_links":{"self":[{"href":"https:\/\/thepueblatimes.mx\/index.php\/wp-json\/wp\/v2\/posts\/16265"}],"collection":[{"href":"https:\/\/thepueblatimes.mx\/index.php\/wp-json\/wp\/v2\/posts"}],"about":[{"href":"https:\/\/thepueblatimes.mx\/index.php\/wp-json\/wp\/v2\/types\/post"}],"author":[{"embeddable":true,"href":"https:\/\/thepueblatimes.mx\/index.php\/wp-json\/wp\/v2\/users\/15"}],"replies":[{"embeddable":true,"href":"https:\/\/thepueblatimes.mx\/index.php\/wp-json\/wp\/v2\/comments?post=16265"}],"version-history":[{"count":1,"href":"https:\/\/thepueblatimes.mx\/index.php\/wp-json\/wp\/v2\/posts\/16265\/revisions"}],"predecessor-version":[{"id":16267,"href":"https:\/\/thepueblatimes.mx\/index.php\/wp-json\/wp\/v2\/posts\/16265\/revisions\/16267"}],"wp:featuredmedia":[{"embeddable":true,"href":"https:\/\/thepueblatimes.mx\/index.php\/wp-json\/wp\/v2\/media\/16266"}],"wp:attachment":[{"href":"https:\/\/thepueblatimes.mx\/index.php\/wp-json\/wp\/v2\/media?parent=16265"}],"wp:term":[{"taxonomy":"category","embeddable":true,"href":"https:\/\/thepueblatimes.mx\/index.php\/wp-json\/wp\/v2\/categories?post=16265"},{"taxonomy":"post_tag","embeddable":true,"href":"https:\/\/thepueblatimes.mx\/index.php\/wp-json\/wp\/v2\/tags?post=16265"}],"curies":[{"name":"wp","href":"https:\/\/api.w.org\/{rel}","templated":true}]}}