{"id":16262,"date":"2021-10-14T21:01:25","date_gmt":"2021-10-15T02:01:25","guid":{"rendered":"https:\/\/thepueblatimes.mx\/?p=16262"},"modified":"2021-10-14T21:01:25","modified_gmt":"2021-10-15T02:01:25","slug":"vecinos-persiguen-patrulla-para-linchar-a-ladron-detenido-en-el-verde","status":"publish","type":"post","link":"https:\/\/thepueblatimes.mx\/index.php\/2021\/10\/14\/vecinos-persiguen-patrulla-para-linchar-a-ladron-detenido-en-el-verde\/","title":{"rendered":"Vecinos persiguen patrulla para linchar a ladr\u00f3n detenido en El Verde"},"content":{"rendered":"<p>San Salvador El Verde, Pue.-<strong> Vecinos de Santa Cruz Analco estuvieron a punto de linchar a un sujeto acusado de haber intentado robar un comercio<\/strong>, el cual fue rescatado por elementos de la polic\u00eda municipal del Verde y polic\u00edas estatales.<\/p>\n<p>Tras ser rescatado, <strong>un grupo de vecinos, persiguieron la patrulla donde era trasladado el presunto ladr\u00f3n, pues buscaban hacer justicia.<\/strong><\/p>\n<p>De acuerdo a los reportes, el ladr\u00f3n intent\u00f3 atracar una paleter\u00eda ubicada en la poblaci\u00f3n de San Gregorio Aztotoacan, pero fue descubierto y se dio a la fuga rumbo a Santa Cruz Analco, donde fue asegurado por los probadores.<\/p>\n<p>Durante el aseguramiento, los inconformes le propinaron algunos golpes al presunto delincuente, lo que motiv\u00f3 que las autoridades implementaran un operativo para evitar que se ejerciera justicia de propia mano.<\/p>\n<p>Lo anterior ocurri\u00f3 durante la noche de este mi\u00e9rcoles. Los vecinos, cansados de la inseguridad que se ha estado registrando en El Verde,\u00a0 exigen una pronta atenci\u00f3n de las autoridades al incremento de robo y asaltos.<\/p>\n<div class=\"row publi-cont\"><\/div>\n","protected":false},"excerpt":{"rendered":"<p>San Salvador El Verde, Pue.- Vecinos de Santa Cruz Analco estuvieron a punto de linchar a un sujeto acusado de haber intentado robar un comercio, el cual fue rescatado por elementos de la polic\u00eda municipal del Verde y polic\u00edas estatales. Tras ser rescatado, un grupo de vecinos, persiguieron la patrulla donde era trasladado el presunto&#8230;<\/p>\n","protected":false},"author":15,"featured_media":16263,"comment_status":"open","ping_status":"open","sticky":false,"template":"","format":"standard","meta":[],"categories":[20],"tags":[49],"yoast_head":"<!-- This site is optimized with the Yoast SEO plugin v20.8 - https:\/\/yoast.com\/wordpress\/plugins\/seo\/ -->\n<title>Vecinos persiguen patrulla para linchar a ladr\u00f3n detenido en El Verde - The Puebla Times<\/title>\n<meta name=\"robots\" content=\"index, follow, max-snippet:-1, max-image-preview:large, max-video-preview:-1\" \/>\n<link rel=\"canonical\" href=\"https:\/\/thepueblatimes.mx\/index.php\/2021\/10\/14\/vecinos-persiguen-patrulla-para-linchar-a-ladron-detenido-en-el-verde\/\" \/>\n<meta property=\"og:locale\" content=\"es_ES\" \/>\n<meta property=\"og:type\" content=\"article\" \/>\n<meta property=\"og:title\" content=\"Vecinos persiguen patrulla para linchar a ladr\u00f3n detenido en El Verde - The Puebla Times\" \/>\n<meta property=\"og:description\" content=\"San Salvador El Verde, Pue.- Vecinos de Santa Cruz Analco estuvieron a punto de linchar a un sujeto acusado de haber intentado robar un comercio, el cual fue rescatado por elementos de la polic\u00eda municipal del Verde y polic\u00edas estatales. Tras ser rescatado, un grupo de vecinos, persiguieron la patrulla donde era trasladado el presunto...\" \/>\n<meta property=\"og:url\" content=\"https:\/\/thepueblatimes.mx\/index.php\/2021\/10\/14\/vecinos-persiguen-patrulla-para-linchar-a-ladron-detenido-en-el-verde\/\" \/>\n<meta property=\"og:site_name\" content=\"The Puebla Times\" \/>\n<meta property=\"article:published_time\" content=\"2021-10-15T02:01:25+00:00\" \/>\n<meta property=\"og:image\" content=\"https:\/\/thepueblatimes.mx\/wp-content\/uploads\/2021\/10\/B740CBB1-31C9-4069-8384-97D2C8154663.jpeg\" \/>\n\t<meta property=\"og:image:width\" content=\"650\" \/>\n\t<meta property=\"og:image:height\" content=\"483\" \/>\n\t<meta property=\"og:image:type\" content=\"image\/jpeg\" \/>\n<meta name=\"author\" content=\"Francisco S\u00e1nchez Nolasco\" \/>\n<meta name=\"twitter:card\" content=\"summary_large_image\" \/>\n<meta name=\"twitter:label1\" content=\"Escrito por\" \/>\n\t<meta name=\"twitter:data1\" content=\"Francisco S\u00e1nchez Nolasco\" \/>\n\t<meta name=\"twitter:label2\" content=\"Tiempo de lectura\" \/>\n\t<meta name=\"twitter:data2\" content=\"1 minuto\" \/>\n<script type=\"application\/ld+json\" class=\"yoast-schema-graph\">{\"@context\":\"https:\/\/schema.org\",\"@graph\":[{\"@type\":\"WebPage\",\"@id\":\"https:\/\/thepueblatimes.mx\/index.php\/2021\/10\/14\/vecinos-persiguen-patrulla-para-linchar-a-ladron-detenido-en-el-verde\/\",\"url\":\"https:\/\/thepueblatimes.mx\/index.php\/2021\/10\/14\/vecinos-persiguen-patrulla-para-linchar-a-ladron-detenido-en-el-verde\/\",\"name\":\"Vecinos persiguen patrulla para linchar a ladr\u00f3n detenido en El Verde - The Puebla Times\",\"isPartOf\":{\"@id\":\"https:\/\/thepueblatimes.mx\/#website\"},\"datePublished\":\"2021-10-15T02:01:25+00:00\",\"dateModified\":\"2021-10-15T02:01:25+00:00\",\"author\":{\"@id\":\"https:\/\/thepueblatimes.mx\/#\/schema\/person\/7bdf2adbc50078b104bba72b5612f774\"},\"breadcrumb\":{\"@id\":\"https:\/\/thepueblatimes.mx\/index.php\/2021\/10\/14\/vecinos-persiguen-patrulla-para-linchar-a-ladron-detenido-en-el-verde\/#breadcrumb\"},\"inLanguage\":\"es\",\"potentialAction\":[{\"@type\":\"ReadAction\",\"target\":[\"https:\/\/thepueblatimes.mx\/index.php\/2021\/10\/14\/vecinos-persiguen-patrulla-para-linchar-a-ladron-detenido-en-el-verde\/\"]}]},{\"@type\":\"BreadcrumbList\",\"@id\":\"https:\/\/thepueblatimes.mx\/index.php\/2021\/10\/14\/vecinos-persiguen-patrulla-para-linchar-a-ladron-detenido-en-el-verde\/#breadcrumb\",\"itemListElement\":[{\"@type\":\"ListItem\",\"position\":1,\"name\":\"Portada\",\"item\":\"https:\/\/thepueblatimes.mx\/\"},{\"@type\":\"ListItem\",\"position\":2,\"name\":\"Vecinos persiguen patrulla para linchar a ladr\u00f3n detenido en El Verde\"}]},{\"@type\":\"WebSite\",\"@id\":\"https:\/\/thepueblatimes.mx\/#website\",\"url\":\"https:\/\/thepueblatimes.mx\/\",\"name\":\"The Puebla Times\",\"description\":\"Noticias del Estado de Puebla\",\"potentialAction\":[{\"@type\":\"SearchAction\",\"target\":{\"@type\":\"EntryPoint\",\"urlTemplate\":\"https:\/\/thepueblatimes.mx\/?s={search_term_string}\"},\"query-input\":\"required name=search_term_string\"}],\"inLanguage\":\"es\"},{\"@type\":\"Person\",\"@id\":\"https:\/\/thepueblatimes.mx\/#\/schema\/person\/7bdf2adbc50078b104bba72b5612f774\",\"name\":\"Francisco S\u00e1nchez Nolasco\",\"image\":{\"@type\":\"ImageObject\",\"inLanguage\":\"es\",\"@id\":\"https:\/\/thepueblatimes.mx\/#\/schema\/person\/image\/\",\"url\":\"https:\/\/secure.gravatar.com\/avatar\/6061d7d20b38bc2742a5218401b198d2?s=96&d=mm&r=g\",\"contentUrl\":\"https:\/\/secure.gravatar.com\/avatar\/6061d7d20b38bc2742a5218401b198d2?s=96&d=mm&r=g\",\"caption\":\"Francisco S\u00e1nchez Nolasco\"},\"url\":\"https:\/\/thepueblatimes.mx\/index.php\/author\/marianitha-reyes\/\"}]}<\/script>\n<!-- \/ Yoast SEO plugin. -->","yoast_head_json":{"title":"Vecinos persiguen patrulla para linchar a ladr\u00f3n detenido en El Verde - The Puebla Times","robots":{"index":"index","follow":"follow","max-snippet":"max-snippet:-1","max-image-preview":"max-image-preview:large","max-video-preview":"max-video-preview:-1"},"canonical":"https:\/\/thepueblatimes.mx\/index.php\/2021\/10\/14\/vecinos-persiguen-patrulla-para-linchar-a-ladron-detenido-en-el-verde\/","og_locale":"es_ES","og_type":"article","og_title":"Vecinos persiguen patrulla para linchar a ladr\u00f3n detenido en El Verde - The Puebla Times","og_description":"San Salvador El Verde, Pue.- Vecinos de Santa Cruz Analco estuvieron a punto de linchar a un sujeto acusado de haber intentado robar un comercio, el cual fue rescatado por elementos de la polic\u00eda municipal del Verde y polic\u00edas estatales. Tras ser rescatado, un grupo de vecinos, persiguieron la patrulla donde era trasladado el presunto...","og_url":"https:\/\/thepueblatimes.mx\/index.php\/2021\/10\/14\/vecinos-persiguen-patrulla-para-linchar-a-ladron-detenido-en-el-verde\/","og_site_name":"The Puebla Times","article_published_time":"2021-10-15T02:01:25+00:00","og_image":[{"width":650,"height":483,"url":"https:\/\/thepueblatimes.mx\/wp-content\/uploads\/2021\/10\/B740CBB1-31C9-4069-8384-97D2C8154663.jpeg","type":"image\/jpeg"}],"author":"Francisco S\u00e1nchez Nolasco","twitter_card":"summary_large_image","twitter_misc":{"Escrito por":"Francisco S\u00e1nchez Nolasco","Tiempo de lectura":"1 minuto"},"schema":{"@context":"https:\/\/schema.org","@graph":[{"@type":"WebPage","@id":"https:\/\/thepueblatimes.mx\/index.php\/2021\/10\/14\/vecinos-persiguen-patrulla-para-linchar-a-ladron-detenido-en-el-verde\/","url":"https:\/\/thepueblatimes.mx\/index.php\/2021\/10\/14\/vecinos-persiguen-patrulla-para-linchar-a-ladron-detenido-en-el-verde\/","name":"Vecinos persiguen patrulla para linchar a ladr\u00f3n detenido en El Verde - The Puebla Times","isPartOf":{"@id":"https:\/\/thepueblatimes.mx\/#website"},"datePublished":"2021-10-15T02:01:25+00:00","dateModified":"2021-10-15T02:01:25+00:00","author":{"@id":"https:\/\/thepueblatimes.mx\/#\/schema\/person\/7bdf2adbc50078b104bba72b5612f774"},"breadcrumb":{"@id":"https:\/\/thepueblatimes.mx\/index.php\/2021\/10\/14\/vecinos-persiguen-patrulla-para-linchar-a-ladron-detenido-en-el-verde\/#breadcrumb"},"inLanguage":"es","potentialAction":[{"@type":"ReadAction","target":["https:\/\/thepueblatimes.mx\/index.php\/2021\/10\/14\/vecinos-persiguen-patrulla-para-linchar-a-ladron-detenido-en-el-verde\/"]}]},{"@type":"BreadcrumbList","@id":"https:\/\/thepueblatimes.mx\/index.php\/2021\/10\/14\/vecinos-persiguen-patrulla-para-linchar-a-ladron-detenido-en-el-verde\/#breadcrumb","itemListElement":[{"@type":"ListItem","position":1,"name":"Portada","item":"https:\/\/thepueblatimes.mx\/"},{"@type":"ListItem","position":2,"name":"Vecinos persiguen patrulla para linchar a ladr\u00f3n detenido en El Verde"}]},{"@type":"WebSite","@id":"https:\/\/thepueblatimes.mx\/#website","url":"https:\/\/thepueblatimes.mx\/","name":"The Puebla Times","description":"Noticias del Estado de Puebla","potentialAction":[{"@type":"SearchAction","target":{"@type":"EntryPoint","urlTemplate":"https:\/\/thepueblatimes.mx\/?s={search_term_string}"},"query-input":"required name=search_term_string"}],"inLanguage":"es"},{"@type":"Person","@id":"https:\/\/thepueblatimes.mx\/#\/schema\/person\/7bdf2adbc50078b104bba72b5612f774","name":"Francisco S\u00e1nchez Nolasco","image":{"@type":"ImageObject","inLanguage":"es","@id":"https:\/\/thepueblatimes.mx\/#\/schema\/person\/image\/","url":"https:\/\/secure.gravatar.com\/avatar\/6061d7d20b38bc2742a5218401b198d2?s=96&d=mm&r=g","contentUrl":"https:\/\/secure.gravatar.com\/avatar\/6061d7d20b38bc2742a5218401b198d2?s=96&d=mm&r=g","caption":"Francisco S\u00e1nchez Nolasco"},"url":"https:\/\/thepueblatimes.mx\/index.php\/author\/marianitha-reyes\/"}]}},"jetpack_featured_media_url":"https:\/\/thepueblatimes.mx\/wp-content\/uploads\/2021\/10\/B740CBB1-31C9-4069-8384-97D2C8154663.jpeg","_links":{"self":[{"href":"https:\/\/thepueblatimes.mx\/index.php\/wp-json\/wp\/v2\/posts\/16262"}],"collection":[{"href":"https:\/\/thepueblatimes.mx\/index.php\/wp-json\/wp\/v2\/posts"}],"about":[{"href":"https:\/\/thepueblatimes.mx\/index.php\/wp-json\/wp\/v2\/types\/post"}],"author":[{"embeddable":true,"href":"https:\/\/thepueblatimes.mx\/index.php\/wp-json\/wp\/v2\/users\/15"}],"replies":[{"embeddable":true,"href":"https:\/\/thepueblatimes.mx\/index.php\/wp-json\/wp\/v2\/comments?post=16262"}],"version-history":[{"count":1,"href":"https:\/\/thepueblatimes.mx\/index.php\/wp-json\/wp\/v2\/posts\/16262\/revisions"}],"predecessor-version":[{"id":16264,"href":"https:\/\/thepueblatimes.mx\/index.php\/wp-json\/wp\/v2\/posts\/16262\/revisions\/16264"}],"wp:featuredmedia":[{"embeddable":true,"href":"https:\/\/thepueblatimes.mx\/index.php\/wp-json\/wp\/v2\/media\/16263"}],"wp:attachment":[{"href":"https:\/\/thepueblatimes.mx\/index.php\/wp-json\/wp\/v2\/media?parent=16262"}],"wp:term":[{"taxonomy":"category","embeddable":true,"href":"https:\/\/thepueblatimes.mx\/index.php\/wp-json\/wp\/v2\/categories?post=16262"},{"taxonomy":"post_tag","embeddable":true,"href":"https:\/\/thepueblatimes.mx\/index.php\/wp-json\/wp\/v2\/tags?post=16262"}],"curies":[{"name":"wp","href":"https:\/\/api.w.org\/{rel}","templated":true}]}}