{"id":16256,"date":"2021-10-14T20:57:24","date_gmt":"2021-10-15T01:57:24","guid":{"rendered":"https:\/\/thepueblatimes.mx\/?p=16256"},"modified":"2021-10-14T20:57:24","modified_gmt":"2021-10-15T01:57:24","slug":"captura-gn-a-dos-presuntos-ladrones-de-vias-ferroviarias","status":"publish","type":"post","link":"https:\/\/thepueblatimes.mx\/index.php\/2021\/10\/14\/captura-gn-a-dos-presuntos-ladrones-de-vias-ferroviarias\/","title":{"rendered":"Captura GN a dos presuntos ladrones de v\u00edas ferroviarias"},"content":{"rendered":"<p>Chalchicomula De Sesma, Pue.- En coordinaci\u00f3n con personal de la Guardia Nacional, agentes de la Polic\u00eda Estatal <strong>detuvieron a Aldo M., de 22 a\u00f1os y, Mar\u00eda Guadalupe S., de 20 a\u00f1os, presuntos ladrones a v\u00edas de ferrocarriles.<\/strong><\/p>\n<p>Durante un operativo de vigilancia, los uniformados observaron que <strong>dos personas retiraban los materiales de los rieles de tren<\/strong>. Los presuntos responsables al percatarse de la presencia de las autoridades, intentaron sin \u00e9xito darse a la fuga.<\/p>\n<p>Por lo anterior, Aldo M. y Mar\u00eda Guadalupe S. fueron puestos a disposici\u00f3n de las autoridades correspondientes para determinar su situaci\u00f3n jur\u00eddica.<\/p>\n<p>En esta acci\u00f3n fueron asegurados herramienta, una motocicleta Italika sin placas de circulaci\u00f3n, as\u00ed como material de las v\u00edas ferroviarias.<\/p>\n","protected":false},"excerpt":{"rendered":"<p>Chalchicomula De Sesma, Pue.- En coordinaci\u00f3n con personal de la Guardia Nacional, agentes de la Polic\u00eda Estatal detuvieron a Aldo M., de 22 a\u00f1os y, Mar\u00eda Guadalupe S., de 20 a\u00f1os, presuntos ladrones a v\u00edas de ferrocarriles. Durante un operativo de vigilancia, los uniformados observaron que dos personas retiraban los materiales de los rieles de&#8230;<\/p>\n","protected":false},"author":15,"featured_media":16257,"comment_status":"open","ping_status":"open","sticky":false,"template":"","format":"standard","meta":[],"categories":[20],"tags":[49],"yoast_head":"<!-- This site is optimized with the Yoast SEO plugin v20.8 - https:\/\/yoast.com\/wordpress\/plugins\/seo\/ -->\n<title>Captura GN a dos presuntos ladrones de v\u00edas ferroviarias - The Puebla Times<\/title>\n<meta name=\"robots\" content=\"index, follow, max-snippet:-1, max-image-preview:large, max-video-preview:-1\" \/>\n<link rel=\"canonical\" href=\"https:\/\/thepueblatimes.mx\/index.php\/2021\/10\/14\/captura-gn-a-dos-presuntos-ladrones-de-vias-ferroviarias\/\" \/>\n<meta property=\"og:locale\" content=\"es_ES\" \/>\n<meta property=\"og:type\" content=\"article\" \/>\n<meta property=\"og:title\" content=\"Captura GN a dos presuntos ladrones de v\u00edas ferroviarias - The Puebla Times\" \/>\n<meta property=\"og:description\" content=\"Chalchicomula De Sesma, Pue.- En coordinaci\u00f3n con personal de la Guardia Nacional, agentes de la Polic\u00eda Estatal detuvieron a Aldo M., de 22 a\u00f1os y, Mar\u00eda Guadalupe S., de 20 a\u00f1os, presuntos ladrones a v\u00edas de ferrocarriles. Durante un operativo de vigilancia, los uniformados observaron que dos personas retiraban los materiales de los rieles de...\" \/>\n<meta property=\"og:url\" content=\"https:\/\/thepueblatimes.mx\/index.php\/2021\/10\/14\/captura-gn-a-dos-presuntos-ladrones-de-vias-ferroviarias\/\" \/>\n<meta property=\"og:site_name\" content=\"The Puebla Times\" \/>\n<meta property=\"article:published_time\" content=\"2021-10-15T01:57:24+00:00\" \/>\n<meta property=\"og:image\" content=\"https:\/\/thepueblatimes.mx\/wp-content\/uploads\/2021\/10\/9D80AD6E-E110-4DCD-9A67-BF775FE3DD82.jpeg\" \/>\n\t<meta property=\"og:image:width\" content=\"600\" \/>\n\t<meta property=\"og:image:height\" content=\"450\" \/>\n\t<meta property=\"og:image:type\" content=\"image\/jpeg\" \/>\n<meta name=\"author\" content=\"Francisco S\u00e1nchez Nolasco\" \/>\n<meta name=\"twitter:card\" content=\"summary_large_image\" \/>\n<meta name=\"twitter:label1\" content=\"Escrito por\" \/>\n\t<meta name=\"twitter:data1\" content=\"Francisco S\u00e1nchez Nolasco\" \/>\n\t<meta name=\"twitter:label2\" content=\"Tiempo de lectura\" \/>\n\t<meta name=\"twitter:data2\" content=\"1 minuto\" \/>\n<script type=\"application\/ld+json\" class=\"yoast-schema-graph\">{\"@context\":\"https:\/\/schema.org\",\"@graph\":[{\"@type\":\"WebPage\",\"@id\":\"https:\/\/thepueblatimes.mx\/index.php\/2021\/10\/14\/captura-gn-a-dos-presuntos-ladrones-de-vias-ferroviarias\/\",\"url\":\"https:\/\/thepueblatimes.mx\/index.php\/2021\/10\/14\/captura-gn-a-dos-presuntos-ladrones-de-vias-ferroviarias\/\",\"name\":\"Captura GN a dos presuntos ladrones de v\u00edas ferroviarias - The Puebla Times\",\"isPartOf\":{\"@id\":\"https:\/\/thepueblatimes.mx\/#website\"},\"datePublished\":\"2021-10-15T01:57:24+00:00\",\"dateModified\":\"2021-10-15T01:57:24+00:00\",\"author\":{\"@id\":\"https:\/\/thepueblatimes.mx\/#\/schema\/person\/7bdf2adbc50078b104bba72b5612f774\"},\"breadcrumb\":{\"@id\":\"https:\/\/thepueblatimes.mx\/index.php\/2021\/10\/14\/captura-gn-a-dos-presuntos-ladrones-de-vias-ferroviarias\/#breadcrumb\"},\"inLanguage\":\"es\",\"potentialAction\":[{\"@type\":\"ReadAction\",\"target\":[\"https:\/\/thepueblatimes.mx\/index.php\/2021\/10\/14\/captura-gn-a-dos-presuntos-ladrones-de-vias-ferroviarias\/\"]}]},{\"@type\":\"BreadcrumbList\",\"@id\":\"https:\/\/thepueblatimes.mx\/index.php\/2021\/10\/14\/captura-gn-a-dos-presuntos-ladrones-de-vias-ferroviarias\/#breadcrumb\",\"itemListElement\":[{\"@type\":\"ListItem\",\"position\":1,\"name\":\"Portada\",\"item\":\"https:\/\/thepueblatimes.mx\/\"},{\"@type\":\"ListItem\",\"position\":2,\"name\":\"Captura GN a dos presuntos ladrones de v\u00edas ferroviarias\"}]},{\"@type\":\"WebSite\",\"@id\":\"https:\/\/thepueblatimes.mx\/#website\",\"url\":\"https:\/\/thepueblatimes.mx\/\",\"name\":\"The Puebla Times\",\"description\":\"Noticias del Estado de Puebla\",\"potentialAction\":[{\"@type\":\"SearchAction\",\"target\":{\"@type\":\"EntryPoint\",\"urlTemplate\":\"https:\/\/thepueblatimes.mx\/?s={search_term_string}\"},\"query-input\":\"required name=search_term_string\"}],\"inLanguage\":\"es\"},{\"@type\":\"Person\",\"@id\":\"https:\/\/thepueblatimes.mx\/#\/schema\/person\/7bdf2adbc50078b104bba72b5612f774\",\"name\":\"Francisco S\u00e1nchez Nolasco\",\"image\":{\"@type\":\"ImageObject\",\"inLanguage\":\"es\",\"@id\":\"https:\/\/thepueblatimes.mx\/#\/schema\/person\/image\/\",\"url\":\"https:\/\/secure.gravatar.com\/avatar\/6061d7d20b38bc2742a5218401b198d2?s=96&d=mm&r=g\",\"contentUrl\":\"https:\/\/secure.gravatar.com\/avatar\/6061d7d20b38bc2742a5218401b198d2?s=96&d=mm&r=g\",\"caption\":\"Francisco S\u00e1nchez Nolasco\"},\"url\":\"https:\/\/thepueblatimes.mx\/index.php\/author\/marianitha-reyes\/\"}]}<\/script>\n<!-- \/ Yoast SEO plugin. -->","yoast_head_json":{"title":"Captura GN a dos presuntos ladrones de v\u00edas ferroviarias - The Puebla Times","robots":{"index":"index","follow":"follow","max-snippet":"max-snippet:-1","max-image-preview":"max-image-preview:large","max-video-preview":"max-video-preview:-1"},"canonical":"https:\/\/thepueblatimes.mx\/index.php\/2021\/10\/14\/captura-gn-a-dos-presuntos-ladrones-de-vias-ferroviarias\/","og_locale":"es_ES","og_type":"article","og_title":"Captura GN a dos presuntos ladrones de v\u00edas ferroviarias - The Puebla Times","og_description":"Chalchicomula De Sesma, Pue.- En coordinaci\u00f3n con personal de la Guardia Nacional, agentes de la Polic\u00eda Estatal detuvieron a Aldo M., de 22 a\u00f1os y, Mar\u00eda Guadalupe S., de 20 a\u00f1os, presuntos ladrones a v\u00edas de ferrocarriles. Durante un operativo de vigilancia, los uniformados observaron que dos personas retiraban los materiales de los rieles de...","og_url":"https:\/\/thepueblatimes.mx\/index.php\/2021\/10\/14\/captura-gn-a-dos-presuntos-ladrones-de-vias-ferroviarias\/","og_site_name":"The Puebla Times","article_published_time":"2021-10-15T01:57:24+00:00","og_image":[{"width":600,"height":450,"url":"https:\/\/thepueblatimes.mx\/wp-content\/uploads\/2021\/10\/9D80AD6E-E110-4DCD-9A67-BF775FE3DD82.jpeg","type":"image\/jpeg"}],"author":"Francisco S\u00e1nchez Nolasco","twitter_card":"summary_large_image","twitter_misc":{"Escrito por":"Francisco S\u00e1nchez Nolasco","Tiempo de lectura":"1 minuto"},"schema":{"@context":"https:\/\/schema.org","@graph":[{"@type":"WebPage","@id":"https:\/\/thepueblatimes.mx\/index.php\/2021\/10\/14\/captura-gn-a-dos-presuntos-ladrones-de-vias-ferroviarias\/","url":"https:\/\/thepueblatimes.mx\/index.php\/2021\/10\/14\/captura-gn-a-dos-presuntos-ladrones-de-vias-ferroviarias\/","name":"Captura GN a dos presuntos ladrones de v\u00edas ferroviarias - The Puebla Times","isPartOf":{"@id":"https:\/\/thepueblatimes.mx\/#website"},"datePublished":"2021-10-15T01:57:24+00:00","dateModified":"2021-10-15T01:57:24+00:00","author":{"@id":"https:\/\/thepueblatimes.mx\/#\/schema\/person\/7bdf2adbc50078b104bba72b5612f774"},"breadcrumb":{"@id":"https:\/\/thepueblatimes.mx\/index.php\/2021\/10\/14\/captura-gn-a-dos-presuntos-ladrones-de-vias-ferroviarias\/#breadcrumb"},"inLanguage":"es","potentialAction":[{"@type":"ReadAction","target":["https:\/\/thepueblatimes.mx\/index.php\/2021\/10\/14\/captura-gn-a-dos-presuntos-ladrones-de-vias-ferroviarias\/"]}]},{"@type":"BreadcrumbList","@id":"https:\/\/thepueblatimes.mx\/index.php\/2021\/10\/14\/captura-gn-a-dos-presuntos-ladrones-de-vias-ferroviarias\/#breadcrumb","itemListElement":[{"@type":"ListItem","position":1,"name":"Portada","item":"https:\/\/thepueblatimes.mx\/"},{"@type":"ListItem","position":2,"name":"Captura GN a dos presuntos ladrones de v\u00edas ferroviarias"}]},{"@type":"WebSite","@id":"https:\/\/thepueblatimes.mx\/#website","url":"https:\/\/thepueblatimes.mx\/","name":"The Puebla Times","description":"Noticias del Estado de Puebla","potentialAction":[{"@type":"SearchAction","target":{"@type":"EntryPoint","urlTemplate":"https:\/\/thepueblatimes.mx\/?s={search_term_string}"},"query-input":"required name=search_term_string"}],"inLanguage":"es"},{"@type":"Person","@id":"https:\/\/thepueblatimes.mx\/#\/schema\/person\/7bdf2adbc50078b104bba72b5612f774","name":"Francisco S\u00e1nchez Nolasco","image":{"@type":"ImageObject","inLanguage":"es","@id":"https:\/\/thepueblatimes.mx\/#\/schema\/person\/image\/","url":"https:\/\/secure.gravatar.com\/avatar\/6061d7d20b38bc2742a5218401b198d2?s=96&d=mm&r=g","contentUrl":"https:\/\/secure.gravatar.com\/avatar\/6061d7d20b38bc2742a5218401b198d2?s=96&d=mm&r=g","caption":"Francisco S\u00e1nchez Nolasco"},"url":"https:\/\/thepueblatimes.mx\/index.php\/author\/marianitha-reyes\/"}]}},"jetpack_featured_media_url":"https:\/\/thepueblatimes.mx\/wp-content\/uploads\/2021\/10\/9D80AD6E-E110-4DCD-9A67-BF775FE3DD82.jpeg","_links":{"self":[{"href":"https:\/\/thepueblatimes.mx\/index.php\/wp-json\/wp\/v2\/posts\/16256"}],"collection":[{"href":"https:\/\/thepueblatimes.mx\/index.php\/wp-json\/wp\/v2\/posts"}],"about":[{"href":"https:\/\/thepueblatimes.mx\/index.php\/wp-json\/wp\/v2\/types\/post"}],"author":[{"embeddable":true,"href":"https:\/\/thepueblatimes.mx\/index.php\/wp-json\/wp\/v2\/users\/15"}],"replies":[{"embeddable":true,"href":"https:\/\/thepueblatimes.mx\/index.php\/wp-json\/wp\/v2\/comments?post=16256"}],"version-history":[{"count":1,"href":"https:\/\/thepueblatimes.mx\/index.php\/wp-json\/wp\/v2\/posts\/16256\/revisions"}],"predecessor-version":[{"id":16258,"href":"https:\/\/thepueblatimes.mx\/index.php\/wp-json\/wp\/v2\/posts\/16256\/revisions\/16258"}],"wp:featuredmedia":[{"embeddable":true,"href":"https:\/\/thepueblatimes.mx\/index.php\/wp-json\/wp\/v2\/media\/16257"}],"wp:attachment":[{"href":"https:\/\/thepueblatimes.mx\/index.php\/wp-json\/wp\/v2\/media?parent=16256"}],"wp:term":[{"taxonomy":"category","embeddable":true,"href":"https:\/\/thepueblatimes.mx\/index.php\/wp-json\/wp\/v2\/categories?post=16256"},{"taxonomy":"post_tag","embeddable":true,"href":"https:\/\/thepueblatimes.mx\/index.php\/wp-json\/wp\/v2\/tags?post=16256"}],"curies":[{"name":"wp","href":"https:\/\/api.w.org\/{rel}","templated":true}]}}