{"id":16246,"date":"2021-10-13T20:43:04","date_gmt":"2021-10-14T01:43:04","guid":{"rendered":"https:\/\/thepueblatimes.mx\/?p=16246"},"modified":"2021-10-13T20:43:04","modified_gmt":"2021-10-14T01:43:04","slug":"hallan-volcado-automovil-en-carretera-a-santa-cruz-alpuyeca","status":"publish","type":"post","link":"https:\/\/thepueblatimes.mx\/index.php\/2021\/10\/13\/hallan-volcado-automovil-en-carretera-a-santa-cruz-alpuyeca\/","title":{"rendered":"Hallan volcado autom\u00f3vil en carretera a Santa Cruz Alpuyeca"},"content":{"rendered":"<p>Amozoc, Pue.- <strong>Un autom\u00f3vil fue hallado volcado en la carretera que conduce a Santa Cruz Alpuyeca en Chachapa, <\/strong>durante la ma\u00f1ana de este mi\u00e9rcoles. Elementos de seguridad atendieron el reporte.<\/p>\n<p>Conductores que transitaban por la carretera se\u00f1alaron que a la altura de la colonia San Bartolo se percataron que en el camell\u00f3n se encontraba un veh\u00edculo tipo Sedan completamente volcado, sin embargo <strong>no hallaron a ninguna persona en el interior por lo que se desconoce hasta el momento el m\u00f3vil del accidente.<\/strong><\/p>\n<p>Al lugar llegaron elementos de tr\u00e1nsito municipal quienes atendieron el llamado e hicieron un recorrido en la zona para hallar al posible conductor, pero no hubo rastro de nadie. El autom\u00f3vil fue llevado a un corralon de la zona.<\/p>\n","protected":false},"excerpt":{"rendered":"<p>Amozoc, Pue.- Un autom\u00f3vil fue hallado volcado en la carretera que conduce a Santa Cruz Alpuyeca en Chachapa, durante la ma\u00f1ana de este mi\u00e9rcoles. Elementos de seguridad atendieron el reporte. Conductores que transitaban por la carretera se\u00f1alaron que a la altura de la colonia San Bartolo se percataron que en el camell\u00f3n se encontraba un&#8230;<\/p>\n","protected":false},"author":15,"featured_media":16247,"comment_status":"open","ping_status":"open","sticky":false,"template":"","format":"standard","meta":[],"categories":[20],"tags":[49],"yoast_head":"<!-- This site is optimized with the Yoast SEO plugin v20.8 - https:\/\/yoast.com\/wordpress\/plugins\/seo\/ -->\n<title>Hallan volcado autom\u00f3vil en carretera a Santa Cruz Alpuyeca - The Puebla Times<\/title>\n<meta name=\"robots\" content=\"index, follow, max-snippet:-1, max-image-preview:large, max-video-preview:-1\" \/>\n<link rel=\"canonical\" href=\"https:\/\/thepueblatimes.mx\/index.php\/2021\/10\/13\/hallan-volcado-automovil-en-carretera-a-santa-cruz-alpuyeca\/\" \/>\n<meta property=\"og:locale\" content=\"es_ES\" \/>\n<meta property=\"og:type\" content=\"article\" \/>\n<meta property=\"og:title\" content=\"Hallan volcado autom\u00f3vil en carretera a Santa Cruz Alpuyeca - The Puebla Times\" \/>\n<meta property=\"og:description\" content=\"Amozoc, Pue.- Un autom\u00f3vil fue hallado volcado en la carretera que conduce a Santa Cruz Alpuyeca en Chachapa, durante la ma\u00f1ana de este mi\u00e9rcoles. Elementos de seguridad atendieron el reporte. Conductores que transitaban por la carretera se\u00f1alaron que a la altura de la colonia San Bartolo se percataron que en el camell\u00f3n se encontraba un...\" \/>\n<meta property=\"og:url\" content=\"https:\/\/thepueblatimes.mx\/index.php\/2021\/10\/13\/hallan-volcado-automovil-en-carretera-a-santa-cruz-alpuyeca\/\" \/>\n<meta property=\"og:site_name\" content=\"The Puebla Times\" \/>\n<meta property=\"article:published_time\" content=\"2021-10-14T01:43:04+00:00\" \/>\n<meta property=\"og:image\" content=\"https:\/\/thepueblatimes.mx\/wp-content\/uploads\/2021\/10\/350355A7-D7A9-4DDC-B7AE-FCD0B9BAAF9F.jpeg\" \/>\n\t<meta property=\"og:image:width\" content=\"650\" \/>\n\t<meta property=\"og:image:height\" content=\"453\" \/>\n\t<meta property=\"og:image:type\" content=\"image\/jpeg\" \/>\n<meta name=\"author\" content=\"Francisco S\u00e1nchez Nolasco\" \/>\n<meta name=\"twitter:card\" content=\"summary_large_image\" \/>\n<meta name=\"twitter:label1\" content=\"Escrito por\" \/>\n\t<meta name=\"twitter:data1\" content=\"Francisco S\u00e1nchez Nolasco\" \/>\n\t<meta name=\"twitter:label2\" content=\"Tiempo de lectura\" \/>\n\t<meta name=\"twitter:data2\" content=\"1 minuto\" \/>\n<script type=\"application\/ld+json\" class=\"yoast-schema-graph\">{\"@context\":\"https:\/\/schema.org\",\"@graph\":[{\"@type\":\"WebPage\",\"@id\":\"https:\/\/thepueblatimes.mx\/index.php\/2021\/10\/13\/hallan-volcado-automovil-en-carretera-a-santa-cruz-alpuyeca\/\",\"url\":\"https:\/\/thepueblatimes.mx\/index.php\/2021\/10\/13\/hallan-volcado-automovil-en-carretera-a-santa-cruz-alpuyeca\/\",\"name\":\"Hallan volcado autom\u00f3vil en carretera a Santa Cruz Alpuyeca - The Puebla Times\",\"isPartOf\":{\"@id\":\"https:\/\/thepueblatimes.mx\/#website\"},\"datePublished\":\"2021-10-14T01:43:04+00:00\",\"dateModified\":\"2021-10-14T01:43:04+00:00\",\"author\":{\"@id\":\"https:\/\/thepueblatimes.mx\/#\/schema\/person\/7bdf2adbc50078b104bba72b5612f774\"},\"breadcrumb\":{\"@id\":\"https:\/\/thepueblatimes.mx\/index.php\/2021\/10\/13\/hallan-volcado-automovil-en-carretera-a-santa-cruz-alpuyeca\/#breadcrumb\"},\"inLanguage\":\"es\",\"potentialAction\":[{\"@type\":\"ReadAction\",\"target\":[\"https:\/\/thepueblatimes.mx\/index.php\/2021\/10\/13\/hallan-volcado-automovil-en-carretera-a-santa-cruz-alpuyeca\/\"]}]},{\"@type\":\"BreadcrumbList\",\"@id\":\"https:\/\/thepueblatimes.mx\/index.php\/2021\/10\/13\/hallan-volcado-automovil-en-carretera-a-santa-cruz-alpuyeca\/#breadcrumb\",\"itemListElement\":[{\"@type\":\"ListItem\",\"position\":1,\"name\":\"Portada\",\"item\":\"https:\/\/thepueblatimes.mx\/\"},{\"@type\":\"ListItem\",\"position\":2,\"name\":\"Hallan volcado autom\u00f3vil en carretera a Santa Cruz Alpuyeca\"}]},{\"@type\":\"WebSite\",\"@id\":\"https:\/\/thepueblatimes.mx\/#website\",\"url\":\"https:\/\/thepueblatimes.mx\/\",\"name\":\"The Puebla Times\",\"description\":\"Noticias del Estado de Puebla\",\"potentialAction\":[{\"@type\":\"SearchAction\",\"target\":{\"@type\":\"EntryPoint\",\"urlTemplate\":\"https:\/\/thepueblatimes.mx\/?s={search_term_string}\"},\"query-input\":\"required name=search_term_string\"}],\"inLanguage\":\"es\"},{\"@type\":\"Person\",\"@id\":\"https:\/\/thepueblatimes.mx\/#\/schema\/person\/7bdf2adbc50078b104bba72b5612f774\",\"name\":\"Francisco S\u00e1nchez Nolasco\",\"image\":{\"@type\":\"ImageObject\",\"inLanguage\":\"es\",\"@id\":\"https:\/\/thepueblatimes.mx\/#\/schema\/person\/image\/\",\"url\":\"https:\/\/secure.gravatar.com\/avatar\/6061d7d20b38bc2742a5218401b198d2?s=96&d=mm&r=g\",\"contentUrl\":\"https:\/\/secure.gravatar.com\/avatar\/6061d7d20b38bc2742a5218401b198d2?s=96&d=mm&r=g\",\"caption\":\"Francisco S\u00e1nchez Nolasco\"},\"url\":\"https:\/\/thepueblatimes.mx\/index.php\/author\/marianitha-reyes\/\"}]}<\/script>\n<!-- \/ Yoast SEO plugin. -->","yoast_head_json":{"title":"Hallan volcado autom\u00f3vil en carretera a Santa Cruz Alpuyeca - The Puebla Times","robots":{"index":"index","follow":"follow","max-snippet":"max-snippet:-1","max-image-preview":"max-image-preview:large","max-video-preview":"max-video-preview:-1"},"canonical":"https:\/\/thepueblatimes.mx\/index.php\/2021\/10\/13\/hallan-volcado-automovil-en-carretera-a-santa-cruz-alpuyeca\/","og_locale":"es_ES","og_type":"article","og_title":"Hallan volcado autom\u00f3vil en carretera a Santa Cruz Alpuyeca - The Puebla Times","og_description":"Amozoc, Pue.- Un autom\u00f3vil fue hallado volcado en la carretera que conduce a Santa Cruz Alpuyeca en Chachapa, durante la ma\u00f1ana de este mi\u00e9rcoles. Elementos de seguridad atendieron el reporte. Conductores que transitaban por la carretera se\u00f1alaron que a la altura de la colonia San Bartolo se percataron que en el camell\u00f3n se encontraba un...","og_url":"https:\/\/thepueblatimes.mx\/index.php\/2021\/10\/13\/hallan-volcado-automovil-en-carretera-a-santa-cruz-alpuyeca\/","og_site_name":"The Puebla Times","article_published_time":"2021-10-14T01:43:04+00:00","og_image":[{"width":650,"height":453,"url":"https:\/\/thepueblatimes.mx\/wp-content\/uploads\/2021\/10\/350355A7-D7A9-4DDC-B7AE-FCD0B9BAAF9F.jpeg","type":"image\/jpeg"}],"author":"Francisco S\u00e1nchez Nolasco","twitter_card":"summary_large_image","twitter_misc":{"Escrito por":"Francisco S\u00e1nchez Nolasco","Tiempo de lectura":"1 minuto"},"schema":{"@context":"https:\/\/schema.org","@graph":[{"@type":"WebPage","@id":"https:\/\/thepueblatimes.mx\/index.php\/2021\/10\/13\/hallan-volcado-automovil-en-carretera-a-santa-cruz-alpuyeca\/","url":"https:\/\/thepueblatimes.mx\/index.php\/2021\/10\/13\/hallan-volcado-automovil-en-carretera-a-santa-cruz-alpuyeca\/","name":"Hallan volcado autom\u00f3vil en carretera a Santa Cruz Alpuyeca - The Puebla Times","isPartOf":{"@id":"https:\/\/thepueblatimes.mx\/#website"},"datePublished":"2021-10-14T01:43:04+00:00","dateModified":"2021-10-14T01:43:04+00:00","author":{"@id":"https:\/\/thepueblatimes.mx\/#\/schema\/person\/7bdf2adbc50078b104bba72b5612f774"},"breadcrumb":{"@id":"https:\/\/thepueblatimes.mx\/index.php\/2021\/10\/13\/hallan-volcado-automovil-en-carretera-a-santa-cruz-alpuyeca\/#breadcrumb"},"inLanguage":"es","potentialAction":[{"@type":"ReadAction","target":["https:\/\/thepueblatimes.mx\/index.php\/2021\/10\/13\/hallan-volcado-automovil-en-carretera-a-santa-cruz-alpuyeca\/"]}]},{"@type":"BreadcrumbList","@id":"https:\/\/thepueblatimes.mx\/index.php\/2021\/10\/13\/hallan-volcado-automovil-en-carretera-a-santa-cruz-alpuyeca\/#breadcrumb","itemListElement":[{"@type":"ListItem","position":1,"name":"Portada","item":"https:\/\/thepueblatimes.mx\/"},{"@type":"ListItem","position":2,"name":"Hallan volcado autom\u00f3vil en carretera a Santa Cruz Alpuyeca"}]},{"@type":"WebSite","@id":"https:\/\/thepueblatimes.mx\/#website","url":"https:\/\/thepueblatimes.mx\/","name":"The Puebla Times","description":"Noticias del Estado de Puebla","potentialAction":[{"@type":"SearchAction","target":{"@type":"EntryPoint","urlTemplate":"https:\/\/thepueblatimes.mx\/?s={search_term_string}"},"query-input":"required name=search_term_string"}],"inLanguage":"es"},{"@type":"Person","@id":"https:\/\/thepueblatimes.mx\/#\/schema\/person\/7bdf2adbc50078b104bba72b5612f774","name":"Francisco S\u00e1nchez Nolasco","image":{"@type":"ImageObject","inLanguage":"es","@id":"https:\/\/thepueblatimes.mx\/#\/schema\/person\/image\/","url":"https:\/\/secure.gravatar.com\/avatar\/6061d7d20b38bc2742a5218401b198d2?s=96&d=mm&r=g","contentUrl":"https:\/\/secure.gravatar.com\/avatar\/6061d7d20b38bc2742a5218401b198d2?s=96&d=mm&r=g","caption":"Francisco S\u00e1nchez Nolasco"},"url":"https:\/\/thepueblatimes.mx\/index.php\/author\/marianitha-reyes\/"}]}},"jetpack_featured_media_url":"https:\/\/thepueblatimes.mx\/wp-content\/uploads\/2021\/10\/350355A7-D7A9-4DDC-B7AE-FCD0B9BAAF9F.jpeg","_links":{"self":[{"href":"https:\/\/thepueblatimes.mx\/index.php\/wp-json\/wp\/v2\/posts\/16246"}],"collection":[{"href":"https:\/\/thepueblatimes.mx\/index.php\/wp-json\/wp\/v2\/posts"}],"about":[{"href":"https:\/\/thepueblatimes.mx\/index.php\/wp-json\/wp\/v2\/types\/post"}],"author":[{"embeddable":true,"href":"https:\/\/thepueblatimes.mx\/index.php\/wp-json\/wp\/v2\/users\/15"}],"replies":[{"embeddable":true,"href":"https:\/\/thepueblatimes.mx\/index.php\/wp-json\/wp\/v2\/comments?post=16246"}],"version-history":[{"count":1,"href":"https:\/\/thepueblatimes.mx\/index.php\/wp-json\/wp\/v2\/posts\/16246\/revisions"}],"predecessor-version":[{"id":16248,"href":"https:\/\/thepueblatimes.mx\/index.php\/wp-json\/wp\/v2\/posts\/16246\/revisions\/16248"}],"wp:featuredmedia":[{"embeddable":true,"href":"https:\/\/thepueblatimes.mx\/index.php\/wp-json\/wp\/v2\/media\/16247"}],"wp:attachment":[{"href":"https:\/\/thepueblatimes.mx\/index.php\/wp-json\/wp\/v2\/media?parent=16246"}],"wp:term":[{"taxonomy":"category","embeddable":true,"href":"https:\/\/thepueblatimes.mx\/index.php\/wp-json\/wp\/v2\/categories?post=16246"},{"taxonomy":"post_tag","embeddable":true,"href":"https:\/\/thepueblatimes.mx\/index.php\/wp-json\/wp\/v2\/tags?post=16246"}],"curies":[{"name":"wp","href":"https:\/\/api.w.org\/{rel}","templated":true}]}}