{"id":16243,"date":"2021-10-13T20:39:45","date_gmt":"2021-10-14T01:39:45","guid":{"rendered":"https:\/\/thepueblatimes.mx\/?p=16243"},"modified":"2021-10-13T20:39:45","modified_gmt":"2021-10-14T01:39:45","slug":"por-adeudo-de-quincenas-inician-paro-policias-en-tlacotepec","status":"publish","type":"post","link":"https:\/\/thepueblatimes.mx\/index.php\/2021\/10\/13\/por-adeudo-de-quincenas-inician-paro-policias-en-tlacotepec\/","title":{"rendered":"Por adeudo de quincenas inician paro polic\u00edas en Tlacotepec"},"content":{"rendered":"<p>Tlacotepec de Benito Ju\u00e1rez, Pue.- <strong>Un grupo de polic\u00edas municipales, personal de Protecci\u00f3n Civil Municipal y servicios generales entraron en paros laborales debido a que denuncian la falta de pago <\/strong>de la \u00faltima <strong>quincena<\/strong>.<\/p>\n<p>Ante esta situaci\u00f3n <strong>permanecen al interior del palacio municipal en espera de obtener alguna respuesta por parte del alcalde Nelson Berist\u00e1in Mac\u00edas<\/strong>, adem\u00e1s se\u00f1alan que se violan sus derechos laborales por lo que hicieron un llamado a las autoridades estatales y federales para que realicen una auditor\u00eda para conocer el motivo de la falta de pagos al personal que labora en las diferentes \u00e1reas.<\/p>\n<p>Asimismo, desde d\u00edas pasados habitantes denunciaron la falta del servicio de recolecci\u00f3n de basura en varios barrios, se\u00f1alando que esto ya generaba la acumulaci\u00f3n de residuos y malos olores.<\/p>\n","protected":false},"excerpt":{"rendered":"<p>Tlacotepec de Benito Ju\u00e1rez, Pue.- Un grupo de polic\u00edas municipales, personal de Protecci\u00f3n Civil Municipal y servicios generales entraron en paros laborales debido a que denuncian la falta de pago de la \u00faltima quincena. Ante esta situaci\u00f3n permanecen al interior del palacio municipal en espera de obtener alguna respuesta por parte del alcalde Nelson Berist\u00e1in&#8230;<\/p>\n","protected":false},"author":15,"featured_media":16244,"comment_status":"open","ping_status":"open","sticky":false,"template":"","format":"standard","meta":[],"categories":[20],"tags":[49],"yoast_head":"<!-- This site is optimized with the Yoast SEO plugin v20.8 - https:\/\/yoast.com\/wordpress\/plugins\/seo\/ -->\n<title>Por adeudo de quincenas inician paro polic\u00edas en Tlacotepec - The Puebla Times<\/title>\n<meta name=\"robots\" content=\"index, follow, max-snippet:-1, max-image-preview:large, max-video-preview:-1\" \/>\n<link rel=\"canonical\" href=\"https:\/\/thepueblatimes.mx\/index.php\/2021\/10\/13\/por-adeudo-de-quincenas-inician-paro-policias-en-tlacotepec\/\" \/>\n<meta property=\"og:locale\" content=\"es_ES\" \/>\n<meta property=\"og:type\" content=\"article\" \/>\n<meta property=\"og:title\" content=\"Por adeudo de quincenas inician paro polic\u00edas en Tlacotepec - The Puebla Times\" \/>\n<meta property=\"og:description\" content=\"Tlacotepec de Benito Ju\u00e1rez, Pue.- Un grupo de polic\u00edas municipales, personal de Protecci\u00f3n Civil Municipal y servicios generales entraron en paros laborales debido a que denuncian la falta de pago de la \u00faltima quincena. Ante esta situaci\u00f3n permanecen al interior del palacio municipal en espera de obtener alguna respuesta por parte del alcalde Nelson Berist\u00e1in...\" \/>\n<meta property=\"og:url\" content=\"https:\/\/thepueblatimes.mx\/index.php\/2021\/10\/13\/por-adeudo-de-quincenas-inician-paro-policias-en-tlacotepec\/\" \/>\n<meta property=\"og:site_name\" content=\"The Puebla Times\" \/>\n<meta property=\"article:published_time\" content=\"2021-10-14T01:39:45+00:00\" \/>\n<meta property=\"og:image\" content=\"https:\/\/thepueblatimes.mx\/wp-content\/uploads\/2021\/10\/322B455E-203C-43DC-8EAA-2A840CAC572A.jpeg\" \/>\n\t<meta property=\"og:image:width\" content=\"960\" \/>\n\t<meta property=\"og:image:height\" content=\"720\" \/>\n\t<meta property=\"og:image:type\" content=\"image\/jpeg\" \/>\n<meta name=\"author\" content=\"Francisco S\u00e1nchez Nolasco\" \/>\n<meta name=\"twitter:card\" content=\"summary_large_image\" \/>\n<meta name=\"twitter:label1\" content=\"Escrito por\" \/>\n\t<meta name=\"twitter:data1\" content=\"Francisco S\u00e1nchez Nolasco\" \/>\n\t<meta name=\"twitter:label2\" content=\"Tiempo de lectura\" \/>\n\t<meta name=\"twitter:data2\" content=\"1 minuto\" \/>\n<script type=\"application\/ld+json\" class=\"yoast-schema-graph\">{\"@context\":\"https:\/\/schema.org\",\"@graph\":[{\"@type\":\"WebPage\",\"@id\":\"https:\/\/thepueblatimes.mx\/index.php\/2021\/10\/13\/por-adeudo-de-quincenas-inician-paro-policias-en-tlacotepec\/\",\"url\":\"https:\/\/thepueblatimes.mx\/index.php\/2021\/10\/13\/por-adeudo-de-quincenas-inician-paro-policias-en-tlacotepec\/\",\"name\":\"Por adeudo de quincenas inician paro polic\u00edas en Tlacotepec - The Puebla Times\",\"isPartOf\":{\"@id\":\"https:\/\/thepueblatimes.mx\/#website\"},\"datePublished\":\"2021-10-14T01:39:45+00:00\",\"dateModified\":\"2021-10-14T01:39:45+00:00\",\"author\":{\"@id\":\"https:\/\/thepueblatimes.mx\/#\/schema\/person\/7bdf2adbc50078b104bba72b5612f774\"},\"breadcrumb\":{\"@id\":\"https:\/\/thepueblatimes.mx\/index.php\/2021\/10\/13\/por-adeudo-de-quincenas-inician-paro-policias-en-tlacotepec\/#breadcrumb\"},\"inLanguage\":\"es\",\"potentialAction\":[{\"@type\":\"ReadAction\",\"target\":[\"https:\/\/thepueblatimes.mx\/index.php\/2021\/10\/13\/por-adeudo-de-quincenas-inician-paro-policias-en-tlacotepec\/\"]}]},{\"@type\":\"BreadcrumbList\",\"@id\":\"https:\/\/thepueblatimes.mx\/index.php\/2021\/10\/13\/por-adeudo-de-quincenas-inician-paro-policias-en-tlacotepec\/#breadcrumb\",\"itemListElement\":[{\"@type\":\"ListItem\",\"position\":1,\"name\":\"Portada\",\"item\":\"https:\/\/thepueblatimes.mx\/\"},{\"@type\":\"ListItem\",\"position\":2,\"name\":\"Por adeudo de quincenas inician paro polic\u00edas en Tlacotepec\"}]},{\"@type\":\"WebSite\",\"@id\":\"https:\/\/thepueblatimes.mx\/#website\",\"url\":\"https:\/\/thepueblatimes.mx\/\",\"name\":\"The Puebla Times\",\"description\":\"Noticias del Estado de Puebla\",\"potentialAction\":[{\"@type\":\"SearchAction\",\"target\":{\"@type\":\"EntryPoint\",\"urlTemplate\":\"https:\/\/thepueblatimes.mx\/?s={search_term_string}\"},\"query-input\":\"required name=search_term_string\"}],\"inLanguage\":\"es\"},{\"@type\":\"Person\",\"@id\":\"https:\/\/thepueblatimes.mx\/#\/schema\/person\/7bdf2adbc50078b104bba72b5612f774\",\"name\":\"Francisco S\u00e1nchez Nolasco\",\"image\":{\"@type\":\"ImageObject\",\"inLanguage\":\"es\",\"@id\":\"https:\/\/thepueblatimes.mx\/#\/schema\/person\/image\/\",\"url\":\"https:\/\/secure.gravatar.com\/avatar\/6061d7d20b38bc2742a5218401b198d2?s=96&d=mm&r=g\",\"contentUrl\":\"https:\/\/secure.gravatar.com\/avatar\/6061d7d20b38bc2742a5218401b198d2?s=96&d=mm&r=g\",\"caption\":\"Francisco S\u00e1nchez Nolasco\"},\"url\":\"https:\/\/thepueblatimes.mx\/index.php\/author\/marianitha-reyes\/\"}]}<\/script>\n<!-- \/ Yoast SEO plugin. -->","yoast_head_json":{"title":"Por adeudo de quincenas inician paro polic\u00edas en Tlacotepec - The Puebla Times","robots":{"index":"index","follow":"follow","max-snippet":"max-snippet:-1","max-image-preview":"max-image-preview:large","max-video-preview":"max-video-preview:-1"},"canonical":"https:\/\/thepueblatimes.mx\/index.php\/2021\/10\/13\/por-adeudo-de-quincenas-inician-paro-policias-en-tlacotepec\/","og_locale":"es_ES","og_type":"article","og_title":"Por adeudo de quincenas inician paro polic\u00edas en Tlacotepec - The Puebla Times","og_description":"Tlacotepec de Benito Ju\u00e1rez, Pue.- Un grupo de polic\u00edas municipales, personal de Protecci\u00f3n Civil Municipal y servicios generales entraron en paros laborales debido a que denuncian la falta de pago de la \u00faltima quincena. Ante esta situaci\u00f3n permanecen al interior del palacio municipal en espera de obtener alguna respuesta por parte del alcalde Nelson Berist\u00e1in...","og_url":"https:\/\/thepueblatimes.mx\/index.php\/2021\/10\/13\/por-adeudo-de-quincenas-inician-paro-policias-en-tlacotepec\/","og_site_name":"The Puebla Times","article_published_time":"2021-10-14T01:39:45+00:00","og_image":[{"width":960,"height":720,"url":"https:\/\/thepueblatimes.mx\/wp-content\/uploads\/2021\/10\/322B455E-203C-43DC-8EAA-2A840CAC572A.jpeg","type":"image\/jpeg"}],"author":"Francisco S\u00e1nchez Nolasco","twitter_card":"summary_large_image","twitter_misc":{"Escrito por":"Francisco S\u00e1nchez Nolasco","Tiempo de lectura":"1 minuto"},"schema":{"@context":"https:\/\/schema.org","@graph":[{"@type":"WebPage","@id":"https:\/\/thepueblatimes.mx\/index.php\/2021\/10\/13\/por-adeudo-de-quincenas-inician-paro-policias-en-tlacotepec\/","url":"https:\/\/thepueblatimes.mx\/index.php\/2021\/10\/13\/por-adeudo-de-quincenas-inician-paro-policias-en-tlacotepec\/","name":"Por adeudo de quincenas inician paro polic\u00edas en Tlacotepec - The Puebla Times","isPartOf":{"@id":"https:\/\/thepueblatimes.mx\/#website"},"datePublished":"2021-10-14T01:39:45+00:00","dateModified":"2021-10-14T01:39:45+00:00","author":{"@id":"https:\/\/thepueblatimes.mx\/#\/schema\/person\/7bdf2adbc50078b104bba72b5612f774"},"breadcrumb":{"@id":"https:\/\/thepueblatimes.mx\/index.php\/2021\/10\/13\/por-adeudo-de-quincenas-inician-paro-policias-en-tlacotepec\/#breadcrumb"},"inLanguage":"es","potentialAction":[{"@type":"ReadAction","target":["https:\/\/thepueblatimes.mx\/index.php\/2021\/10\/13\/por-adeudo-de-quincenas-inician-paro-policias-en-tlacotepec\/"]}]},{"@type":"BreadcrumbList","@id":"https:\/\/thepueblatimes.mx\/index.php\/2021\/10\/13\/por-adeudo-de-quincenas-inician-paro-policias-en-tlacotepec\/#breadcrumb","itemListElement":[{"@type":"ListItem","position":1,"name":"Portada","item":"https:\/\/thepueblatimes.mx\/"},{"@type":"ListItem","position":2,"name":"Por adeudo de quincenas inician paro polic\u00edas en Tlacotepec"}]},{"@type":"WebSite","@id":"https:\/\/thepueblatimes.mx\/#website","url":"https:\/\/thepueblatimes.mx\/","name":"The Puebla Times","description":"Noticias del Estado de Puebla","potentialAction":[{"@type":"SearchAction","target":{"@type":"EntryPoint","urlTemplate":"https:\/\/thepueblatimes.mx\/?s={search_term_string}"},"query-input":"required name=search_term_string"}],"inLanguage":"es"},{"@type":"Person","@id":"https:\/\/thepueblatimes.mx\/#\/schema\/person\/7bdf2adbc50078b104bba72b5612f774","name":"Francisco S\u00e1nchez Nolasco","image":{"@type":"ImageObject","inLanguage":"es","@id":"https:\/\/thepueblatimes.mx\/#\/schema\/person\/image\/","url":"https:\/\/secure.gravatar.com\/avatar\/6061d7d20b38bc2742a5218401b198d2?s=96&d=mm&r=g","contentUrl":"https:\/\/secure.gravatar.com\/avatar\/6061d7d20b38bc2742a5218401b198d2?s=96&d=mm&r=g","caption":"Francisco S\u00e1nchez Nolasco"},"url":"https:\/\/thepueblatimes.mx\/index.php\/author\/marianitha-reyes\/"}]}},"jetpack_featured_media_url":"https:\/\/thepueblatimes.mx\/wp-content\/uploads\/2021\/10\/322B455E-203C-43DC-8EAA-2A840CAC572A.jpeg","_links":{"self":[{"href":"https:\/\/thepueblatimes.mx\/index.php\/wp-json\/wp\/v2\/posts\/16243"}],"collection":[{"href":"https:\/\/thepueblatimes.mx\/index.php\/wp-json\/wp\/v2\/posts"}],"about":[{"href":"https:\/\/thepueblatimes.mx\/index.php\/wp-json\/wp\/v2\/types\/post"}],"author":[{"embeddable":true,"href":"https:\/\/thepueblatimes.mx\/index.php\/wp-json\/wp\/v2\/users\/15"}],"replies":[{"embeddable":true,"href":"https:\/\/thepueblatimes.mx\/index.php\/wp-json\/wp\/v2\/comments?post=16243"}],"version-history":[{"count":1,"href":"https:\/\/thepueblatimes.mx\/index.php\/wp-json\/wp\/v2\/posts\/16243\/revisions"}],"predecessor-version":[{"id":16245,"href":"https:\/\/thepueblatimes.mx\/index.php\/wp-json\/wp\/v2\/posts\/16243\/revisions\/16245"}],"wp:featuredmedia":[{"embeddable":true,"href":"https:\/\/thepueblatimes.mx\/index.php\/wp-json\/wp\/v2\/media\/16244"}],"wp:attachment":[{"href":"https:\/\/thepueblatimes.mx\/index.php\/wp-json\/wp\/v2\/media?parent=16243"}],"wp:term":[{"taxonomy":"category","embeddable":true,"href":"https:\/\/thepueblatimes.mx\/index.php\/wp-json\/wp\/v2\/categories?post=16243"},{"taxonomy":"post_tag","embeddable":true,"href":"https:\/\/thepueblatimes.mx\/index.php\/wp-json\/wp\/v2\/tags?post=16243"}],"curies":[{"name":"wp","href":"https:\/\/api.w.org\/{rel}","templated":true}]}}