{"id":16240,"date":"2021-10-13T20:33:05","date_gmt":"2021-10-14T01:33:05","guid":{"rendered":"https:\/\/thepueblatimes.mx\/?p=16240"},"modified":"2021-10-13T20:33:05","modified_gmt":"2021-10-14T01:33:05","slug":"cae-el-gato-por-matar-a-el-pantera-en-el-mercado-domingo-arenas-de-texmelucan","status":"publish","type":"post","link":"https:\/\/thepueblatimes.mx\/index.php\/2021\/10\/13\/cae-el-gato-por-matar-a-el-pantera-en-el-mercado-domingo-arenas-de-texmelucan\/","title":{"rendered":"Cae El Gato por matar a El pantera en el mercado Domingo Arenas de Texmelucan"},"content":{"rendered":"<p>San Mart\u00edn Texmelucan, Pue.- La polic\u00eda municipal de <strong>San Mart\u00edn Texmelucan logr\u00f3 el aseguramiento de un sujeto a quien fue se\u00f1alado\u00a0presuntos delitos\u00a0contra la salud.<\/strong><\/p>\n<p>El ahora detenido apodado \u00ab<strong>El Gato\u00bb, tambi\u00e9n estar\u00eda siendo investigado por otros hechos incluidos el robo de gas en la zona de Tlaxcala y el homicidio de \u201cEl Pantera\u201d,<\/strong> el\u00a0 cual, ocurri\u00f3 en el interior del <strong>mercado Domingo Arenas<\/strong> el pasado 25 de junio.<\/p>\n<p>La detenci\u00f3n de V\u00edctor N, ocurri\u00f3 sobre\u00a0 la calle 16 de septiembre esquina con bulevar\u00a0 Xicont\u00e9ncatl, esto durante\u00a0 un recorrido de vigilancia. V\u00edctor N se encontraba parado detr\u00e1s de un veh\u00edculo realizando\u00a0 sus necesidades fisiol\u00f3gicas, por lo que se le indic\u00f3 que estaba realizando una falta al bando de polic\u00eda y buen gobierno.<\/p>\n<p>Ante esto se le solicit\u00f3 que se le realizar\u00eda una revisi\u00f3n de rutina y durante ello, los uniformados encontraron entre sus pertenencias un envoltorio transparente que conten\u00eda una sustancia con\u00a0caracter\u00edsticas similares al cristal.<\/p>\n<p>Por lo anterior el sujeto fue detenido y puesto a\u00a0 disposici\u00f3n de las autoridades correspondientes por presuntos delitos contra la\u00a0 salud y fue trasladado al C5.<\/p>\n","protected":false},"excerpt":{"rendered":"<p>San Mart\u00edn Texmelucan, Pue.- La polic\u00eda municipal de San Mart\u00edn Texmelucan logr\u00f3 el aseguramiento de un sujeto a quien fue se\u00f1alado\u00a0presuntos delitos\u00a0contra la salud. El ahora detenido apodado \u00abEl Gato\u00bb, tambi\u00e9n estar\u00eda siendo investigado por otros hechos incluidos el robo de gas en la zona de Tlaxcala y el homicidio de \u201cEl Pantera\u201d, el\u00a0 cual,&#8230;<\/p>\n","protected":false},"author":15,"featured_media":16241,"comment_status":"open","ping_status":"open","sticky":false,"template":"","format":"standard","meta":[],"categories":[20],"tags":[49],"yoast_head":"<!-- This site is optimized with the Yoast SEO plugin v20.8 - https:\/\/yoast.com\/wordpress\/plugins\/seo\/ -->\n<title>Cae El Gato por matar a El pantera en el mercado Domingo Arenas de Texmelucan - The Puebla Times<\/title>\n<meta name=\"robots\" content=\"index, follow, max-snippet:-1, max-image-preview:large, max-video-preview:-1\" \/>\n<link rel=\"canonical\" href=\"https:\/\/thepueblatimes.mx\/index.php\/2021\/10\/13\/cae-el-gato-por-matar-a-el-pantera-en-el-mercado-domingo-arenas-de-texmelucan\/\" \/>\n<meta property=\"og:locale\" content=\"es_ES\" \/>\n<meta property=\"og:type\" content=\"article\" \/>\n<meta property=\"og:title\" content=\"Cae El Gato por matar a El pantera en el mercado Domingo Arenas de Texmelucan - The Puebla Times\" \/>\n<meta property=\"og:description\" content=\"San Mart\u00edn Texmelucan, Pue.- La polic\u00eda municipal de San Mart\u00edn Texmelucan logr\u00f3 el aseguramiento de un sujeto a quien fue se\u00f1alado\u00a0presuntos delitos\u00a0contra la salud. El ahora detenido apodado \u00abEl Gato\u00bb, tambi\u00e9n estar\u00eda siendo investigado por otros hechos incluidos el robo de gas en la zona de Tlaxcala y el homicidio de \u201cEl Pantera\u201d, el\u00a0 cual,...\" \/>\n<meta property=\"og:url\" content=\"https:\/\/thepueblatimes.mx\/index.php\/2021\/10\/13\/cae-el-gato-por-matar-a-el-pantera-en-el-mercado-domingo-arenas-de-texmelucan\/\" \/>\n<meta property=\"og:site_name\" content=\"The Puebla Times\" \/>\n<meta property=\"article:published_time\" content=\"2021-10-14T01:33:05+00:00\" \/>\n<meta property=\"og:image\" content=\"https:\/\/thepueblatimes.mx\/wp-content\/uploads\/2021\/10\/8C5B039B-AFE7-45DC-B770-335ECB11EEFA.jpeg\" \/>\n\t<meta property=\"og:image:width\" content=\"650\" \/>\n\t<meta property=\"og:image:height\" content=\"446\" \/>\n\t<meta property=\"og:image:type\" content=\"image\/jpeg\" \/>\n<meta name=\"author\" content=\"Francisco S\u00e1nchez Nolasco\" \/>\n<meta name=\"twitter:card\" content=\"summary_large_image\" \/>\n<meta name=\"twitter:label1\" content=\"Escrito por\" \/>\n\t<meta name=\"twitter:data1\" content=\"Francisco S\u00e1nchez Nolasco\" \/>\n\t<meta name=\"twitter:label2\" content=\"Tiempo de lectura\" \/>\n\t<meta name=\"twitter:data2\" content=\"1 minuto\" \/>\n<script type=\"application\/ld+json\" class=\"yoast-schema-graph\">{\"@context\":\"https:\/\/schema.org\",\"@graph\":[{\"@type\":\"WebPage\",\"@id\":\"https:\/\/thepueblatimes.mx\/index.php\/2021\/10\/13\/cae-el-gato-por-matar-a-el-pantera-en-el-mercado-domingo-arenas-de-texmelucan\/\",\"url\":\"https:\/\/thepueblatimes.mx\/index.php\/2021\/10\/13\/cae-el-gato-por-matar-a-el-pantera-en-el-mercado-domingo-arenas-de-texmelucan\/\",\"name\":\"Cae El Gato por matar a El pantera en el mercado Domingo Arenas de Texmelucan - The Puebla Times\",\"isPartOf\":{\"@id\":\"https:\/\/thepueblatimes.mx\/#website\"},\"datePublished\":\"2021-10-14T01:33:05+00:00\",\"dateModified\":\"2021-10-14T01:33:05+00:00\",\"author\":{\"@id\":\"https:\/\/thepueblatimes.mx\/#\/schema\/person\/7bdf2adbc50078b104bba72b5612f774\"},\"breadcrumb\":{\"@id\":\"https:\/\/thepueblatimes.mx\/index.php\/2021\/10\/13\/cae-el-gato-por-matar-a-el-pantera-en-el-mercado-domingo-arenas-de-texmelucan\/#breadcrumb\"},\"inLanguage\":\"es\",\"potentialAction\":[{\"@type\":\"ReadAction\",\"target\":[\"https:\/\/thepueblatimes.mx\/index.php\/2021\/10\/13\/cae-el-gato-por-matar-a-el-pantera-en-el-mercado-domingo-arenas-de-texmelucan\/\"]}]},{\"@type\":\"BreadcrumbList\",\"@id\":\"https:\/\/thepueblatimes.mx\/index.php\/2021\/10\/13\/cae-el-gato-por-matar-a-el-pantera-en-el-mercado-domingo-arenas-de-texmelucan\/#breadcrumb\",\"itemListElement\":[{\"@type\":\"ListItem\",\"position\":1,\"name\":\"Portada\",\"item\":\"https:\/\/thepueblatimes.mx\/\"},{\"@type\":\"ListItem\",\"position\":2,\"name\":\"Cae El Gato por matar a El pantera en el mercado Domingo Arenas de Texmelucan\"}]},{\"@type\":\"WebSite\",\"@id\":\"https:\/\/thepueblatimes.mx\/#website\",\"url\":\"https:\/\/thepueblatimes.mx\/\",\"name\":\"The Puebla Times\",\"description\":\"Noticias del Estado de Puebla\",\"potentialAction\":[{\"@type\":\"SearchAction\",\"target\":{\"@type\":\"EntryPoint\",\"urlTemplate\":\"https:\/\/thepueblatimes.mx\/?s={search_term_string}\"},\"query-input\":\"required name=search_term_string\"}],\"inLanguage\":\"es\"},{\"@type\":\"Person\",\"@id\":\"https:\/\/thepueblatimes.mx\/#\/schema\/person\/7bdf2adbc50078b104bba72b5612f774\",\"name\":\"Francisco S\u00e1nchez Nolasco\",\"image\":{\"@type\":\"ImageObject\",\"inLanguage\":\"es\",\"@id\":\"https:\/\/thepueblatimes.mx\/#\/schema\/person\/image\/\",\"url\":\"https:\/\/secure.gravatar.com\/avatar\/6061d7d20b38bc2742a5218401b198d2?s=96&d=mm&r=g\",\"contentUrl\":\"https:\/\/secure.gravatar.com\/avatar\/6061d7d20b38bc2742a5218401b198d2?s=96&d=mm&r=g\",\"caption\":\"Francisco S\u00e1nchez Nolasco\"},\"url\":\"https:\/\/thepueblatimes.mx\/index.php\/author\/marianitha-reyes\/\"}]}<\/script>\n<!-- \/ Yoast SEO plugin. -->","yoast_head_json":{"title":"Cae El Gato por matar a El pantera en el mercado Domingo Arenas de Texmelucan - The Puebla Times","robots":{"index":"index","follow":"follow","max-snippet":"max-snippet:-1","max-image-preview":"max-image-preview:large","max-video-preview":"max-video-preview:-1"},"canonical":"https:\/\/thepueblatimes.mx\/index.php\/2021\/10\/13\/cae-el-gato-por-matar-a-el-pantera-en-el-mercado-domingo-arenas-de-texmelucan\/","og_locale":"es_ES","og_type":"article","og_title":"Cae El Gato por matar a El pantera en el mercado Domingo Arenas de Texmelucan - The Puebla Times","og_description":"San Mart\u00edn Texmelucan, Pue.- La polic\u00eda municipal de San Mart\u00edn Texmelucan logr\u00f3 el aseguramiento de un sujeto a quien fue se\u00f1alado\u00a0presuntos delitos\u00a0contra la salud. El ahora detenido apodado \u00abEl Gato\u00bb, tambi\u00e9n estar\u00eda siendo investigado por otros hechos incluidos el robo de gas en la zona de Tlaxcala y el homicidio de \u201cEl Pantera\u201d, el\u00a0 cual,...","og_url":"https:\/\/thepueblatimes.mx\/index.php\/2021\/10\/13\/cae-el-gato-por-matar-a-el-pantera-en-el-mercado-domingo-arenas-de-texmelucan\/","og_site_name":"The Puebla Times","article_published_time":"2021-10-14T01:33:05+00:00","og_image":[{"width":650,"height":446,"url":"https:\/\/thepueblatimes.mx\/wp-content\/uploads\/2021\/10\/8C5B039B-AFE7-45DC-B770-335ECB11EEFA.jpeg","type":"image\/jpeg"}],"author":"Francisco S\u00e1nchez Nolasco","twitter_card":"summary_large_image","twitter_misc":{"Escrito por":"Francisco S\u00e1nchez Nolasco","Tiempo de lectura":"1 minuto"},"schema":{"@context":"https:\/\/schema.org","@graph":[{"@type":"WebPage","@id":"https:\/\/thepueblatimes.mx\/index.php\/2021\/10\/13\/cae-el-gato-por-matar-a-el-pantera-en-el-mercado-domingo-arenas-de-texmelucan\/","url":"https:\/\/thepueblatimes.mx\/index.php\/2021\/10\/13\/cae-el-gato-por-matar-a-el-pantera-en-el-mercado-domingo-arenas-de-texmelucan\/","name":"Cae El Gato por matar a El pantera en el mercado Domingo Arenas de Texmelucan - The Puebla Times","isPartOf":{"@id":"https:\/\/thepueblatimes.mx\/#website"},"datePublished":"2021-10-14T01:33:05+00:00","dateModified":"2021-10-14T01:33:05+00:00","author":{"@id":"https:\/\/thepueblatimes.mx\/#\/schema\/person\/7bdf2adbc50078b104bba72b5612f774"},"breadcrumb":{"@id":"https:\/\/thepueblatimes.mx\/index.php\/2021\/10\/13\/cae-el-gato-por-matar-a-el-pantera-en-el-mercado-domingo-arenas-de-texmelucan\/#breadcrumb"},"inLanguage":"es","potentialAction":[{"@type":"ReadAction","target":["https:\/\/thepueblatimes.mx\/index.php\/2021\/10\/13\/cae-el-gato-por-matar-a-el-pantera-en-el-mercado-domingo-arenas-de-texmelucan\/"]}]},{"@type":"BreadcrumbList","@id":"https:\/\/thepueblatimes.mx\/index.php\/2021\/10\/13\/cae-el-gato-por-matar-a-el-pantera-en-el-mercado-domingo-arenas-de-texmelucan\/#breadcrumb","itemListElement":[{"@type":"ListItem","position":1,"name":"Portada","item":"https:\/\/thepueblatimes.mx\/"},{"@type":"ListItem","position":2,"name":"Cae El Gato por matar a El pantera en el mercado Domingo Arenas de Texmelucan"}]},{"@type":"WebSite","@id":"https:\/\/thepueblatimes.mx\/#website","url":"https:\/\/thepueblatimes.mx\/","name":"The Puebla Times","description":"Noticias del Estado de Puebla","potentialAction":[{"@type":"SearchAction","target":{"@type":"EntryPoint","urlTemplate":"https:\/\/thepueblatimes.mx\/?s={search_term_string}"},"query-input":"required name=search_term_string"}],"inLanguage":"es"},{"@type":"Person","@id":"https:\/\/thepueblatimes.mx\/#\/schema\/person\/7bdf2adbc50078b104bba72b5612f774","name":"Francisco S\u00e1nchez Nolasco","image":{"@type":"ImageObject","inLanguage":"es","@id":"https:\/\/thepueblatimes.mx\/#\/schema\/person\/image\/","url":"https:\/\/secure.gravatar.com\/avatar\/6061d7d20b38bc2742a5218401b198d2?s=96&d=mm&r=g","contentUrl":"https:\/\/secure.gravatar.com\/avatar\/6061d7d20b38bc2742a5218401b198d2?s=96&d=mm&r=g","caption":"Francisco S\u00e1nchez Nolasco"},"url":"https:\/\/thepueblatimes.mx\/index.php\/author\/marianitha-reyes\/"}]}},"jetpack_featured_media_url":"https:\/\/thepueblatimes.mx\/wp-content\/uploads\/2021\/10\/8C5B039B-AFE7-45DC-B770-335ECB11EEFA.jpeg","_links":{"self":[{"href":"https:\/\/thepueblatimes.mx\/index.php\/wp-json\/wp\/v2\/posts\/16240"}],"collection":[{"href":"https:\/\/thepueblatimes.mx\/index.php\/wp-json\/wp\/v2\/posts"}],"about":[{"href":"https:\/\/thepueblatimes.mx\/index.php\/wp-json\/wp\/v2\/types\/post"}],"author":[{"embeddable":true,"href":"https:\/\/thepueblatimes.mx\/index.php\/wp-json\/wp\/v2\/users\/15"}],"replies":[{"embeddable":true,"href":"https:\/\/thepueblatimes.mx\/index.php\/wp-json\/wp\/v2\/comments?post=16240"}],"version-history":[{"count":1,"href":"https:\/\/thepueblatimes.mx\/index.php\/wp-json\/wp\/v2\/posts\/16240\/revisions"}],"predecessor-version":[{"id":16242,"href":"https:\/\/thepueblatimes.mx\/index.php\/wp-json\/wp\/v2\/posts\/16240\/revisions\/16242"}],"wp:featuredmedia":[{"embeddable":true,"href":"https:\/\/thepueblatimes.mx\/index.php\/wp-json\/wp\/v2\/media\/16241"}],"wp:attachment":[{"href":"https:\/\/thepueblatimes.mx\/index.php\/wp-json\/wp\/v2\/media?parent=16240"}],"wp:term":[{"taxonomy":"category","embeddable":true,"href":"https:\/\/thepueblatimes.mx\/index.php\/wp-json\/wp\/v2\/categories?post=16240"},{"taxonomy":"post_tag","embeddable":true,"href":"https:\/\/thepueblatimes.mx\/index.php\/wp-json\/wp\/v2\/tags?post=16240"}],"curies":[{"name":"wp","href":"https:\/\/api.w.org\/{rel}","templated":true}]}}