{"id":16237,"date":"2021-10-13T20:31:03","date_gmt":"2021-10-14T01:31:03","guid":{"rendered":"https:\/\/thepueblatimes.mx\/?p=16237"},"modified":"2021-10-13T20:31:03","modified_gmt":"2021-10-14T01:31:03","slug":"jorge-amenazo-con-machete-a-una-mujer-le-robo-y-la-violo-en-atlixco","status":"publish","type":"post","link":"https:\/\/thepueblatimes.mx\/index.php\/2021\/10\/13\/jorge-amenazo-con-machete-a-una-mujer-le-robo-y-la-violo-en-atlixco\/","title":{"rendered":"Jorge amenaz\u00f3 con machete a una mujer, le rob\u00f3 y la viol\u00f3 en Atlixco"},"content":{"rendered":"<p>Puebla, Pue.- A trav\u00e9s del Agente del <strong>Ministerio P\u00fablico<\/strong>, la Fiscal\u00eda General del Estado consigui\u00f3 la <strong>vinculaci\u00f3n a proceso<\/strong>de Jorge N. de 30 a\u00f1os, presunto responsable del delito de <strong>violaci\u00f3n<\/strong>.<\/p>\n<p>De las indagatorias se desprende que, el 26 de noviembre de 2020 cuando la v\u00edctima se encontraba en su domicilio ubicado en <strong>La Magdalena Axocopan<\/strong>, Atlixco, fue sorprendida por el imputado quien ingres\u00f3 de manera il\u00edcita a la vivienda en posesi\u00f3n de un machete.<\/p>\n<p>En un primer momento, Jorge N. exigi\u00f3 a la mujer le diera todo el dinero que tuviera por lo que la afectada le entreg\u00f3 1 mil 500 pesos, no obstante lo anterior, el se\u00f1alado la atac\u00f3 de forma sexual, amenaz\u00e1ndola adem\u00e1s con privar de la vida a su <strong>hijo de 1 a\u00f1o<\/strong> de edad.<\/p>\n<p>Al percatarse de lo ocurrido, vecinos de la zona acudieron a su auxilio, sin embargo, Jorge N. <strong>logr\u00f3 escapar<\/strong> del lugar.<\/p>\n<p>Con la correspondiente denuncia, la Instituci\u00f3n solicit\u00f3 y obtuvo la orden de aprehensi\u00f3n contra el imputado quien fue ubicado por agentes investigadores el 8 de octubre de 2021 en el libramiento <strong>Puebla-Iz\u00facar de Matamoros<\/strong>.<\/p>\n","protected":false},"excerpt":{"rendered":"<p>Puebla, Pue.- A trav\u00e9s del Agente del Ministerio P\u00fablico, la Fiscal\u00eda General del Estado consigui\u00f3 la vinculaci\u00f3n a procesode Jorge N. de 30 a\u00f1os, presunto responsable del delito de violaci\u00f3n. De las indagatorias se desprende que, el 26 de noviembre de 2020 cuando la v\u00edctima se encontraba en su domicilio ubicado en La Magdalena Axocopan,&#8230;<\/p>\n","protected":false},"author":15,"featured_media":16238,"comment_status":"open","ping_status":"open","sticky":false,"template":"","format":"standard","meta":[],"categories":[20],"tags":[49],"yoast_head":"<!-- This site is optimized with the Yoast SEO plugin v20.8 - https:\/\/yoast.com\/wordpress\/plugins\/seo\/ -->\n<title>Jorge amenaz\u00f3 con machete a una mujer, le rob\u00f3 y la viol\u00f3 en Atlixco - The Puebla Times<\/title>\n<meta name=\"robots\" content=\"index, follow, max-snippet:-1, max-image-preview:large, max-video-preview:-1\" \/>\n<link rel=\"canonical\" href=\"https:\/\/thepueblatimes.mx\/index.php\/2021\/10\/13\/jorge-amenazo-con-machete-a-una-mujer-le-robo-y-la-violo-en-atlixco\/\" \/>\n<meta property=\"og:locale\" content=\"es_ES\" \/>\n<meta property=\"og:type\" content=\"article\" \/>\n<meta property=\"og:title\" content=\"Jorge amenaz\u00f3 con machete a una mujer, le rob\u00f3 y la viol\u00f3 en Atlixco - The Puebla Times\" \/>\n<meta property=\"og:description\" content=\"Puebla, Pue.- A trav\u00e9s del Agente del Ministerio P\u00fablico, la Fiscal\u00eda General del Estado consigui\u00f3 la vinculaci\u00f3n a procesode Jorge N. de 30 a\u00f1os, presunto responsable del delito de violaci\u00f3n. De las indagatorias se desprende que, el 26 de noviembre de 2020 cuando la v\u00edctima se encontraba en su domicilio ubicado en La Magdalena Axocopan,...\" \/>\n<meta property=\"og:url\" content=\"https:\/\/thepueblatimes.mx\/index.php\/2021\/10\/13\/jorge-amenazo-con-machete-a-una-mujer-le-robo-y-la-violo-en-atlixco\/\" \/>\n<meta property=\"og:site_name\" content=\"The Puebla Times\" \/>\n<meta property=\"article:published_time\" content=\"2021-10-14T01:31:03+00:00\" \/>\n<meta property=\"og:image\" content=\"https:\/\/thepueblatimes.mx\/wp-content\/uploads\/2021\/10\/9C457139-1218-4691-8D66-E2AEB357C241.jpeg\" \/>\n\t<meta property=\"og:image:width\" content=\"1920\" \/>\n\t<meta property=\"og:image:height\" content=\"1080\" \/>\n\t<meta property=\"og:image:type\" content=\"image\/jpeg\" \/>\n<meta name=\"author\" content=\"Francisco S\u00e1nchez Nolasco\" \/>\n<meta name=\"twitter:card\" content=\"summary_large_image\" \/>\n<meta name=\"twitter:label1\" content=\"Escrito por\" \/>\n\t<meta name=\"twitter:data1\" content=\"Francisco S\u00e1nchez Nolasco\" \/>\n\t<meta name=\"twitter:label2\" content=\"Tiempo de lectura\" \/>\n\t<meta name=\"twitter:data2\" content=\"1 minuto\" \/>\n<script type=\"application\/ld+json\" class=\"yoast-schema-graph\">{\"@context\":\"https:\/\/schema.org\",\"@graph\":[{\"@type\":\"WebPage\",\"@id\":\"https:\/\/thepueblatimes.mx\/index.php\/2021\/10\/13\/jorge-amenazo-con-machete-a-una-mujer-le-robo-y-la-violo-en-atlixco\/\",\"url\":\"https:\/\/thepueblatimes.mx\/index.php\/2021\/10\/13\/jorge-amenazo-con-machete-a-una-mujer-le-robo-y-la-violo-en-atlixco\/\",\"name\":\"Jorge amenaz\u00f3 con machete a una mujer, le rob\u00f3 y la viol\u00f3 en Atlixco - The Puebla Times\",\"isPartOf\":{\"@id\":\"https:\/\/thepueblatimes.mx\/#website\"},\"datePublished\":\"2021-10-14T01:31:03+00:00\",\"dateModified\":\"2021-10-14T01:31:03+00:00\",\"author\":{\"@id\":\"https:\/\/thepueblatimes.mx\/#\/schema\/person\/7bdf2adbc50078b104bba72b5612f774\"},\"breadcrumb\":{\"@id\":\"https:\/\/thepueblatimes.mx\/index.php\/2021\/10\/13\/jorge-amenazo-con-machete-a-una-mujer-le-robo-y-la-violo-en-atlixco\/#breadcrumb\"},\"inLanguage\":\"es\",\"potentialAction\":[{\"@type\":\"ReadAction\",\"target\":[\"https:\/\/thepueblatimes.mx\/index.php\/2021\/10\/13\/jorge-amenazo-con-machete-a-una-mujer-le-robo-y-la-violo-en-atlixco\/\"]}]},{\"@type\":\"BreadcrumbList\",\"@id\":\"https:\/\/thepueblatimes.mx\/index.php\/2021\/10\/13\/jorge-amenazo-con-machete-a-una-mujer-le-robo-y-la-violo-en-atlixco\/#breadcrumb\",\"itemListElement\":[{\"@type\":\"ListItem\",\"position\":1,\"name\":\"Portada\",\"item\":\"https:\/\/thepueblatimes.mx\/\"},{\"@type\":\"ListItem\",\"position\":2,\"name\":\"Jorge amenaz\u00f3 con machete a una mujer, le rob\u00f3 y la viol\u00f3 en Atlixco\"}]},{\"@type\":\"WebSite\",\"@id\":\"https:\/\/thepueblatimes.mx\/#website\",\"url\":\"https:\/\/thepueblatimes.mx\/\",\"name\":\"The Puebla Times\",\"description\":\"Noticias del Estado de Puebla\",\"potentialAction\":[{\"@type\":\"SearchAction\",\"target\":{\"@type\":\"EntryPoint\",\"urlTemplate\":\"https:\/\/thepueblatimes.mx\/?s={search_term_string}\"},\"query-input\":\"required name=search_term_string\"}],\"inLanguage\":\"es\"},{\"@type\":\"Person\",\"@id\":\"https:\/\/thepueblatimes.mx\/#\/schema\/person\/7bdf2adbc50078b104bba72b5612f774\",\"name\":\"Francisco S\u00e1nchez Nolasco\",\"image\":{\"@type\":\"ImageObject\",\"inLanguage\":\"es\",\"@id\":\"https:\/\/thepueblatimes.mx\/#\/schema\/person\/image\/\",\"url\":\"https:\/\/secure.gravatar.com\/avatar\/6061d7d20b38bc2742a5218401b198d2?s=96&d=mm&r=g\",\"contentUrl\":\"https:\/\/secure.gravatar.com\/avatar\/6061d7d20b38bc2742a5218401b198d2?s=96&d=mm&r=g\",\"caption\":\"Francisco S\u00e1nchez Nolasco\"},\"url\":\"https:\/\/thepueblatimes.mx\/index.php\/author\/marianitha-reyes\/\"}]}<\/script>\n<!-- \/ Yoast SEO plugin. -->","yoast_head_json":{"title":"Jorge amenaz\u00f3 con machete a una mujer, le rob\u00f3 y la viol\u00f3 en Atlixco - The Puebla Times","robots":{"index":"index","follow":"follow","max-snippet":"max-snippet:-1","max-image-preview":"max-image-preview:large","max-video-preview":"max-video-preview:-1"},"canonical":"https:\/\/thepueblatimes.mx\/index.php\/2021\/10\/13\/jorge-amenazo-con-machete-a-una-mujer-le-robo-y-la-violo-en-atlixco\/","og_locale":"es_ES","og_type":"article","og_title":"Jorge amenaz\u00f3 con machete a una mujer, le rob\u00f3 y la viol\u00f3 en Atlixco - The Puebla Times","og_description":"Puebla, Pue.- A trav\u00e9s del Agente del Ministerio P\u00fablico, la Fiscal\u00eda General del Estado consigui\u00f3 la vinculaci\u00f3n a procesode Jorge N. de 30 a\u00f1os, presunto responsable del delito de violaci\u00f3n. De las indagatorias se desprende que, el 26 de noviembre de 2020 cuando la v\u00edctima se encontraba en su domicilio ubicado en La Magdalena Axocopan,...","og_url":"https:\/\/thepueblatimes.mx\/index.php\/2021\/10\/13\/jorge-amenazo-con-machete-a-una-mujer-le-robo-y-la-violo-en-atlixco\/","og_site_name":"The Puebla Times","article_published_time":"2021-10-14T01:31:03+00:00","og_image":[{"width":1920,"height":1080,"url":"https:\/\/thepueblatimes.mx\/wp-content\/uploads\/2021\/10\/9C457139-1218-4691-8D66-E2AEB357C241.jpeg","type":"image\/jpeg"}],"author":"Francisco S\u00e1nchez Nolasco","twitter_card":"summary_large_image","twitter_misc":{"Escrito por":"Francisco S\u00e1nchez Nolasco","Tiempo de lectura":"1 minuto"},"schema":{"@context":"https:\/\/schema.org","@graph":[{"@type":"WebPage","@id":"https:\/\/thepueblatimes.mx\/index.php\/2021\/10\/13\/jorge-amenazo-con-machete-a-una-mujer-le-robo-y-la-violo-en-atlixco\/","url":"https:\/\/thepueblatimes.mx\/index.php\/2021\/10\/13\/jorge-amenazo-con-machete-a-una-mujer-le-robo-y-la-violo-en-atlixco\/","name":"Jorge amenaz\u00f3 con machete a una mujer, le rob\u00f3 y la viol\u00f3 en Atlixco - The Puebla Times","isPartOf":{"@id":"https:\/\/thepueblatimes.mx\/#website"},"datePublished":"2021-10-14T01:31:03+00:00","dateModified":"2021-10-14T01:31:03+00:00","author":{"@id":"https:\/\/thepueblatimes.mx\/#\/schema\/person\/7bdf2adbc50078b104bba72b5612f774"},"breadcrumb":{"@id":"https:\/\/thepueblatimes.mx\/index.php\/2021\/10\/13\/jorge-amenazo-con-machete-a-una-mujer-le-robo-y-la-violo-en-atlixco\/#breadcrumb"},"inLanguage":"es","potentialAction":[{"@type":"ReadAction","target":["https:\/\/thepueblatimes.mx\/index.php\/2021\/10\/13\/jorge-amenazo-con-machete-a-una-mujer-le-robo-y-la-violo-en-atlixco\/"]}]},{"@type":"BreadcrumbList","@id":"https:\/\/thepueblatimes.mx\/index.php\/2021\/10\/13\/jorge-amenazo-con-machete-a-una-mujer-le-robo-y-la-violo-en-atlixco\/#breadcrumb","itemListElement":[{"@type":"ListItem","position":1,"name":"Portada","item":"https:\/\/thepueblatimes.mx\/"},{"@type":"ListItem","position":2,"name":"Jorge amenaz\u00f3 con machete a una mujer, le rob\u00f3 y la viol\u00f3 en Atlixco"}]},{"@type":"WebSite","@id":"https:\/\/thepueblatimes.mx\/#website","url":"https:\/\/thepueblatimes.mx\/","name":"The Puebla Times","description":"Noticias del Estado de Puebla","potentialAction":[{"@type":"SearchAction","target":{"@type":"EntryPoint","urlTemplate":"https:\/\/thepueblatimes.mx\/?s={search_term_string}"},"query-input":"required name=search_term_string"}],"inLanguage":"es"},{"@type":"Person","@id":"https:\/\/thepueblatimes.mx\/#\/schema\/person\/7bdf2adbc50078b104bba72b5612f774","name":"Francisco S\u00e1nchez Nolasco","image":{"@type":"ImageObject","inLanguage":"es","@id":"https:\/\/thepueblatimes.mx\/#\/schema\/person\/image\/","url":"https:\/\/secure.gravatar.com\/avatar\/6061d7d20b38bc2742a5218401b198d2?s=96&d=mm&r=g","contentUrl":"https:\/\/secure.gravatar.com\/avatar\/6061d7d20b38bc2742a5218401b198d2?s=96&d=mm&r=g","caption":"Francisco S\u00e1nchez Nolasco"},"url":"https:\/\/thepueblatimes.mx\/index.php\/author\/marianitha-reyes\/"}]}},"jetpack_featured_media_url":"https:\/\/thepueblatimes.mx\/wp-content\/uploads\/2021\/10\/9C457139-1218-4691-8D66-E2AEB357C241.jpeg","_links":{"self":[{"href":"https:\/\/thepueblatimes.mx\/index.php\/wp-json\/wp\/v2\/posts\/16237"}],"collection":[{"href":"https:\/\/thepueblatimes.mx\/index.php\/wp-json\/wp\/v2\/posts"}],"about":[{"href":"https:\/\/thepueblatimes.mx\/index.php\/wp-json\/wp\/v2\/types\/post"}],"author":[{"embeddable":true,"href":"https:\/\/thepueblatimes.mx\/index.php\/wp-json\/wp\/v2\/users\/15"}],"replies":[{"embeddable":true,"href":"https:\/\/thepueblatimes.mx\/index.php\/wp-json\/wp\/v2\/comments?post=16237"}],"version-history":[{"count":1,"href":"https:\/\/thepueblatimes.mx\/index.php\/wp-json\/wp\/v2\/posts\/16237\/revisions"}],"predecessor-version":[{"id":16239,"href":"https:\/\/thepueblatimes.mx\/index.php\/wp-json\/wp\/v2\/posts\/16237\/revisions\/16239"}],"wp:featuredmedia":[{"embeddable":true,"href":"https:\/\/thepueblatimes.mx\/index.php\/wp-json\/wp\/v2\/media\/16238"}],"wp:attachment":[{"href":"https:\/\/thepueblatimes.mx\/index.php\/wp-json\/wp\/v2\/media?parent=16237"}],"wp:term":[{"taxonomy":"category","embeddable":true,"href":"https:\/\/thepueblatimes.mx\/index.php\/wp-json\/wp\/v2\/categories?post=16237"},{"taxonomy":"post_tag","embeddable":true,"href":"https:\/\/thepueblatimes.mx\/index.php\/wp-json\/wp\/v2\/tags?post=16237"}],"curies":[{"name":"wp","href":"https:\/\/api.w.org\/{rel}","templated":true}]}}