{"id":16216,"date":"2021-10-12T20:23:04","date_gmt":"2021-10-13T01:23:04","guid":{"rendered":"https:\/\/thepueblatimes.mx\/?p=16216"},"modified":"2021-10-12T20:23:04","modified_gmt":"2021-10-13T01:23:04","slug":"buscan-a-menor-de-edad-desaparecido-en-izucar","status":"publish","type":"post","link":"https:\/\/thepueblatimes.mx\/index.php\/2021\/10\/12\/buscan-a-menor-de-edad-desaparecido-en-izucar\/","title":{"rendered":"Buscan a menor de edad desaparecido en Iz\u00facar"},"content":{"rendered":"<p>Iz\u00facar de Matamoros, Pue.- \u00a0<strong>Un menor de edad es buscado por sus familiares, luego de que desapareciera el pasado domingo 10 de octubre a la 1 de la tarde<\/strong>cuando sali\u00f3 de su domicilio en el municipio de I<strong>z\u00facar de Matamoros<\/strong>, para ir a comprar pollo para la comida. Desde ese entonces no ha regresado a su hogar.<\/p>\n<p>El menor responde al nombre de Jos\u00e9 Antonio Trinidad Le\u00f3n, de 17 a\u00f1os de edad, quien habita en el barrio de Santiago Mazatla, ubicado en el municipio de Iz\u00facar de Matamoros. Al momento de su desaparici\u00f3n vest\u00eda pantal\u00f3n de mezclilla azul claro, camisa negra y tenis Adidas color negro.<\/p>\n<p>Debido a que sus familiares llevan dos d\u00edas sin saber del paradero del menor piden el apoyo de las autoridades y la ciudadan\u00eda para localizar a este joven.<\/p>\n","protected":false},"excerpt":{"rendered":"<p>Iz\u00facar de Matamoros, Pue.- \u00a0Un menor de edad es buscado por sus familiares, luego de que desapareciera el pasado domingo 10 de octubre a la 1 de la tardecuando sali\u00f3 de su domicilio en el municipio de Iz\u00facar de Matamoros, para ir a comprar pollo para la comida. Desde ese entonces no ha regresado a&#8230;<\/p>\n","protected":false},"author":15,"featured_media":16217,"comment_status":"open","ping_status":"open","sticky":false,"template":"","format":"standard","meta":[],"categories":[20],"tags":[49],"yoast_head":"<!-- This site is optimized with the Yoast SEO plugin v20.8 - https:\/\/yoast.com\/wordpress\/plugins\/seo\/ -->\n<title>Buscan a menor de edad desaparecido en Iz\u00facar - The Puebla Times<\/title>\n<meta name=\"robots\" content=\"index, follow, max-snippet:-1, max-image-preview:large, max-video-preview:-1\" \/>\n<link rel=\"canonical\" href=\"https:\/\/thepueblatimes.mx\/index.php\/2021\/10\/12\/buscan-a-menor-de-edad-desaparecido-en-izucar\/\" \/>\n<meta property=\"og:locale\" content=\"es_ES\" \/>\n<meta property=\"og:type\" content=\"article\" \/>\n<meta property=\"og:title\" content=\"Buscan a menor de edad desaparecido en Iz\u00facar - The Puebla Times\" \/>\n<meta property=\"og:description\" content=\"Iz\u00facar de Matamoros, Pue.- \u00a0Un menor de edad es buscado por sus familiares, luego de que desapareciera el pasado domingo 10 de octubre a la 1 de la tardecuando sali\u00f3 de su domicilio en el municipio de Iz\u00facar de Matamoros, para ir a comprar pollo para la comida. Desde ese entonces no ha regresado a...\" \/>\n<meta property=\"og:url\" content=\"https:\/\/thepueblatimes.mx\/index.php\/2021\/10\/12\/buscan-a-menor-de-edad-desaparecido-en-izucar\/\" \/>\n<meta property=\"og:site_name\" content=\"The Puebla Times\" \/>\n<meta property=\"article:published_time\" content=\"2021-10-13T01:23:04+00:00\" \/>\n<meta property=\"og:image\" content=\"https:\/\/thepueblatimes.mx\/wp-content\/uploads\/2021\/10\/B5B0A224-087E-4156-AD0A-670D0E5968B9.jpeg\" \/>\n\t<meta property=\"og:image:width\" content=\"650\" \/>\n\t<meta property=\"og:image:height\" content=\"478\" \/>\n\t<meta property=\"og:image:type\" content=\"image\/jpeg\" \/>\n<meta name=\"author\" content=\"Francisco S\u00e1nchez Nolasco\" \/>\n<meta name=\"twitter:card\" content=\"summary_large_image\" \/>\n<meta name=\"twitter:label1\" content=\"Escrito por\" \/>\n\t<meta name=\"twitter:data1\" content=\"Francisco S\u00e1nchez Nolasco\" \/>\n\t<meta name=\"twitter:label2\" content=\"Tiempo de lectura\" \/>\n\t<meta name=\"twitter:data2\" content=\"1 minuto\" \/>\n<script type=\"application\/ld+json\" class=\"yoast-schema-graph\">{\"@context\":\"https:\/\/schema.org\",\"@graph\":[{\"@type\":\"WebPage\",\"@id\":\"https:\/\/thepueblatimes.mx\/index.php\/2021\/10\/12\/buscan-a-menor-de-edad-desaparecido-en-izucar\/\",\"url\":\"https:\/\/thepueblatimes.mx\/index.php\/2021\/10\/12\/buscan-a-menor-de-edad-desaparecido-en-izucar\/\",\"name\":\"Buscan a menor de edad desaparecido en Iz\u00facar - The Puebla Times\",\"isPartOf\":{\"@id\":\"https:\/\/thepueblatimes.mx\/#website\"},\"datePublished\":\"2021-10-13T01:23:04+00:00\",\"dateModified\":\"2021-10-13T01:23:04+00:00\",\"author\":{\"@id\":\"https:\/\/thepueblatimes.mx\/#\/schema\/person\/7bdf2adbc50078b104bba72b5612f774\"},\"breadcrumb\":{\"@id\":\"https:\/\/thepueblatimes.mx\/index.php\/2021\/10\/12\/buscan-a-menor-de-edad-desaparecido-en-izucar\/#breadcrumb\"},\"inLanguage\":\"es\",\"potentialAction\":[{\"@type\":\"ReadAction\",\"target\":[\"https:\/\/thepueblatimes.mx\/index.php\/2021\/10\/12\/buscan-a-menor-de-edad-desaparecido-en-izucar\/\"]}]},{\"@type\":\"BreadcrumbList\",\"@id\":\"https:\/\/thepueblatimes.mx\/index.php\/2021\/10\/12\/buscan-a-menor-de-edad-desaparecido-en-izucar\/#breadcrumb\",\"itemListElement\":[{\"@type\":\"ListItem\",\"position\":1,\"name\":\"Portada\",\"item\":\"https:\/\/thepueblatimes.mx\/\"},{\"@type\":\"ListItem\",\"position\":2,\"name\":\"Buscan a menor de edad desaparecido en Iz\u00facar\"}]},{\"@type\":\"WebSite\",\"@id\":\"https:\/\/thepueblatimes.mx\/#website\",\"url\":\"https:\/\/thepueblatimes.mx\/\",\"name\":\"The Puebla Times\",\"description\":\"Noticias del Estado de Puebla\",\"potentialAction\":[{\"@type\":\"SearchAction\",\"target\":{\"@type\":\"EntryPoint\",\"urlTemplate\":\"https:\/\/thepueblatimes.mx\/?s={search_term_string}\"},\"query-input\":\"required name=search_term_string\"}],\"inLanguage\":\"es\"},{\"@type\":\"Person\",\"@id\":\"https:\/\/thepueblatimes.mx\/#\/schema\/person\/7bdf2adbc50078b104bba72b5612f774\",\"name\":\"Francisco S\u00e1nchez Nolasco\",\"image\":{\"@type\":\"ImageObject\",\"inLanguage\":\"es\",\"@id\":\"https:\/\/thepueblatimes.mx\/#\/schema\/person\/image\/\",\"url\":\"https:\/\/secure.gravatar.com\/avatar\/6061d7d20b38bc2742a5218401b198d2?s=96&d=mm&r=g\",\"contentUrl\":\"https:\/\/secure.gravatar.com\/avatar\/6061d7d20b38bc2742a5218401b198d2?s=96&d=mm&r=g\",\"caption\":\"Francisco S\u00e1nchez Nolasco\"},\"url\":\"https:\/\/thepueblatimes.mx\/index.php\/author\/marianitha-reyes\/\"}]}<\/script>\n<!-- \/ Yoast SEO plugin. -->","yoast_head_json":{"title":"Buscan a menor de edad desaparecido en Iz\u00facar - The Puebla Times","robots":{"index":"index","follow":"follow","max-snippet":"max-snippet:-1","max-image-preview":"max-image-preview:large","max-video-preview":"max-video-preview:-1"},"canonical":"https:\/\/thepueblatimes.mx\/index.php\/2021\/10\/12\/buscan-a-menor-de-edad-desaparecido-en-izucar\/","og_locale":"es_ES","og_type":"article","og_title":"Buscan a menor de edad desaparecido en Iz\u00facar - The Puebla Times","og_description":"Iz\u00facar de Matamoros, Pue.- \u00a0Un menor de edad es buscado por sus familiares, luego de que desapareciera el pasado domingo 10 de octubre a la 1 de la tardecuando sali\u00f3 de su domicilio en el municipio de Iz\u00facar de Matamoros, para ir a comprar pollo para la comida. Desde ese entonces no ha regresado a...","og_url":"https:\/\/thepueblatimes.mx\/index.php\/2021\/10\/12\/buscan-a-menor-de-edad-desaparecido-en-izucar\/","og_site_name":"The Puebla Times","article_published_time":"2021-10-13T01:23:04+00:00","og_image":[{"width":650,"height":478,"url":"https:\/\/thepueblatimes.mx\/wp-content\/uploads\/2021\/10\/B5B0A224-087E-4156-AD0A-670D0E5968B9.jpeg","type":"image\/jpeg"}],"author":"Francisco S\u00e1nchez Nolasco","twitter_card":"summary_large_image","twitter_misc":{"Escrito por":"Francisco S\u00e1nchez Nolasco","Tiempo de lectura":"1 minuto"},"schema":{"@context":"https:\/\/schema.org","@graph":[{"@type":"WebPage","@id":"https:\/\/thepueblatimes.mx\/index.php\/2021\/10\/12\/buscan-a-menor-de-edad-desaparecido-en-izucar\/","url":"https:\/\/thepueblatimes.mx\/index.php\/2021\/10\/12\/buscan-a-menor-de-edad-desaparecido-en-izucar\/","name":"Buscan a menor de edad desaparecido en Iz\u00facar - The Puebla Times","isPartOf":{"@id":"https:\/\/thepueblatimes.mx\/#website"},"datePublished":"2021-10-13T01:23:04+00:00","dateModified":"2021-10-13T01:23:04+00:00","author":{"@id":"https:\/\/thepueblatimes.mx\/#\/schema\/person\/7bdf2adbc50078b104bba72b5612f774"},"breadcrumb":{"@id":"https:\/\/thepueblatimes.mx\/index.php\/2021\/10\/12\/buscan-a-menor-de-edad-desaparecido-en-izucar\/#breadcrumb"},"inLanguage":"es","potentialAction":[{"@type":"ReadAction","target":["https:\/\/thepueblatimes.mx\/index.php\/2021\/10\/12\/buscan-a-menor-de-edad-desaparecido-en-izucar\/"]}]},{"@type":"BreadcrumbList","@id":"https:\/\/thepueblatimes.mx\/index.php\/2021\/10\/12\/buscan-a-menor-de-edad-desaparecido-en-izucar\/#breadcrumb","itemListElement":[{"@type":"ListItem","position":1,"name":"Portada","item":"https:\/\/thepueblatimes.mx\/"},{"@type":"ListItem","position":2,"name":"Buscan a menor de edad desaparecido en Iz\u00facar"}]},{"@type":"WebSite","@id":"https:\/\/thepueblatimes.mx\/#website","url":"https:\/\/thepueblatimes.mx\/","name":"The Puebla Times","description":"Noticias del Estado de Puebla","potentialAction":[{"@type":"SearchAction","target":{"@type":"EntryPoint","urlTemplate":"https:\/\/thepueblatimes.mx\/?s={search_term_string}"},"query-input":"required name=search_term_string"}],"inLanguage":"es"},{"@type":"Person","@id":"https:\/\/thepueblatimes.mx\/#\/schema\/person\/7bdf2adbc50078b104bba72b5612f774","name":"Francisco S\u00e1nchez Nolasco","image":{"@type":"ImageObject","inLanguage":"es","@id":"https:\/\/thepueblatimes.mx\/#\/schema\/person\/image\/","url":"https:\/\/secure.gravatar.com\/avatar\/6061d7d20b38bc2742a5218401b198d2?s=96&d=mm&r=g","contentUrl":"https:\/\/secure.gravatar.com\/avatar\/6061d7d20b38bc2742a5218401b198d2?s=96&d=mm&r=g","caption":"Francisco S\u00e1nchez Nolasco"},"url":"https:\/\/thepueblatimes.mx\/index.php\/author\/marianitha-reyes\/"}]}},"jetpack_featured_media_url":"https:\/\/thepueblatimes.mx\/wp-content\/uploads\/2021\/10\/B5B0A224-087E-4156-AD0A-670D0E5968B9.jpeg","_links":{"self":[{"href":"https:\/\/thepueblatimes.mx\/index.php\/wp-json\/wp\/v2\/posts\/16216"}],"collection":[{"href":"https:\/\/thepueblatimes.mx\/index.php\/wp-json\/wp\/v2\/posts"}],"about":[{"href":"https:\/\/thepueblatimes.mx\/index.php\/wp-json\/wp\/v2\/types\/post"}],"author":[{"embeddable":true,"href":"https:\/\/thepueblatimes.mx\/index.php\/wp-json\/wp\/v2\/users\/15"}],"replies":[{"embeddable":true,"href":"https:\/\/thepueblatimes.mx\/index.php\/wp-json\/wp\/v2\/comments?post=16216"}],"version-history":[{"count":1,"href":"https:\/\/thepueblatimes.mx\/index.php\/wp-json\/wp\/v2\/posts\/16216\/revisions"}],"predecessor-version":[{"id":16218,"href":"https:\/\/thepueblatimes.mx\/index.php\/wp-json\/wp\/v2\/posts\/16216\/revisions\/16218"}],"wp:featuredmedia":[{"embeddable":true,"href":"https:\/\/thepueblatimes.mx\/index.php\/wp-json\/wp\/v2\/media\/16217"}],"wp:attachment":[{"href":"https:\/\/thepueblatimes.mx\/index.php\/wp-json\/wp\/v2\/media?parent=16216"}],"wp:term":[{"taxonomy":"category","embeddable":true,"href":"https:\/\/thepueblatimes.mx\/index.php\/wp-json\/wp\/v2\/categories?post=16216"},{"taxonomy":"post_tag","embeddable":true,"href":"https:\/\/thepueblatimes.mx\/index.php\/wp-json\/wp\/v2\/tags?post=16216"}],"curies":[{"name":"wp","href":"https:\/\/api.w.org\/{rel}","templated":true}]}}