{"id":16212,"date":"2021-10-12T20:21:03","date_gmt":"2021-10-13T01:21:03","guid":{"rendered":"https:\/\/thepueblatimes.mx\/?p=16212"},"modified":"2021-10-12T20:21:03","modified_gmt":"2021-10-13T01:21:03","slug":"hasta-5-horas-tardan-peritos-de-la-fiscalia-regional-en-levantar-cadaveres-en-izucar","status":"publish","type":"post","link":"https:\/\/thepueblatimes.mx\/index.php\/2021\/10\/12\/hasta-5-horas-tardan-peritos-de-la-fiscalia-regional-en-levantar-cadaveres-en-izucar\/","title":{"rendered":"Hasta 5 horas tardan peritos de la Fiscal\u00eda Regional en levantar cad\u00e1veres en Iz\u00facar"},"content":{"rendered":"<p>Iz\u00facar de Matamoros, Pue. \u2013 <strong>M\u00e1s de 5 horas tardan los peritos de la Fiscal\u00eda Regional en Iz\u00facar de Matamoros, en efectuar levantamiento de cad\u00e1veres, <\/strong>generando con ello, que las escenas se alteren o que generando hasta caos vehicular en la zona donde se encuentran los difuntos.<\/p>\n<p>El hecho m\u00e1s reciente se registr\u00f3 este lunes cuando un masculino de la tercera edad perdi\u00f3 la vida al ser atropellado por el conductor de un autom\u00f3vil. <strong>El accidente fue al filo de las 7 de la ma\u00f1ana, y fue hasta despu\u00e9s de las 12 del d\u00eda que los peritos llegaron a la zona y comenzaron a efectuar el levantamiento del cuerpo<\/strong>; por m\u00e1s de 5 horas el cad\u00e1ver del hombre estuvo en la carpeta asf\u00e1ltica del Crucero a San Carlos en Iz\u00facar de Matamoros, solo tapado con una s\u00e1bana color azul, asimismo el autom\u00f3vil ensangrentado expuesto.<\/p>\n<p>Lo anterior gener\u00f3 la aglomeraci\u00f3n no solo de curiosos, sino un caos vehicular, ya que es una v\u00eda muy transitada, al ser una carretera que conecta con estados como Morelos, Guerrero y Oaxaca, as\u00ed como con barrios, colonias y juntas auxiliares de Iz\u00facar.<\/p>\n<p>Ciudadanos izucarenses han expresado que es una pena que los peritos tarden tanto en llegar para hacer un levantamiento de cuerpo, en accidentes, cuando son suicidios, o que son abandonados los cad\u00e1veres, y que las escenas del crimen queden altamente expuestas para la ciudadan\u00eda, sobre todo para los menores de edad que circulan por las vialidades.<\/p>\n<p>Esta problem\u00e1tica es de hace muchos a\u00f1os, y es que de manera extra oficial se sabe que hay poco personal en esta \u00e1rea para cubrir todo el estado de Puebla, y veces tienen que trasladarse desde el otro extremo del estado para llegar a levantar cad\u00e1veres.<\/p>\n","protected":false},"excerpt":{"rendered":"<p>Iz\u00facar de Matamoros, Pue. \u2013 M\u00e1s de 5 horas tardan los peritos de la Fiscal\u00eda Regional en Iz\u00facar de Matamoros, en efectuar levantamiento de cad\u00e1veres, generando con ello, que las escenas se alteren o que generando hasta caos vehicular en la zona donde se encuentran los difuntos. El hecho m\u00e1s reciente se registr\u00f3 este lunes&#8230;<\/p>\n","protected":false},"author":15,"featured_media":16213,"comment_status":"open","ping_status":"open","sticky":false,"template":"","format":"standard","meta":[],"categories":[20],"tags":[49],"yoast_head":"<!-- This site is optimized with the Yoast SEO plugin v20.8 - https:\/\/yoast.com\/wordpress\/plugins\/seo\/ -->\n<title>Hasta 5 horas tardan peritos de la Fiscal\u00eda Regional en levantar cad\u00e1veres en Iz\u00facar - The Puebla Times<\/title>\n<meta name=\"robots\" content=\"index, follow, max-snippet:-1, max-image-preview:large, max-video-preview:-1\" \/>\n<link rel=\"canonical\" href=\"https:\/\/thepueblatimes.mx\/index.php\/2021\/10\/12\/hasta-5-horas-tardan-peritos-de-la-fiscalia-regional-en-levantar-cadaveres-en-izucar\/\" \/>\n<meta property=\"og:locale\" content=\"es_ES\" \/>\n<meta property=\"og:type\" content=\"article\" \/>\n<meta property=\"og:title\" content=\"Hasta 5 horas tardan peritos de la Fiscal\u00eda Regional en levantar cad\u00e1veres en Iz\u00facar - The Puebla Times\" \/>\n<meta property=\"og:description\" content=\"Iz\u00facar de Matamoros, Pue. \u2013 M\u00e1s de 5 horas tardan los peritos de la Fiscal\u00eda Regional en Iz\u00facar de Matamoros, en efectuar levantamiento de cad\u00e1veres, generando con ello, que las escenas se alteren o que generando hasta caos vehicular en la zona donde se encuentran los difuntos. El hecho m\u00e1s reciente se registr\u00f3 este lunes...\" \/>\n<meta property=\"og:url\" content=\"https:\/\/thepueblatimes.mx\/index.php\/2021\/10\/12\/hasta-5-horas-tardan-peritos-de-la-fiscalia-regional-en-levantar-cadaveres-en-izucar\/\" \/>\n<meta property=\"og:site_name\" content=\"The Puebla Times\" \/>\n<meta property=\"article:published_time\" content=\"2021-10-13T01:21:03+00:00\" \/>\n<meta property=\"og:image\" content=\"https:\/\/thepueblatimes.mx\/wp-content\/uploads\/2021\/10\/53D8B39D-721C-462C-ACC3-5574398AD9A9.jpeg\" \/>\n\t<meta property=\"og:image:width\" content=\"945\" \/>\n\t<meta property=\"og:image:height\" content=\"449\" \/>\n\t<meta property=\"og:image:type\" content=\"image\/jpeg\" \/>\n<meta name=\"author\" content=\"Francisco S\u00e1nchez Nolasco\" \/>\n<meta name=\"twitter:card\" content=\"summary_large_image\" \/>\n<meta name=\"twitter:label1\" content=\"Escrito por\" \/>\n\t<meta name=\"twitter:data1\" content=\"Francisco S\u00e1nchez Nolasco\" \/>\n\t<meta name=\"twitter:label2\" content=\"Tiempo de lectura\" \/>\n\t<meta name=\"twitter:data2\" content=\"2 minutos\" \/>\n<script type=\"application\/ld+json\" class=\"yoast-schema-graph\">{\"@context\":\"https:\/\/schema.org\",\"@graph\":[{\"@type\":\"WebPage\",\"@id\":\"https:\/\/thepueblatimes.mx\/index.php\/2021\/10\/12\/hasta-5-horas-tardan-peritos-de-la-fiscalia-regional-en-levantar-cadaveres-en-izucar\/\",\"url\":\"https:\/\/thepueblatimes.mx\/index.php\/2021\/10\/12\/hasta-5-horas-tardan-peritos-de-la-fiscalia-regional-en-levantar-cadaveres-en-izucar\/\",\"name\":\"Hasta 5 horas tardan peritos de la Fiscal\u00eda Regional en levantar cad\u00e1veres en Iz\u00facar - The Puebla Times\",\"isPartOf\":{\"@id\":\"https:\/\/thepueblatimes.mx\/#website\"},\"datePublished\":\"2021-10-13T01:21:03+00:00\",\"dateModified\":\"2021-10-13T01:21:03+00:00\",\"author\":{\"@id\":\"https:\/\/thepueblatimes.mx\/#\/schema\/person\/7bdf2adbc50078b104bba72b5612f774\"},\"breadcrumb\":{\"@id\":\"https:\/\/thepueblatimes.mx\/index.php\/2021\/10\/12\/hasta-5-horas-tardan-peritos-de-la-fiscalia-regional-en-levantar-cadaveres-en-izucar\/#breadcrumb\"},\"inLanguage\":\"es\",\"potentialAction\":[{\"@type\":\"ReadAction\",\"target\":[\"https:\/\/thepueblatimes.mx\/index.php\/2021\/10\/12\/hasta-5-horas-tardan-peritos-de-la-fiscalia-regional-en-levantar-cadaveres-en-izucar\/\"]}]},{\"@type\":\"BreadcrumbList\",\"@id\":\"https:\/\/thepueblatimes.mx\/index.php\/2021\/10\/12\/hasta-5-horas-tardan-peritos-de-la-fiscalia-regional-en-levantar-cadaveres-en-izucar\/#breadcrumb\",\"itemListElement\":[{\"@type\":\"ListItem\",\"position\":1,\"name\":\"Portada\",\"item\":\"https:\/\/thepueblatimes.mx\/\"},{\"@type\":\"ListItem\",\"position\":2,\"name\":\"Hasta 5 horas tardan peritos de la Fiscal\u00eda Regional en levantar cad\u00e1veres en Iz\u00facar\"}]},{\"@type\":\"WebSite\",\"@id\":\"https:\/\/thepueblatimes.mx\/#website\",\"url\":\"https:\/\/thepueblatimes.mx\/\",\"name\":\"The Puebla Times\",\"description\":\"Noticias del Estado de Puebla\",\"potentialAction\":[{\"@type\":\"SearchAction\",\"target\":{\"@type\":\"EntryPoint\",\"urlTemplate\":\"https:\/\/thepueblatimes.mx\/?s={search_term_string}\"},\"query-input\":\"required name=search_term_string\"}],\"inLanguage\":\"es\"},{\"@type\":\"Person\",\"@id\":\"https:\/\/thepueblatimes.mx\/#\/schema\/person\/7bdf2adbc50078b104bba72b5612f774\",\"name\":\"Francisco S\u00e1nchez Nolasco\",\"image\":{\"@type\":\"ImageObject\",\"inLanguage\":\"es\",\"@id\":\"https:\/\/thepueblatimes.mx\/#\/schema\/person\/image\/\",\"url\":\"https:\/\/secure.gravatar.com\/avatar\/6061d7d20b38bc2742a5218401b198d2?s=96&d=mm&r=g\",\"contentUrl\":\"https:\/\/secure.gravatar.com\/avatar\/6061d7d20b38bc2742a5218401b198d2?s=96&d=mm&r=g\",\"caption\":\"Francisco S\u00e1nchez Nolasco\"},\"url\":\"https:\/\/thepueblatimes.mx\/index.php\/author\/marianitha-reyes\/\"}]}<\/script>\n<!-- \/ Yoast SEO plugin. -->","yoast_head_json":{"title":"Hasta 5 horas tardan peritos de la Fiscal\u00eda Regional en levantar cad\u00e1veres en Iz\u00facar - The Puebla Times","robots":{"index":"index","follow":"follow","max-snippet":"max-snippet:-1","max-image-preview":"max-image-preview:large","max-video-preview":"max-video-preview:-1"},"canonical":"https:\/\/thepueblatimes.mx\/index.php\/2021\/10\/12\/hasta-5-horas-tardan-peritos-de-la-fiscalia-regional-en-levantar-cadaveres-en-izucar\/","og_locale":"es_ES","og_type":"article","og_title":"Hasta 5 horas tardan peritos de la Fiscal\u00eda Regional en levantar cad\u00e1veres en Iz\u00facar - The Puebla Times","og_description":"Iz\u00facar de Matamoros, Pue. \u2013 M\u00e1s de 5 horas tardan los peritos de la Fiscal\u00eda Regional en Iz\u00facar de Matamoros, en efectuar levantamiento de cad\u00e1veres, generando con ello, que las escenas se alteren o que generando hasta caos vehicular en la zona donde se encuentran los difuntos. El hecho m\u00e1s reciente se registr\u00f3 este lunes...","og_url":"https:\/\/thepueblatimes.mx\/index.php\/2021\/10\/12\/hasta-5-horas-tardan-peritos-de-la-fiscalia-regional-en-levantar-cadaveres-en-izucar\/","og_site_name":"The Puebla Times","article_published_time":"2021-10-13T01:21:03+00:00","og_image":[{"width":945,"height":449,"url":"https:\/\/thepueblatimes.mx\/wp-content\/uploads\/2021\/10\/53D8B39D-721C-462C-ACC3-5574398AD9A9.jpeg","type":"image\/jpeg"}],"author":"Francisco S\u00e1nchez Nolasco","twitter_card":"summary_large_image","twitter_misc":{"Escrito por":"Francisco S\u00e1nchez Nolasco","Tiempo de lectura":"2 minutos"},"schema":{"@context":"https:\/\/schema.org","@graph":[{"@type":"WebPage","@id":"https:\/\/thepueblatimes.mx\/index.php\/2021\/10\/12\/hasta-5-horas-tardan-peritos-de-la-fiscalia-regional-en-levantar-cadaveres-en-izucar\/","url":"https:\/\/thepueblatimes.mx\/index.php\/2021\/10\/12\/hasta-5-horas-tardan-peritos-de-la-fiscalia-regional-en-levantar-cadaveres-en-izucar\/","name":"Hasta 5 horas tardan peritos de la Fiscal\u00eda Regional en levantar cad\u00e1veres en Iz\u00facar - The Puebla Times","isPartOf":{"@id":"https:\/\/thepueblatimes.mx\/#website"},"datePublished":"2021-10-13T01:21:03+00:00","dateModified":"2021-10-13T01:21:03+00:00","author":{"@id":"https:\/\/thepueblatimes.mx\/#\/schema\/person\/7bdf2adbc50078b104bba72b5612f774"},"breadcrumb":{"@id":"https:\/\/thepueblatimes.mx\/index.php\/2021\/10\/12\/hasta-5-horas-tardan-peritos-de-la-fiscalia-regional-en-levantar-cadaveres-en-izucar\/#breadcrumb"},"inLanguage":"es","potentialAction":[{"@type":"ReadAction","target":["https:\/\/thepueblatimes.mx\/index.php\/2021\/10\/12\/hasta-5-horas-tardan-peritos-de-la-fiscalia-regional-en-levantar-cadaveres-en-izucar\/"]}]},{"@type":"BreadcrumbList","@id":"https:\/\/thepueblatimes.mx\/index.php\/2021\/10\/12\/hasta-5-horas-tardan-peritos-de-la-fiscalia-regional-en-levantar-cadaveres-en-izucar\/#breadcrumb","itemListElement":[{"@type":"ListItem","position":1,"name":"Portada","item":"https:\/\/thepueblatimes.mx\/"},{"@type":"ListItem","position":2,"name":"Hasta 5 horas tardan peritos de la Fiscal\u00eda Regional en levantar cad\u00e1veres en Iz\u00facar"}]},{"@type":"WebSite","@id":"https:\/\/thepueblatimes.mx\/#website","url":"https:\/\/thepueblatimes.mx\/","name":"The Puebla Times","description":"Noticias del Estado de Puebla","potentialAction":[{"@type":"SearchAction","target":{"@type":"EntryPoint","urlTemplate":"https:\/\/thepueblatimes.mx\/?s={search_term_string}"},"query-input":"required name=search_term_string"}],"inLanguage":"es"},{"@type":"Person","@id":"https:\/\/thepueblatimes.mx\/#\/schema\/person\/7bdf2adbc50078b104bba72b5612f774","name":"Francisco S\u00e1nchez Nolasco","image":{"@type":"ImageObject","inLanguage":"es","@id":"https:\/\/thepueblatimes.mx\/#\/schema\/person\/image\/","url":"https:\/\/secure.gravatar.com\/avatar\/6061d7d20b38bc2742a5218401b198d2?s=96&d=mm&r=g","contentUrl":"https:\/\/secure.gravatar.com\/avatar\/6061d7d20b38bc2742a5218401b198d2?s=96&d=mm&r=g","caption":"Francisco S\u00e1nchez Nolasco"},"url":"https:\/\/thepueblatimes.mx\/index.php\/author\/marianitha-reyes\/"}]}},"jetpack_featured_media_url":"https:\/\/thepueblatimes.mx\/wp-content\/uploads\/2021\/10\/53D8B39D-721C-462C-ACC3-5574398AD9A9.jpeg","_links":{"self":[{"href":"https:\/\/thepueblatimes.mx\/index.php\/wp-json\/wp\/v2\/posts\/16212"}],"collection":[{"href":"https:\/\/thepueblatimes.mx\/index.php\/wp-json\/wp\/v2\/posts"}],"about":[{"href":"https:\/\/thepueblatimes.mx\/index.php\/wp-json\/wp\/v2\/types\/post"}],"author":[{"embeddable":true,"href":"https:\/\/thepueblatimes.mx\/index.php\/wp-json\/wp\/v2\/users\/15"}],"replies":[{"embeddable":true,"href":"https:\/\/thepueblatimes.mx\/index.php\/wp-json\/wp\/v2\/comments?post=16212"}],"version-history":[{"count":1,"href":"https:\/\/thepueblatimes.mx\/index.php\/wp-json\/wp\/v2\/posts\/16212\/revisions"}],"predecessor-version":[{"id":16214,"href":"https:\/\/thepueblatimes.mx\/index.php\/wp-json\/wp\/v2\/posts\/16212\/revisions\/16214"}],"wp:featuredmedia":[{"embeddable":true,"href":"https:\/\/thepueblatimes.mx\/index.php\/wp-json\/wp\/v2\/media\/16213"}],"wp:attachment":[{"href":"https:\/\/thepueblatimes.mx\/index.php\/wp-json\/wp\/v2\/media?parent=16212"}],"wp:term":[{"taxonomy":"category","embeddable":true,"href":"https:\/\/thepueblatimes.mx\/index.php\/wp-json\/wp\/v2\/categories?post=16212"},{"taxonomy":"post_tag","embeddable":true,"href":"https:\/\/thepueblatimes.mx\/index.php\/wp-json\/wp\/v2\/tags?post=16212"}],"curies":[{"name":"wp","href":"https:\/\/api.w.org\/{rel}","templated":true}]}}