{"id":16209,"date":"2021-10-12T20:18:33","date_gmt":"2021-10-13T01:18:33","guid":{"rendered":"https:\/\/thepueblatimes.mx\/?p=16209"},"modified":"2021-10-12T20:18:33","modified_gmt":"2021-10-13T01:18:33","slug":"cae-por-no-llevar-placa-le-hallan-droga-y-lo-ligan-a-robos","status":"publish","type":"post","link":"https:\/\/thepueblatimes.mx\/index.php\/2021\/10\/12\/cae-por-no-llevar-placa-le-hallan-droga-y-lo-ligan-a-robos\/","title":{"rendered":"Cae por no llevar placa, le hallan droga y lo ligan a robos"},"content":{"rendered":"<p>Puebla, Pue.- La Secretar\u00eda de Seguridad Ciudadana (SSC) del municipio de Puebla detuvo en la colonia <strong>Loma Bonita Caleras<\/strong> a V\u00edctor \u201cN.\u201d, de 24 a\u00f1os de edad, por su probable participaci\u00f3n en delitos contra la salud.<\/p>\n<p>Polic\u00edas municipales llevaban a cabo un patrullaje de vigilancia en la <strong>Calle Nogal<\/strong>, cuando se percataron sobre la presencia de un sujeto que conduc\u00eda una <strong>motocicleta<\/strong> de color negro, misma que carec\u00eda de placas de circulaci\u00f3n, motivo por el cual los elementos indicaron a la persona que se detuviera.<\/p>\n<p>Al revisarlo, los efectivos hallaron entre sus pertenencias m\u00e1s de <strong>50 dosis de posible cristal<\/strong> y hierba verde con caracter\u00edsticas a la marihuana. Debido a lo anterior, se procedi\u00f3 a la detenci\u00f3n de V\u00edctor \u201cN.\u201d<\/p>\n<p>Con base en labores de inteligencia policial, se presume que la motocicleta asegurada estar\u00eda relacionada en la comisi\u00f3n de diversos robos de autopartes en la junta auxiliar San Jer\u00f3nimo Caleras as\u00ed como, en colonias aleda\u00f1as.<\/p>\n<p>El indiciado y los elementos materiales probatorios quedaron a disposici\u00f3n del Agente del Ministerio P\u00fablico, autoridad que ya integra la respectiva Carpeta de Investigaci\u00f3n.<\/p>\n","protected":false},"excerpt":{"rendered":"<p>Puebla, Pue.- La Secretar\u00eda de Seguridad Ciudadana (SSC) del municipio de Puebla detuvo en la colonia Loma Bonita Caleras a V\u00edctor \u201cN.\u201d, de 24 a\u00f1os de edad, por su probable participaci\u00f3n en delitos contra la salud. Polic\u00edas municipales llevaban a cabo un patrullaje de vigilancia en la Calle Nogal, cuando se percataron sobre la presencia&#8230;<\/p>\n","protected":false},"author":15,"featured_media":16210,"comment_status":"open","ping_status":"open","sticky":false,"template":"","format":"standard","meta":[],"categories":[20],"tags":[49],"yoast_head":"<!-- This site is optimized with the Yoast SEO plugin v20.8 - https:\/\/yoast.com\/wordpress\/plugins\/seo\/ -->\n<title>Cae por no llevar placa, le hallan droga y lo ligan a robos - The Puebla Times<\/title>\n<meta name=\"robots\" content=\"index, follow, max-snippet:-1, max-image-preview:large, max-video-preview:-1\" \/>\n<link rel=\"canonical\" href=\"https:\/\/thepueblatimes.mx\/index.php\/2021\/10\/12\/cae-por-no-llevar-placa-le-hallan-droga-y-lo-ligan-a-robos\/\" \/>\n<meta property=\"og:locale\" content=\"es_ES\" \/>\n<meta property=\"og:type\" content=\"article\" \/>\n<meta property=\"og:title\" content=\"Cae por no llevar placa, le hallan droga y lo ligan a robos - The Puebla Times\" \/>\n<meta property=\"og:description\" content=\"Puebla, Pue.- La Secretar\u00eda de Seguridad Ciudadana (SSC) del municipio de Puebla detuvo en la colonia Loma Bonita Caleras a V\u00edctor \u201cN.\u201d, de 24 a\u00f1os de edad, por su probable participaci\u00f3n en delitos contra la salud. Polic\u00edas municipales llevaban a cabo un patrullaje de vigilancia en la Calle Nogal, cuando se percataron sobre la presencia...\" \/>\n<meta property=\"og:url\" content=\"https:\/\/thepueblatimes.mx\/index.php\/2021\/10\/12\/cae-por-no-llevar-placa-le-hallan-droga-y-lo-ligan-a-robos\/\" \/>\n<meta property=\"og:site_name\" content=\"The Puebla Times\" \/>\n<meta property=\"article:published_time\" content=\"2021-10-13T01:18:33+00:00\" \/>\n<meta property=\"og:image\" content=\"https:\/\/thepueblatimes.mx\/wp-content\/uploads\/2021\/10\/BBEE8625-9A33-46B5-94A1-6D604251B8D1.jpeg\" \/>\n\t<meta property=\"og:image:width\" content=\"847\" \/>\n\t<meta property=\"og:image:height\" content=\"526\" \/>\n\t<meta property=\"og:image:type\" content=\"image\/jpeg\" \/>\n<meta name=\"author\" content=\"Francisco S\u00e1nchez Nolasco\" \/>\n<meta name=\"twitter:card\" content=\"summary_large_image\" \/>\n<meta name=\"twitter:label1\" content=\"Escrito por\" \/>\n\t<meta name=\"twitter:data1\" content=\"Francisco S\u00e1nchez Nolasco\" \/>\n\t<meta name=\"twitter:label2\" content=\"Tiempo de lectura\" \/>\n\t<meta name=\"twitter:data2\" content=\"1 minuto\" \/>\n<script type=\"application\/ld+json\" class=\"yoast-schema-graph\">{\"@context\":\"https:\/\/schema.org\",\"@graph\":[{\"@type\":\"WebPage\",\"@id\":\"https:\/\/thepueblatimes.mx\/index.php\/2021\/10\/12\/cae-por-no-llevar-placa-le-hallan-droga-y-lo-ligan-a-robos\/\",\"url\":\"https:\/\/thepueblatimes.mx\/index.php\/2021\/10\/12\/cae-por-no-llevar-placa-le-hallan-droga-y-lo-ligan-a-robos\/\",\"name\":\"Cae por no llevar placa, le hallan droga y lo ligan a robos - The Puebla Times\",\"isPartOf\":{\"@id\":\"https:\/\/thepueblatimes.mx\/#website\"},\"datePublished\":\"2021-10-13T01:18:33+00:00\",\"dateModified\":\"2021-10-13T01:18:33+00:00\",\"author\":{\"@id\":\"https:\/\/thepueblatimes.mx\/#\/schema\/person\/7bdf2adbc50078b104bba72b5612f774\"},\"breadcrumb\":{\"@id\":\"https:\/\/thepueblatimes.mx\/index.php\/2021\/10\/12\/cae-por-no-llevar-placa-le-hallan-droga-y-lo-ligan-a-robos\/#breadcrumb\"},\"inLanguage\":\"es\",\"potentialAction\":[{\"@type\":\"ReadAction\",\"target\":[\"https:\/\/thepueblatimes.mx\/index.php\/2021\/10\/12\/cae-por-no-llevar-placa-le-hallan-droga-y-lo-ligan-a-robos\/\"]}]},{\"@type\":\"BreadcrumbList\",\"@id\":\"https:\/\/thepueblatimes.mx\/index.php\/2021\/10\/12\/cae-por-no-llevar-placa-le-hallan-droga-y-lo-ligan-a-robos\/#breadcrumb\",\"itemListElement\":[{\"@type\":\"ListItem\",\"position\":1,\"name\":\"Portada\",\"item\":\"https:\/\/thepueblatimes.mx\/\"},{\"@type\":\"ListItem\",\"position\":2,\"name\":\"Cae por no llevar placa, le hallan droga y lo ligan a robos\"}]},{\"@type\":\"WebSite\",\"@id\":\"https:\/\/thepueblatimes.mx\/#website\",\"url\":\"https:\/\/thepueblatimes.mx\/\",\"name\":\"The Puebla Times\",\"description\":\"Noticias del Estado de Puebla\",\"potentialAction\":[{\"@type\":\"SearchAction\",\"target\":{\"@type\":\"EntryPoint\",\"urlTemplate\":\"https:\/\/thepueblatimes.mx\/?s={search_term_string}\"},\"query-input\":\"required name=search_term_string\"}],\"inLanguage\":\"es\"},{\"@type\":\"Person\",\"@id\":\"https:\/\/thepueblatimes.mx\/#\/schema\/person\/7bdf2adbc50078b104bba72b5612f774\",\"name\":\"Francisco S\u00e1nchez Nolasco\",\"image\":{\"@type\":\"ImageObject\",\"inLanguage\":\"es\",\"@id\":\"https:\/\/thepueblatimes.mx\/#\/schema\/person\/image\/\",\"url\":\"https:\/\/secure.gravatar.com\/avatar\/6061d7d20b38bc2742a5218401b198d2?s=96&d=mm&r=g\",\"contentUrl\":\"https:\/\/secure.gravatar.com\/avatar\/6061d7d20b38bc2742a5218401b198d2?s=96&d=mm&r=g\",\"caption\":\"Francisco S\u00e1nchez Nolasco\"},\"url\":\"https:\/\/thepueblatimes.mx\/index.php\/author\/marianitha-reyes\/\"}]}<\/script>\n<!-- \/ Yoast SEO plugin. -->","yoast_head_json":{"title":"Cae por no llevar placa, le hallan droga y lo ligan a robos - The Puebla Times","robots":{"index":"index","follow":"follow","max-snippet":"max-snippet:-1","max-image-preview":"max-image-preview:large","max-video-preview":"max-video-preview:-1"},"canonical":"https:\/\/thepueblatimes.mx\/index.php\/2021\/10\/12\/cae-por-no-llevar-placa-le-hallan-droga-y-lo-ligan-a-robos\/","og_locale":"es_ES","og_type":"article","og_title":"Cae por no llevar placa, le hallan droga y lo ligan a robos - The Puebla Times","og_description":"Puebla, Pue.- La Secretar\u00eda de Seguridad Ciudadana (SSC) del municipio de Puebla detuvo en la colonia Loma Bonita Caleras a V\u00edctor \u201cN.\u201d, de 24 a\u00f1os de edad, por su probable participaci\u00f3n en delitos contra la salud. Polic\u00edas municipales llevaban a cabo un patrullaje de vigilancia en la Calle Nogal, cuando se percataron sobre la presencia...","og_url":"https:\/\/thepueblatimes.mx\/index.php\/2021\/10\/12\/cae-por-no-llevar-placa-le-hallan-droga-y-lo-ligan-a-robos\/","og_site_name":"The Puebla Times","article_published_time":"2021-10-13T01:18:33+00:00","og_image":[{"width":847,"height":526,"url":"https:\/\/thepueblatimes.mx\/wp-content\/uploads\/2021\/10\/BBEE8625-9A33-46B5-94A1-6D604251B8D1.jpeg","type":"image\/jpeg"}],"author":"Francisco S\u00e1nchez Nolasco","twitter_card":"summary_large_image","twitter_misc":{"Escrito por":"Francisco S\u00e1nchez Nolasco","Tiempo de lectura":"1 minuto"},"schema":{"@context":"https:\/\/schema.org","@graph":[{"@type":"WebPage","@id":"https:\/\/thepueblatimes.mx\/index.php\/2021\/10\/12\/cae-por-no-llevar-placa-le-hallan-droga-y-lo-ligan-a-robos\/","url":"https:\/\/thepueblatimes.mx\/index.php\/2021\/10\/12\/cae-por-no-llevar-placa-le-hallan-droga-y-lo-ligan-a-robos\/","name":"Cae por no llevar placa, le hallan droga y lo ligan a robos - The Puebla Times","isPartOf":{"@id":"https:\/\/thepueblatimes.mx\/#website"},"datePublished":"2021-10-13T01:18:33+00:00","dateModified":"2021-10-13T01:18:33+00:00","author":{"@id":"https:\/\/thepueblatimes.mx\/#\/schema\/person\/7bdf2adbc50078b104bba72b5612f774"},"breadcrumb":{"@id":"https:\/\/thepueblatimes.mx\/index.php\/2021\/10\/12\/cae-por-no-llevar-placa-le-hallan-droga-y-lo-ligan-a-robos\/#breadcrumb"},"inLanguage":"es","potentialAction":[{"@type":"ReadAction","target":["https:\/\/thepueblatimes.mx\/index.php\/2021\/10\/12\/cae-por-no-llevar-placa-le-hallan-droga-y-lo-ligan-a-robos\/"]}]},{"@type":"BreadcrumbList","@id":"https:\/\/thepueblatimes.mx\/index.php\/2021\/10\/12\/cae-por-no-llevar-placa-le-hallan-droga-y-lo-ligan-a-robos\/#breadcrumb","itemListElement":[{"@type":"ListItem","position":1,"name":"Portada","item":"https:\/\/thepueblatimes.mx\/"},{"@type":"ListItem","position":2,"name":"Cae por no llevar placa, le hallan droga y lo ligan a robos"}]},{"@type":"WebSite","@id":"https:\/\/thepueblatimes.mx\/#website","url":"https:\/\/thepueblatimes.mx\/","name":"The Puebla Times","description":"Noticias del Estado de Puebla","potentialAction":[{"@type":"SearchAction","target":{"@type":"EntryPoint","urlTemplate":"https:\/\/thepueblatimes.mx\/?s={search_term_string}"},"query-input":"required name=search_term_string"}],"inLanguage":"es"},{"@type":"Person","@id":"https:\/\/thepueblatimes.mx\/#\/schema\/person\/7bdf2adbc50078b104bba72b5612f774","name":"Francisco S\u00e1nchez Nolasco","image":{"@type":"ImageObject","inLanguage":"es","@id":"https:\/\/thepueblatimes.mx\/#\/schema\/person\/image\/","url":"https:\/\/secure.gravatar.com\/avatar\/6061d7d20b38bc2742a5218401b198d2?s=96&d=mm&r=g","contentUrl":"https:\/\/secure.gravatar.com\/avatar\/6061d7d20b38bc2742a5218401b198d2?s=96&d=mm&r=g","caption":"Francisco S\u00e1nchez Nolasco"},"url":"https:\/\/thepueblatimes.mx\/index.php\/author\/marianitha-reyes\/"}]}},"jetpack_featured_media_url":"https:\/\/thepueblatimes.mx\/wp-content\/uploads\/2021\/10\/BBEE8625-9A33-46B5-94A1-6D604251B8D1.jpeg","_links":{"self":[{"href":"https:\/\/thepueblatimes.mx\/index.php\/wp-json\/wp\/v2\/posts\/16209"}],"collection":[{"href":"https:\/\/thepueblatimes.mx\/index.php\/wp-json\/wp\/v2\/posts"}],"about":[{"href":"https:\/\/thepueblatimes.mx\/index.php\/wp-json\/wp\/v2\/types\/post"}],"author":[{"embeddable":true,"href":"https:\/\/thepueblatimes.mx\/index.php\/wp-json\/wp\/v2\/users\/15"}],"replies":[{"embeddable":true,"href":"https:\/\/thepueblatimes.mx\/index.php\/wp-json\/wp\/v2\/comments?post=16209"}],"version-history":[{"count":1,"href":"https:\/\/thepueblatimes.mx\/index.php\/wp-json\/wp\/v2\/posts\/16209\/revisions"}],"predecessor-version":[{"id":16211,"href":"https:\/\/thepueblatimes.mx\/index.php\/wp-json\/wp\/v2\/posts\/16209\/revisions\/16211"}],"wp:featuredmedia":[{"embeddable":true,"href":"https:\/\/thepueblatimes.mx\/index.php\/wp-json\/wp\/v2\/media\/16210"}],"wp:attachment":[{"href":"https:\/\/thepueblatimes.mx\/index.php\/wp-json\/wp\/v2\/media?parent=16209"}],"wp:term":[{"taxonomy":"category","embeddable":true,"href":"https:\/\/thepueblatimes.mx\/index.php\/wp-json\/wp\/v2\/categories?post=16209"},{"taxonomy":"post_tag","embeddable":true,"href":"https:\/\/thepueblatimes.mx\/index.php\/wp-json\/wp\/v2\/tags?post=16209"}],"curies":[{"name":"wp","href":"https:\/\/api.w.org\/{rel}","templated":true}]}}