{"id":16192,"date":"2021-10-11T22:02:35","date_gmt":"2021-10-12T03:02:35","guid":{"rendered":"https:\/\/thepueblatimes.mx\/?p=16192"},"modified":"2021-10-11T22:02:35","modified_gmt":"2021-10-12T03:02:35","slug":"nino-se-dispara-con-el-arma-de-su-padre-policia-en-puebla","status":"publish","type":"post","link":"https:\/\/thepueblatimes.mx\/index.php\/2021\/10\/11\/nino-se-dispara-con-el-arma-de-su-padre-policia-en-puebla\/","title":{"rendered":"Ni\u00f1o se dispara con el arma de su padre polic\u00eda en Puebla"},"content":{"rendered":"<p>Puebla, Pue.- <strong>Un menor se dispar\u00f3 accidentalmente en la cabeza al encontrar el arma de su padre, un polic\u00eda estatal.<\/strong><\/p>\n<p>El accidente ocurri\u00f3 el pasado 9 de octubre, alrededor de las 21 horas, cuando el padre del menor se cambiaba de domicilio.<\/p>\n<p>Aparentemente, habr\u00eda dejado descuidada el arma, momento que el ni\u00f1o la tom\u00f3 y se dispar\u00f3 en la cabeza.<\/p>\n<p>Al lugar acudieron param\u00e9dicos del Sistema de Urgencias M\u00e9dicas Avanzadas (SUMA), que le brindaron los primeros auxilios y lo trasladaron a un hospital, donde su estado de salud se reporta grave.<\/p>\n","protected":false},"excerpt":{"rendered":"<p>Puebla, Pue.- Un menor se dispar\u00f3 accidentalmente en la cabeza al encontrar el arma de su padre, un polic\u00eda estatal. El accidente ocurri\u00f3 el pasado 9 de octubre, alrededor de las 21 horas, cuando el padre del menor se cambiaba de domicilio. Aparentemente, habr\u00eda dejado descuidada el arma, momento que el ni\u00f1o la tom\u00f3 y&#8230;<\/p>\n","protected":false},"author":15,"featured_media":16193,"comment_status":"open","ping_status":"open","sticky":false,"template":"","format":"standard","meta":[],"categories":[20],"tags":[49],"yoast_head":"<!-- This site is optimized with the Yoast SEO plugin v20.8 - https:\/\/yoast.com\/wordpress\/plugins\/seo\/ -->\n<title>Ni\u00f1o se dispara con el arma de su padre polic\u00eda en Puebla - The Puebla Times<\/title>\n<meta name=\"robots\" content=\"index, follow, max-snippet:-1, max-image-preview:large, max-video-preview:-1\" \/>\n<link rel=\"canonical\" href=\"https:\/\/thepueblatimes.mx\/index.php\/2021\/10\/11\/nino-se-dispara-con-el-arma-de-su-padre-policia-en-puebla\/\" \/>\n<meta property=\"og:locale\" content=\"es_ES\" \/>\n<meta property=\"og:type\" content=\"article\" \/>\n<meta property=\"og:title\" content=\"Ni\u00f1o se dispara con el arma de su padre polic\u00eda en Puebla - The Puebla Times\" \/>\n<meta property=\"og:description\" content=\"Puebla, Pue.- Un menor se dispar\u00f3 accidentalmente en la cabeza al encontrar el arma de su padre, un polic\u00eda estatal. El accidente ocurri\u00f3 el pasado 9 de octubre, alrededor de las 21 horas, cuando el padre del menor se cambiaba de domicilio. Aparentemente, habr\u00eda dejado descuidada el arma, momento que el ni\u00f1o la tom\u00f3 y...\" \/>\n<meta property=\"og:url\" content=\"https:\/\/thepueblatimes.mx\/index.php\/2021\/10\/11\/nino-se-dispara-con-el-arma-de-su-padre-policia-en-puebla\/\" \/>\n<meta property=\"og:site_name\" content=\"The Puebla Times\" \/>\n<meta property=\"article:published_time\" content=\"2021-10-12T03:02:35+00:00\" \/>\n<meta property=\"og:image\" content=\"https:\/\/thepueblatimes.mx\/wp-content\/uploads\/2021\/10\/CBF551C2-78C3-4B71-A511-3348CD97606B.jpeg\" \/>\n\t<meta property=\"og:image:width\" content=\"640\" \/>\n\t<meta property=\"og:image:height\" content=\"426\" \/>\n\t<meta property=\"og:image:type\" content=\"image\/jpeg\" \/>\n<meta name=\"author\" content=\"Francisco S\u00e1nchez Nolasco\" \/>\n<meta name=\"twitter:card\" content=\"summary_large_image\" \/>\n<meta name=\"twitter:label1\" content=\"Escrito por\" \/>\n\t<meta name=\"twitter:data1\" content=\"Francisco S\u00e1nchez Nolasco\" \/>\n<script type=\"application\/ld+json\" class=\"yoast-schema-graph\">{\"@context\":\"https:\/\/schema.org\",\"@graph\":[{\"@type\":\"WebPage\",\"@id\":\"https:\/\/thepueblatimes.mx\/index.php\/2021\/10\/11\/nino-se-dispara-con-el-arma-de-su-padre-policia-en-puebla\/\",\"url\":\"https:\/\/thepueblatimes.mx\/index.php\/2021\/10\/11\/nino-se-dispara-con-el-arma-de-su-padre-policia-en-puebla\/\",\"name\":\"Ni\u00f1o se dispara con el arma de su padre polic\u00eda en Puebla - The Puebla Times\",\"isPartOf\":{\"@id\":\"https:\/\/thepueblatimes.mx\/#website\"},\"datePublished\":\"2021-10-12T03:02:35+00:00\",\"dateModified\":\"2021-10-12T03:02:35+00:00\",\"author\":{\"@id\":\"https:\/\/thepueblatimes.mx\/#\/schema\/person\/7bdf2adbc50078b104bba72b5612f774\"},\"breadcrumb\":{\"@id\":\"https:\/\/thepueblatimes.mx\/index.php\/2021\/10\/11\/nino-se-dispara-con-el-arma-de-su-padre-policia-en-puebla\/#breadcrumb\"},\"inLanguage\":\"es\",\"potentialAction\":[{\"@type\":\"ReadAction\",\"target\":[\"https:\/\/thepueblatimes.mx\/index.php\/2021\/10\/11\/nino-se-dispara-con-el-arma-de-su-padre-policia-en-puebla\/\"]}]},{\"@type\":\"BreadcrumbList\",\"@id\":\"https:\/\/thepueblatimes.mx\/index.php\/2021\/10\/11\/nino-se-dispara-con-el-arma-de-su-padre-policia-en-puebla\/#breadcrumb\",\"itemListElement\":[{\"@type\":\"ListItem\",\"position\":1,\"name\":\"Portada\",\"item\":\"https:\/\/thepueblatimes.mx\/\"},{\"@type\":\"ListItem\",\"position\":2,\"name\":\"Ni\u00f1o se dispara con el arma de su padre polic\u00eda en Puebla\"}]},{\"@type\":\"WebSite\",\"@id\":\"https:\/\/thepueblatimes.mx\/#website\",\"url\":\"https:\/\/thepueblatimes.mx\/\",\"name\":\"The Puebla Times\",\"description\":\"Noticias del Estado de Puebla\",\"potentialAction\":[{\"@type\":\"SearchAction\",\"target\":{\"@type\":\"EntryPoint\",\"urlTemplate\":\"https:\/\/thepueblatimes.mx\/?s={search_term_string}\"},\"query-input\":\"required name=search_term_string\"}],\"inLanguage\":\"es\"},{\"@type\":\"Person\",\"@id\":\"https:\/\/thepueblatimes.mx\/#\/schema\/person\/7bdf2adbc50078b104bba72b5612f774\",\"name\":\"Francisco S\u00e1nchez Nolasco\",\"image\":{\"@type\":\"ImageObject\",\"inLanguage\":\"es\",\"@id\":\"https:\/\/thepueblatimes.mx\/#\/schema\/person\/image\/\",\"url\":\"https:\/\/secure.gravatar.com\/avatar\/6061d7d20b38bc2742a5218401b198d2?s=96&d=mm&r=g\",\"contentUrl\":\"https:\/\/secure.gravatar.com\/avatar\/6061d7d20b38bc2742a5218401b198d2?s=96&d=mm&r=g\",\"caption\":\"Francisco S\u00e1nchez Nolasco\"},\"url\":\"https:\/\/thepueblatimes.mx\/index.php\/author\/marianitha-reyes\/\"}]}<\/script>\n<!-- \/ Yoast SEO plugin. -->","yoast_head_json":{"title":"Ni\u00f1o se dispara con el arma de su padre polic\u00eda en Puebla - The Puebla Times","robots":{"index":"index","follow":"follow","max-snippet":"max-snippet:-1","max-image-preview":"max-image-preview:large","max-video-preview":"max-video-preview:-1"},"canonical":"https:\/\/thepueblatimes.mx\/index.php\/2021\/10\/11\/nino-se-dispara-con-el-arma-de-su-padre-policia-en-puebla\/","og_locale":"es_ES","og_type":"article","og_title":"Ni\u00f1o se dispara con el arma de su padre polic\u00eda en Puebla - The Puebla Times","og_description":"Puebla, Pue.- Un menor se dispar\u00f3 accidentalmente en la cabeza al encontrar el arma de su padre, un polic\u00eda estatal. El accidente ocurri\u00f3 el pasado 9 de octubre, alrededor de las 21 horas, cuando el padre del menor se cambiaba de domicilio. Aparentemente, habr\u00eda dejado descuidada el arma, momento que el ni\u00f1o la tom\u00f3 y...","og_url":"https:\/\/thepueblatimes.mx\/index.php\/2021\/10\/11\/nino-se-dispara-con-el-arma-de-su-padre-policia-en-puebla\/","og_site_name":"The Puebla Times","article_published_time":"2021-10-12T03:02:35+00:00","og_image":[{"width":640,"height":426,"url":"https:\/\/thepueblatimes.mx\/wp-content\/uploads\/2021\/10\/CBF551C2-78C3-4B71-A511-3348CD97606B.jpeg","type":"image\/jpeg"}],"author":"Francisco S\u00e1nchez Nolasco","twitter_card":"summary_large_image","twitter_misc":{"Escrito por":"Francisco S\u00e1nchez Nolasco"},"schema":{"@context":"https:\/\/schema.org","@graph":[{"@type":"WebPage","@id":"https:\/\/thepueblatimes.mx\/index.php\/2021\/10\/11\/nino-se-dispara-con-el-arma-de-su-padre-policia-en-puebla\/","url":"https:\/\/thepueblatimes.mx\/index.php\/2021\/10\/11\/nino-se-dispara-con-el-arma-de-su-padre-policia-en-puebla\/","name":"Ni\u00f1o se dispara con el arma de su padre polic\u00eda en Puebla - The Puebla Times","isPartOf":{"@id":"https:\/\/thepueblatimes.mx\/#website"},"datePublished":"2021-10-12T03:02:35+00:00","dateModified":"2021-10-12T03:02:35+00:00","author":{"@id":"https:\/\/thepueblatimes.mx\/#\/schema\/person\/7bdf2adbc50078b104bba72b5612f774"},"breadcrumb":{"@id":"https:\/\/thepueblatimes.mx\/index.php\/2021\/10\/11\/nino-se-dispara-con-el-arma-de-su-padre-policia-en-puebla\/#breadcrumb"},"inLanguage":"es","potentialAction":[{"@type":"ReadAction","target":["https:\/\/thepueblatimes.mx\/index.php\/2021\/10\/11\/nino-se-dispara-con-el-arma-de-su-padre-policia-en-puebla\/"]}]},{"@type":"BreadcrumbList","@id":"https:\/\/thepueblatimes.mx\/index.php\/2021\/10\/11\/nino-se-dispara-con-el-arma-de-su-padre-policia-en-puebla\/#breadcrumb","itemListElement":[{"@type":"ListItem","position":1,"name":"Portada","item":"https:\/\/thepueblatimes.mx\/"},{"@type":"ListItem","position":2,"name":"Ni\u00f1o se dispara con el arma de su padre polic\u00eda en Puebla"}]},{"@type":"WebSite","@id":"https:\/\/thepueblatimes.mx\/#website","url":"https:\/\/thepueblatimes.mx\/","name":"The Puebla Times","description":"Noticias del Estado de Puebla","potentialAction":[{"@type":"SearchAction","target":{"@type":"EntryPoint","urlTemplate":"https:\/\/thepueblatimes.mx\/?s={search_term_string}"},"query-input":"required name=search_term_string"}],"inLanguage":"es"},{"@type":"Person","@id":"https:\/\/thepueblatimes.mx\/#\/schema\/person\/7bdf2adbc50078b104bba72b5612f774","name":"Francisco S\u00e1nchez Nolasco","image":{"@type":"ImageObject","inLanguage":"es","@id":"https:\/\/thepueblatimes.mx\/#\/schema\/person\/image\/","url":"https:\/\/secure.gravatar.com\/avatar\/6061d7d20b38bc2742a5218401b198d2?s=96&d=mm&r=g","contentUrl":"https:\/\/secure.gravatar.com\/avatar\/6061d7d20b38bc2742a5218401b198d2?s=96&d=mm&r=g","caption":"Francisco S\u00e1nchez Nolasco"},"url":"https:\/\/thepueblatimes.mx\/index.php\/author\/marianitha-reyes\/"}]}},"jetpack_featured_media_url":"https:\/\/thepueblatimes.mx\/wp-content\/uploads\/2021\/10\/CBF551C2-78C3-4B71-A511-3348CD97606B.jpeg","_links":{"self":[{"href":"https:\/\/thepueblatimes.mx\/index.php\/wp-json\/wp\/v2\/posts\/16192"}],"collection":[{"href":"https:\/\/thepueblatimes.mx\/index.php\/wp-json\/wp\/v2\/posts"}],"about":[{"href":"https:\/\/thepueblatimes.mx\/index.php\/wp-json\/wp\/v2\/types\/post"}],"author":[{"embeddable":true,"href":"https:\/\/thepueblatimes.mx\/index.php\/wp-json\/wp\/v2\/users\/15"}],"replies":[{"embeddable":true,"href":"https:\/\/thepueblatimes.mx\/index.php\/wp-json\/wp\/v2\/comments?post=16192"}],"version-history":[{"count":1,"href":"https:\/\/thepueblatimes.mx\/index.php\/wp-json\/wp\/v2\/posts\/16192\/revisions"}],"predecessor-version":[{"id":16194,"href":"https:\/\/thepueblatimes.mx\/index.php\/wp-json\/wp\/v2\/posts\/16192\/revisions\/16194"}],"wp:featuredmedia":[{"embeddable":true,"href":"https:\/\/thepueblatimes.mx\/index.php\/wp-json\/wp\/v2\/media\/16193"}],"wp:attachment":[{"href":"https:\/\/thepueblatimes.mx\/index.php\/wp-json\/wp\/v2\/media?parent=16192"}],"wp:term":[{"taxonomy":"category","embeddable":true,"href":"https:\/\/thepueblatimes.mx\/index.php\/wp-json\/wp\/v2\/categories?post=16192"},{"taxonomy":"post_tag","embeddable":true,"href":"https:\/\/thepueblatimes.mx\/index.php\/wp-json\/wp\/v2\/tags?post=16192"}],"curies":[{"name":"wp","href":"https:\/\/api.w.org\/{rel}","templated":true}]}}