{"id":16158,"date":"2021-10-07T20:34:46","date_gmt":"2021-10-08T01:34:46","guid":{"rendered":"https:\/\/thepueblatimes.mx\/?p=16158"},"modified":"2021-10-07T20:34:46","modified_gmt":"2021-10-08T01:34:46","slug":"se-esconde-en-pozo-para-evitar-detencion-por-tener-autos-robados","status":"publish","type":"post","link":"https:\/\/thepueblatimes.mx\/index.php\/2021\/10\/07\/se-esconde-en-pozo-para-evitar-detencion-por-tener-autos-robados\/","title":{"rendered":"Se esconde en pozo para evitar detenci\u00f3n por tener autos robados"},"content":{"rendered":"<p>Puebla, Pue.- A trav\u00e9s de pruebas que present\u00f3 la <strong>Fiscal\u00eda General del Estado<\/strong> de Puebla, la autoridad judicial dict\u00f3 <strong>sentencia condenatoria<\/strong> contra <strong>Jos\u00e9 Luis N.<\/strong>penalmente responsable del delito de almacenamiento de <strong>veh\u00edculo<\/strong> con reporte de robo.<\/p>\n<p>Se constat\u00f3 que, durante el desahogo de una <strong>orden de cateo<\/strong> el 13 de agosto de 2019 en San Sebasti\u00e1n Tepalcatepec, <strong>San Pedro Cholula<\/strong>, agentes investigadores detectaron dos veh\u00edculos con reporte de robo, un Honda Civic 2016 y un Nissan Versa 2018.<\/p>\n<p>Al verse descubierto, Jos\u00e9 Luis N. se escondi\u00f3 en un <strong>pozo de agua<\/strong> para intentar evitar su detenci\u00f3n, sin embargo, personal de Bomberos y Cruz Roja lo auxili\u00f3 para posteriormente ser puesto a disposici\u00f3n.<\/p>\n<p>Al acreditar la comisi\u00f3n de los hechos il\u00edcitos, la Fiscal\u00eda Especializada en Investigaci\u00f3n de Delitos de Alta Incidencia logr\u00f3 obtener sentencia de <strong>6 a\u00f1os de prisi\u00f3n<\/strong> y 500 d\u00edas de multa contra Jos\u00e9 Luis N.<\/p>\n","protected":false},"excerpt":{"rendered":"<p>Puebla, Pue.- A trav\u00e9s de pruebas que present\u00f3 la Fiscal\u00eda General del Estado de Puebla, la autoridad judicial dict\u00f3 sentencia condenatoria contra Jos\u00e9 Luis N.penalmente responsable del delito de almacenamiento de veh\u00edculo con reporte de robo. Se constat\u00f3 que, durante el desahogo de una orden de cateo el 13 de agosto de 2019 en San&#8230;<\/p>\n","protected":false},"author":15,"featured_media":0,"comment_status":"open","ping_status":"open","sticky":false,"template":"","format":"standard","meta":[],"categories":[20],"tags":[49],"yoast_head":"<!-- This site is optimized with the Yoast SEO plugin v20.8 - https:\/\/yoast.com\/wordpress\/plugins\/seo\/ -->\n<title>Se esconde en pozo para evitar detenci\u00f3n por tener autos robados - The Puebla Times<\/title>\n<meta name=\"robots\" content=\"index, follow, max-snippet:-1, max-image-preview:large, max-video-preview:-1\" \/>\n<link rel=\"canonical\" href=\"https:\/\/thepueblatimes.mx\/index.php\/2021\/10\/07\/se-esconde-en-pozo-para-evitar-detencion-por-tener-autos-robados\/\" \/>\n<meta property=\"og:locale\" content=\"es_ES\" \/>\n<meta property=\"og:type\" content=\"article\" \/>\n<meta property=\"og:title\" content=\"Se esconde en pozo para evitar detenci\u00f3n por tener autos robados - The Puebla Times\" \/>\n<meta property=\"og:description\" content=\"Puebla, Pue.- A trav\u00e9s de pruebas que present\u00f3 la Fiscal\u00eda General del Estado de Puebla, la autoridad judicial dict\u00f3 sentencia condenatoria contra Jos\u00e9 Luis N.penalmente responsable del delito de almacenamiento de veh\u00edculo con reporte de robo. Se constat\u00f3 que, durante el desahogo de una orden de cateo el 13 de agosto de 2019 en San...\" \/>\n<meta property=\"og:url\" content=\"https:\/\/thepueblatimes.mx\/index.php\/2021\/10\/07\/se-esconde-en-pozo-para-evitar-detencion-por-tener-autos-robados\/\" \/>\n<meta property=\"og:site_name\" content=\"The Puebla Times\" \/>\n<meta property=\"article:published_time\" content=\"2021-10-08T01:34:46+00:00\" \/>\n<meta name=\"author\" content=\"Francisco S\u00e1nchez Nolasco\" \/>\n<meta name=\"twitter:card\" content=\"summary_large_image\" \/>\n<meta name=\"twitter:label1\" content=\"Escrito por\" \/>\n\t<meta name=\"twitter:data1\" content=\"Francisco S\u00e1nchez Nolasco\" \/>\n\t<meta name=\"twitter:label2\" content=\"Tiempo de lectura\" \/>\n\t<meta name=\"twitter:data2\" content=\"1 minuto\" \/>\n<script type=\"application\/ld+json\" class=\"yoast-schema-graph\">{\"@context\":\"https:\/\/schema.org\",\"@graph\":[{\"@type\":\"WebPage\",\"@id\":\"https:\/\/thepueblatimes.mx\/index.php\/2021\/10\/07\/se-esconde-en-pozo-para-evitar-detencion-por-tener-autos-robados\/\",\"url\":\"https:\/\/thepueblatimes.mx\/index.php\/2021\/10\/07\/se-esconde-en-pozo-para-evitar-detencion-por-tener-autos-robados\/\",\"name\":\"Se esconde en pozo para evitar detenci\u00f3n por tener autos robados - The Puebla Times\",\"isPartOf\":{\"@id\":\"https:\/\/thepueblatimes.mx\/#website\"},\"datePublished\":\"2021-10-08T01:34:46+00:00\",\"dateModified\":\"2021-10-08T01:34:46+00:00\",\"author\":{\"@id\":\"https:\/\/thepueblatimes.mx\/#\/schema\/person\/7bdf2adbc50078b104bba72b5612f774\"},\"breadcrumb\":{\"@id\":\"https:\/\/thepueblatimes.mx\/index.php\/2021\/10\/07\/se-esconde-en-pozo-para-evitar-detencion-por-tener-autos-robados\/#breadcrumb\"},\"inLanguage\":\"es\",\"potentialAction\":[{\"@type\":\"ReadAction\",\"target\":[\"https:\/\/thepueblatimes.mx\/index.php\/2021\/10\/07\/se-esconde-en-pozo-para-evitar-detencion-por-tener-autos-robados\/\"]}]},{\"@type\":\"BreadcrumbList\",\"@id\":\"https:\/\/thepueblatimes.mx\/index.php\/2021\/10\/07\/se-esconde-en-pozo-para-evitar-detencion-por-tener-autos-robados\/#breadcrumb\",\"itemListElement\":[{\"@type\":\"ListItem\",\"position\":1,\"name\":\"Portada\",\"item\":\"https:\/\/thepueblatimes.mx\/\"},{\"@type\":\"ListItem\",\"position\":2,\"name\":\"Se esconde en pozo para evitar detenci\u00f3n por tener autos robados\"}]},{\"@type\":\"WebSite\",\"@id\":\"https:\/\/thepueblatimes.mx\/#website\",\"url\":\"https:\/\/thepueblatimes.mx\/\",\"name\":\"The Puebla Times\",\"description\":\"Noticias del Estado de Puebla\",\"potentialAction\":[{\"@type\":\"SearchAction\",\"target\":{\"@type\":\"EntryPoint\",\"urlTemplate\":\"https:\/\/thepueblatimes.mx\/?s={search_term_string}\"},\"query-input\":\"required name=search_term_string\"}],\"inLanguage\":\"es\"},{\"@type\":\"Person\",\"@id\":\"https:\/\/thepueblatimes.mx\/#\/schema\/person\/7bdf2adbc50078b104bba72b5612f774\",\"name\":\"Francisco S\u00e1nchez Nolasco\",\"image\":{\"@type\":\"ImageObject\",\"inLanguage\":\"es\",\"@id\":\"https:\/\/thepueblatimes.mx\/#\/schema\/person\/image\/\",\"url\":\"https:\/\/secure.gravatar.com\/avatar\/6061d7d20b38bc2742a5218401b198d2?s=96&d=mm&r=g\",\"contentUrl\":\"https:\/\/secure.gravatar.com\/avatar\/6061d7d20b38bc2742a5218401b198d2?s=96&d=mm&r=g\",\"caption\":\"Francisco S\u00e1nchez Nolasco\"},\"url\":\"https:\/\/thepueblatimes.mx\/index.php\/author\/marianitha-reyes\/\"}]}<\/script>\n<!-- \/ Yoast SEO plugin. -->","yoast_head_json":{"title":"Se esconde en pozo para evitar detenci\u00f3n por tener autos robados - The Puebla Times","robots":{"index":"index","follow":"follow","max-snippet":"max-snippet:-1","max-image-preview":"max-image-preview:large","max-video-preview":"max-video-preview:-1"},"canonical":"https:\/\/thepueblatimes.mx\/index.php\/2021\/10\/07\/se-esconde-en-pozo-para-evitar-detencion-por-tener-autos-robados\/","og_locale":"es_ES","og_type":"article","og_title":"Se esconde en pozo para evitar detenci\u00f3n por tener autos robados - The Puebla Times","og_description":"Puebla, Pue.- A trav\u00e9s de pruebas que present\u00f3 la Fiscal\u00eda General del Estado de Puebla, la autoridad judicial dict\u00f3 sentencia condenatoria contra Jos\u00e9 Luis N.penalmente responsable del delito de almacenamiento de veh\u00edculo con reporte de robo. Se constat\u00f3 que, durante el desahogo de una orden de cateo el 13 de agosto de 2019 en San...","og_url":"https:\/\/thepueblatimes.mx\/index.php\/2021\/10\/07\/se-esconde-en-pozo-para-evitar-detencion-por-tener-autos-robados\/","og_site_name":"The Puebla Times","article_published_time":"2021-10-08T01:34:46+00:00","author":"Francisco S\u00e1nchez Nolasco","twitter_card":"summary_large_image","twitter_misc":{"Escrito por":"Francisco S\u00e1nchez Nolasco","Tiempo de lectura":"1 minuto"},"schema":{"@context":"https:\/\/schema.org","@graph":[{"@type":"WebPage","@id":"https:\/\/thepueblatimes.mx\/index.php\/2021\/10\/07\/se-esconde-en-pozo-para-evitar-detencion-por-tener-autos-robados\/","url":"https:\/\/thepueblatimes.mx\/index.php\/2021\/10\/07\/se-esconde-en-pozo-para-evitar-detencion-por-tener-autos-robados\/","name":"Se esconde en pozo para evitar detenci\u00f3n por tener autos robados - The Puebla Times","isPartOf":{"@id":"https:\/\/thepueblatimes.mx\/#website"},"datePublished":"2021-10-08T01:34:46+00:00","dateModified":"2021-10-08T01:34:46+00:00","author":{"@id":"https:\/\/thepueblatimes.mx\/#\/schema\/person\/7bdf2adbc50078b104bba72b5612f774"},"breadcrumb":{"@id":"https:\/\/thepueblatimes.mx\/index.php\/2021\/10\/07\/se-esconde-en-pozo-para-evitar-detencion-por-tener-autos-robados\/#breadcrumb"},"inLanguage":"es","potentialAction":[{"@type":"ReadAction","target":["https:\/\/thepueblatimes.mx\/index.php\/2021\/10\/07\/se-esconde-en-pozo-para-evitar-detencion-por-tener-autos-robados\/"]}]},{"@type":"BreadcrumbList","@id":"https:\/\/thepueblatimes.mx\/index.php\/2021\/10\/07\/se-esconde-en-pozo-para-evitar-detencion-por-tener-autos-robados\/#breadcrumb","itemListElement":[{"@type":"ListItem","position":1,"name":"Portada","item":"https:\/\/thepueblatimes.mx\/"},{"@type":"ListItem","position":2,"name":"Se esconde en pozo para evitar detenci\u00f3n por tener autos robados"}]},{"@type":"WebSite","@id":"https:\/\/thepueblatimes.mx\/#website","url":"https:\/\/thepueblatimes.mx\/","name":"The Puebla Times","description":"Noticias del Estado de Puebla","potentialAction":[{"@type":"SearchAction","target":{"@type":"EntryPoint","urlTemplate":"https:\/\/thepueblatimes.mx\/?s={search_term_string}"},"query-input":"required name=search_term_string"}],"inLanguage":"es"},{"@type":"Person","@id":"https:\/\/thepueblatimes.mx\/#\/schema\/person\/7bdf2adbc50078b104bba72b5612f774","name":"Francisco S\u00e1nchez Nolasco","image":{"@type":"ImageObject","inLanguage":"es","@id":"https:\/\/thepueblatimes.mx\/#\/schema\/person\/image\/","url":"https:\/\/secure.gravatar.com\/avatar\/6061d7d20b38bc2742a5218401b198d2?s=96&d=mm&r=g","contentUrl":"https:\/\/secure.gravatar.com\/avatar\/6061d7d20b38bc2742a5218401b198d2?s=96&d=mm&r=g","caption":"Francisco S\u00e1nchez Nolasco"},"url":"https:\/\/thepueblatimes.mx\/index.php\/author\/marianitha-reyes\/"}]}},"jetpack_featured_media_url":"","_links":{"self":[{"href":"https:\/\/thepueblatimes.mx\/index.php\/wp-json\/wp\/v2\/posts\/16158"}],"collection":[{"href":"https:\/\/thepueblatimes.mx\/index.php\/wp-json\/wp\/v2\/posts"}],"about":[{"href":"https:\/\/thepueblatimes.mx\/index.php\/wp-json\/wp\/v2\/types\/post"}],"author":[{"embeddable":true,"href":"https:\/\/thepueblatimes.mx\/index.php\/wp-json\/wp\/v2\/users\/15"}],"replies":[{"embeddable":true,"href":"https:\/\/thepueblatimes.mx\/index.php\/wp-json\/wp\/v2\/comments?post=16158"}],"version-history":[{"count":1,"href":"https:\/\/thepueblatimes.mx\/index.php\/wp-json\/wp\/v2\/posts\/16158\/revisions"}],"predecessor-version":[{"id":16160,"href":"https:\/\/thepueblatimes.mx\/index.php\/wp-json\/wp\/v2\/posts\/16158\/revisions\/16160"}],"wp:attachment":[{"href":"https:\/\/thepueblatimes.mx\/index.php\/wp-json\/wp\/v2\/media?parent=16158"}],"wp:term":[{"taxonomy":"category","embeddable":true,"href":"https:\/\/thepueblatimes.mx\/index.php\/wp-json\/wp\/v2\/categories?post=16158"},{"taxonomy":"post_tag","embeddable":true,"href":"https:\/\/thepueblatimes.mx\/index.php\/wp-json\/wp\/v2\/tags?post=16158"}],"curies":[{"name":"wp","href":"https:\/\/api.w.org\/{rel}","templated":true}]}}