{"id":16152,"date":"2021-10-07T20:29:43","date_gmt":"2021-10-08T01:29:43","guid":{"rendered":"https:\/\/thepueblatimes.mx\/?p=16152"},"modified":"2021-10-07T20:29:43","modified_gmt":"2021-10-08T01:29:43","slug":"dejan-en-prision-a-8-policias-de-quecholac-tras-caida-de-su-edil","status":"publish","type":"post","link":"https:\/\/thepueblatimes.mx\/index.php\/2021\/10\/07\/dejan-en-prision-a-8-policias-de-quecholac-tras-caida-de-su-edil\/","title":{"rendered":"Dejan en prisi\u00f3n a 8 polic\u00edas de Quecholac tras ca\u00edda de su edil"},"content":{"rendered":"<p>Puebla, Pue.- Por ejercicio indebido de funciones y usurpaci\u00f3n de <strong>funciones p\u00fablicas<\/strong>, fueron vinculados a proceso <strong>ocho polic\u00edas municipales<\/strong> de <strong>Quecholac<\/strong>, cuyo alcalde <strong>Alejandro Mart\u00ednez Fuentes<\/strong>, tambi\u00e9n se encuentra preso.<\/p>\n<p>A trav\u00e9s de un comunicado, la <strong>Fiscal\u00eda General del Estado<\/strong> indic\u00f3 que contin\u00faa investigaciones respecto a presuntos hechos delictivos en el municipio de Quecholac.<\/p>\n<p>Refiri\u00f3 que el 01 de octubre de 2021, personal de la Agencia Estatal de Investigaci\u00f3n cumpli\u00f3 un mandamiento judicial en contra de <strong>uniformados<\/strong> en la comandancia de la Polic\u00eda Municipal.<\/p>\n<p>No\u00e9 N., Arturo N., Eduardo N., Jorge Antonio N, Selene N., Cristian Tadeo N., Eugenio N. y Lorena N., fueron las personas aprehendidas.<\/p>\n<p>De manera inicial, la autoridad judicial estableci\u00f3 <strong>prisi\u00f3n preventiva<\/strong> en contra de las ocho personas y fue este mi\u00e9rcoles 6 de octubre cuando se desarroll\u00f3 la audiencia de formulaci\u00f3n de imputaci\u00f3n.<\/p>\n","protected":false},"excerpt":{"rendered":"<p>Puebla, Pue.- Por ejercicio indebido de funciones y usurpaci\u00f3n de funciones p\u00fablicas, fueron vinculados a proceso ocho polic\u00edas municipales de Quecholac, cuyo alcalde Alejandro Mart\u00ednez Fuentes, tambi\u00e9n se encuentra preso. A trav\u00e9s de un comunicado, la Fiscal\u00eda General del Estado indic\u00f3 que contin\u00faa investigaciones respecto a presuntos hechos delictivos en el municipio de Quecholac. Refiri\u00f3&#8230;<\/p>\n","protected":false},"author":15,"featured_media":16153,"comment_status":"open","ping_status":"open","sticky":false,"template":"","format":"standard","meta":[],"categories":[20],"tags":[49],"yoast_head":"<!-- This site is optimized with the Yoast SEO plugin v20.8 - https:\/\/yoast.com\/wordpress\/plugins\/seo\/ -->\n<title>Dejan en prisi\u00f3n a 8 polic\u00edas de Quecholac tras ca\u00edda de su edil - The Puebla Times<\/title>\n<meta name=\"robots\" content=\"index, follow, max-snippet:-1, max-image-preview:large, max-video-preview:-1\" \/>\n<link rel=\"canonical\" href=\"https:\/\/thepueblatimes.mx\/index.php\/2021\/10\/07\/dejan-en-prision-a-8-policias-de-quecholac-tras-caida-de-su-edil\/\" \/>\n<meta property=\"og:locale\" content=\"es_ES\" \/>\n<meta property=\"og:type\" content=\"article\" \/>\n<meta property=\"og:title\" content=\"Dejan en prisi\u00f3n a 8 polic\u00edas de Quecholac tras ca\u00edda de su edil - The Puebla Times\" \/>\n<meta property=\"og:description\" content=\"Puebla, Pue.- Por ejercicio indebido de funciones y usurpaci\u00f3n de funciones p\u00fablicas, fueron vinculados a proceso ocho polic\u00edas municipales de Quecholac, cuyo alcalde Alejandro Mart\u00ednez Fuentes, tambi\u00e9n se encuentra preso. A trav\u00e9s de un comunicado, la Fiscal\u00eda General del Estado indic\u00f3 que contin\u00faa investigaciones respecto a presuntos hechos delictivos en el municipio de Quecholac. Refiri\u00f3...\" \/>\n<meta property=\"og:url\" content=\"https:\/\/thepueblatimes.mx\/index.php\/2021\/10\/07\/dejan-en-prision-a-8-policias-de-quecholac-tras-caida-de-su-edil\/\" \/>\n<meta property=\"og:site_name\" content=\"The Puebla Times\" \/>\n<meta property=\"article:published_time\" content=\"2021-10-08T01:29:43+00:00\" \/>\n<meta property=\"og:image\" content=\"https:\/\/thepueblatimes.mx\/wp-content\/uploads\/2021\/10\/7385EC98-D906-4FC0-9621-9C2381E05883.jpeg\" \/>\n\t<meta property=\"og:image:width\" content=\"1024\" \/>\n\t<meta property=\"og:image:height\" content=\"577\" \/>\n\t<meta property=\"og:image:type\" content=\"image\/jpeg\" \/>\n<meta name=\"author\" content=\"Francisco S\u00e1nchez Nolasco\" \/>\n<meta name=\"twitter:card\" content=\"summary_large_image\" \/>\n<meta name=\"twitter:label1\" content=\"Escrito por\" \/>\n\t<meta name=\"twitter:data1\" content=\"Francisco S\u00e1nchez Nolasco\" \/>\n\t<meta name=\"twitter:label2\" content=\"Tiempo de lectura\" \/>\n\t<meta name=\"twitter:data2\" content=\"1 minuto\" \/>\n<script type=\"application\/ld+json\" class=\"yoast-schema-graph\">{\"@context\":\"https:\/\/schema.org\",\"@graph\":[{\"@type\":\"WebPage\",\"@id\":\"https:\/\/thepueblatimes.mx\/index.php\/2021\/10\/07\/dejan-en-prision-a-8-policias-de-quecholac-tras-caida-de-su-edil\/\",\"url\":\"https:\/\/thepueblatimes.mx\/index.php\/2021\/10\/07\/dejan-en-prision-a-8-policias-de-quecholac-tras-caida-de-su-edil\/\",\"name\":\"Dejan en prisi\u00f3n a 8 polic\u00edas de Quecholac tras ca\u00edda de su edil - The Puebla Times\",\"isPartOf\":{\"@id\":\"https:\/\/thepueblatimes.mx\/#website\"},\"datePublished\":\"2021-10-08T01:29:43+00:00\",\"dateModified\":\"2021-10-08T01:29:43+00:00\",\"author\":{\"@id\":\"https:\/\/thepueblatimes.mx\/#\/schema\/person\/7bdf2adbc50078b104bba72b5612f774\"},\"breadcrumb\":{\"@id\":\"https:\/\/thepueblatimes.mx\/index.php\/2021\/10\/07\/dejan-en-prision-a-8-policias-de-quecholac-tras-caida-de-su-edil\/#breadcrumb\"},\"inLanguage\":\"es\",\"potentialAction\":[{\"@type\":\"ReadAction\",\"target\":[\"https:\/\/thepueblatimes.mx\/index.php\/2021\/10\/07\/dejan-en-prision-a-8-policias-de-quecholac-tras-caida-de-su-edil\/\"]}]},{\"@type\":\"BreadcrumbList\",\"@id\":\"https:\/\/thepueblatimes.mx\/index.php\/2021\/10\/07\/dejan-en-prision-a-8-policias-de-quecholac-tras-caida-de-su-edil\/#breadcrumb\",\"itemListElement\":[{\"@type\":\"ListItem\",\"position\":1,\"name\":\"Portada\",\"item\":\"https:\/\/thepueblatimes.mx\/\"},{\"@type\":\"ListItem\",\"position\":2,\"name\":\"Dejan en prisi\u00f3n a 8 polic\u00edas de Quecholac tras ca\u00edda de su edil\"}]},{\"@type\":\"WebSite\",\"@id\":\"https:\/\/thepueblatimes.mx\/#website\",\"url\":\"https:\/\/thepueblatimes.mx\/\",\"name\":\"The Puebla Times\",\"description\":\"Noticias del Estado de Puebla\",\"potentialAction\":[{\"@type\":\"SearchAction\",\"target\":{\"@type\":\"EntryPoint\",\"urlTemplate\":\"https:\/\/thepueblatimes.mx\/?s={search_term_string}\"},\"query-input\":\"required name=search_term_string\"}],\"inLanguage\":\"es\"},{\"@type\":\"Person\",\"@id\":\"https:\/\/thepueblatimes.mx\/#\/schema\/person\/7bdf2adbc50078b104bba72b5612f774\",\"name\":\"Francisco S\u00e1nchez Nolasco\",\"image\":{\"@type\":\"ImageObject\",\"inLanguage\":\"es\",\"@id\":\"https:\/\/thepueblatimes.mx\/#\/schema\/person\/image\/\",\"url\":\"https:\/\/secure.gravatar.com\/avatar\/6061d7d20b38bc2742a5218401b198d2?s=96&d=mm&r=g\",\"contentUrl\":\"https:\/\/secure.gravatar.com\/avatar\/6061d7d20b38bc2742a5218401b198d2?s=96&d=mm&r=g\",\"caption\":\"Francisco S\u00e1nchez Nolasco\"},\"url\":\"https:\/\/thepueblatimes.mx\/index.php\/author\/marianitha-reyes\/\"}]}<\/script>\n<!-- \/ Yoast SEO plugin. -->","yoast_head_json":{"title":"Dejan en prisi\u00f3n a 8 polic\u00edas de Quecholac tras ca\u00edda de su edil - The Puebla Times","robots":{"index":"index","follow":"follow","max-snippet":"max-snippet:-1","max-image-preview":"max-image-preview:large","max-video-preview":"max-video-preview:-1"},"canonical":"https:\/\/thepueblatimes.mx\/index.php\/2021\/10\/07\/dejan-en-prision-a-8-policias-de-quecholac-tras-caida-de-su-edil\/","og_locale":"es_ES","og_type":"article","og_title":"Dejan en prisi\u00f3n a 8 polic\u00edas de Quecholac tras ca\u00edda de su edil - The Puebla Times","og_description":"Puebla, Pue.- Por ejercicio indebido de funciones y usurpaci\u00f3n de funciones p\u00fablicas, fueron vinculados a proceso ocho polic\u00edas municipales de Quecholac, cuyo alcalde Alejandro Mart\u00ednez Fuentes, tambi\u00e9n se encuentra preso. A trav\u00e9s de un comunicado, la Fiscal\u00eda General del Estado indic\u00f3 que contin\u00faa investigaciones respecto a presuntos hechos delictivos en el municipio de Quecholac. Refiri\u00f3...","og_url":"https:\/\/thepueblatimes.mx\/index.php\/2021\/10\/07\/dejan-en-prision-a-8-policias-de-quecholac-tras-caida-de-su-edil\/","og_site_name":"The Puebla Times","article_published_time":"2021-10-08T01:29:43+00:00","og_image":[{"width":1024,"height":577,"url":"https:\/\/thepueblatimes.mx\/wp-content\/uploads\/2021\/10\/7385EC98-D906-4FC0-9621-9C2381E05883.jpeg","type":"image\/jpeg"}],"author":"Francisco S\u00e1nchez Nolasco","twitter_card":"summary_large_image","twitter_misc":{"Escrito por":"Francisco S\u00e1nchez Nolasco","Tiempo de lectura":"1 minuto"},"schema":{"@context":"https:\/\/schema.org","@graph":[{"@type":"WebPage","@id":"https:\/\/thepueblatimes.mx\/index.php\/2021\/10\/07\/dejan-en-prision-a-8-policias-de-quecholac-tras-caida-de-su-edil\/","url":"https:\/\/thepueblatimes.mx\/index.php\/2021\/10\/07\/dejan-en-prision-a-8-policias-de-quecholac-tras-caida-de-su-edil\/","name":"Dejan en prisi\u00f3n a 8 polic\u00edas de Quecholac tras ca\u00edda de su edil - The Puebla Times","isPartOf":{"@id":"https:\/\/thepueblatimes.mx\/#website"},"datePublished":"2021-10-08T01:29:43+00:00","dateModified":"2021-10-08T01:29:43+00:00","author":{"@id":"https:\/\/thepueblatimes.mx\/#\/schema\/person\/7bdf2adbc50078b104bba72b5612f774"},"breadcrumb":{"@id":"https:\/\/thepueblatimes.mx\/index.php\/2021\/10\/07\/dejan-en-prision-a-8-policias-de-quecholac-tras-caida-de-su-edil\/#breadcrumb"},"inLanguage":"es","potentialAction":[{"@type":"ReadAction","target":["https:\/\/thepueblatimes.mx\/index.php\/2021\/10\/07\/dejan-en-prision-a-8-policias-de-quecholac-tras-caida-de-su-edil\/"]}]},{"@type":"BreadcrumbList","@id":"https:\/\/thepueblatimes.mx\/index.php\/2021\/10\/07\/dejan-en-prision-a-8-policias-de-quecholac-tras-caida-de-su-edil\/#breadcrumb","itemListElement":[{"@type":"ListItem","position":1,"name":"Portada","item":"https:\/\/thepueblatimes.mx\/"},{"@type":"ListItem","position":2,"name":"Dejan en prisi\u00f3n a 8 polic\u00edas de Quecholac tras ca\u00edda de su edil"}]},{"@type":"WebSite","@id":"https:\/\/thepueblatimes.mx\/#website","url":"https:\/\/thepueblatimes.mx\/","name":"The Puebla Times","description":"Noticias del Estado de Puebla","potentialAction":[{"@type":"SearchAction","target":{"@type":"EntryPoint","urlTemplate":"https:\/\/thepueblatimes.mx\/?s={search_term_string}"},"query-input":"required name=search_term_string"}],"inLanguage":"es"},{"@type":"Person","@id":"https:\/\/thepueblatimes.mx\/#\/schema\/person\/7bdf2adbc50078b104bba72b5612f774","name":"Francisco S\u00e1nchez Nolasco","image":{"@type":"ImageObject","inLanguage":"es","@id":"https:\/\/thepueblatimes.mx\/#\/schema\/person\/image\/","url":"https:\/\/secure.gravatar.com\/avatar\/6061d7d20b38bc2742a5218401b198d2?s=96&d=mm&r=g","contentUrl":"https:\/\/secure.gravatar.com\/avatar\/6061d7d20b38bc2742a5218401b198d2?s=96&d=mm&r=g","caption":"Francisco S\u00e1nchez Nolasco"},"url":"https:\/\/thepueblatimes.mx\/index.php\/author\/marianitha-reyes\/"}]}},"jetpack_featured_media_url":"https:\/\/thepueblatimes.mx\/wp-content\/uploads\/2021\/10\/7385EC98-D906-4FC0-9621-9C2381E05883.jpeg","_links":{"self":[{"href":"https:\/\/thepueblatimes.mx\/index.php\/wp-json\/wp\/v2\/posts\/16152"}],"collection":[{"href":"https:\/\/thepueblatimes.mx\/index.php\/wp-json\/wp\/v2\/posts"}],"about":[{"href":"https:\/\/thepueblatimes.mx\/index.php\/wp-json\/wp\/v2\/types\/post"}],"author":[{"embeddable":true,"href":"https:\/\/thepueblatimes.mx\/index.php\/wp-json\/wp\/v2\/users\/15"}],"replies":[{"embeddable":true,"href":"https:\/\/thepueblatimes.mx\/index.php\/wp-json\/wp\/v2\/comments?post=16152"}],"version-history":[{"count":1,"href":"https:\/\/thepueblatimes.mx\/index.php\/wp-json\/wp\/v2\/posts\/16152\/revisions"}],"predecessor-version":[{"id":16154,"href":"https:\/\/thepueblatimes.mx\/index.php\/wp-json\/wp\/v2\/posts\/16152\/revisions\/16154"}],"wp:featuredmedia":[{"embeddable":true,"href":"https:\/\/thepueblatimes.mx\/index.php\/wp-json\/wp\/v2\/media\/16153"}],"wp:attachment":[{"href":"https:\/\/thepueblatimes.mx\/index.php\/wp-json\/wp\/v2\/media?parent=16152"}],"wp:term":[{"taxonomy":"category","embeddable":true,"href":"https:\/\/thepueblatimes.mx\/index.php\/wp-json\/wp\/v2\/categories?post=16152"},{"taxonomy":"post_tag","embeddable":true,"href":"https:\/\/thepueblatimes.mx\/index.php\/wp-json\/wp\/v2\/tags?post=16152"}],"curies":[{"name":"wp","href":"https:\/\/api.w.org\/{rel}","templated":true}]}}