{"id":16146,"date":"2021-10-07T20:25:31","date_gmt":"2021-10-08T01:25:31","guid":{"rendered":"https:\/\/thepueblatimes.mx\/?p=16146"},"modified":"2021-10-07T20:25:31","modified_gmt":"2021-10-08T01:25:31","slug":"trailer-se-voltea-en-la-entrada-a-teziutlan-y-derrama-diesel","status":"publish","type":"post","link":"https:\/\/thepueblatimes.mx\/index.php\/2021\/10\/07\/trailer-se-voltea-en-la-entrada-a-teziutlan-y-derrama-diesel\/","title":{"rendered":"Tr\u00e1iler se voltea en la entrada a Teziutl\u00e1n y derrama di\u00e9sel"},"content":{"rendered":"<p>Teziutl\u00e1n, Pue.- <strong>Esta ma\u00f1ana un tr\u00e1iler se volc\u00f3 en la entrada al municipio de Teziutl\u00e1n sobre la autopista.<\/strong><\/p>\n<p>Tras el accidente se<strong> derram\u00f3 di\u00e9sel<\/strong>, por lo que en el lugar <strong>se realizaron labores de limpieza lo que ocasionaron un tr\u00e1fico intenso.<\/strong><\/p>\n<p>Al parecer e<strong>l chofer perdi\u00f3 el control de la unidad<\/strong> cuando iba ingresando al municipio. Fue atendido por param\u00e9dicos ya que result\u00f3 con diversas heridas.<\/p>\n","protected":false},"excerpt":{"rendered":"<p>Teziutl\u00e1n, Pue.- Esta ma\u00f1ana un tr\u00e1iler se volc\u00f3 en la entrada al municipio de Teziutl\u00e1n sobre la autopista. Tras el accidente se derram\u00f3 di\u00e9sel, por lo que en el lugar se realizaron labores de limpieza lo que ocasionaron un tr\u00e1fico intenso. Al parecer el chofer perdi\u00f3 el control de la unidad cuando iba ingresando al&#8230;<\/p>\n","protected":false},"author":15,"featured_media":16147,"comment_status":"open","ping_status":"open","sticky":false,"template":"","format":"standard","meta":[],"categories":[20],"tags":[49],"yoast_head":"<!-- This site is optimized with the Yoast SEO plugin v20.8 - https:\/\/yoast.com\/wordpress\/plugins\/seo\/ -->\n<title>Tr\u00e1iler se voltea en la entrada a Teziutl\u00e1n y derrama di\u00e9sel - The Puebla Times<\/title>\n<meta name=\"robots\" content=\"index, follow, max-snippet:-1, max-image-preview:large, max-video-preview:-1\" \/>\n<link rel=\"canonical\" href=\"https:\/\/thepueblatimes.mx\/index.php\/2021\/10\/07\/trailer-se-voltea-en-la-entrada-a-teziutlan-y-derrama-diesel\/\" \/>\n<meta property=\"og:locale\" content=\"es_ES\" \/>\n<meta property=\"og:type\" content=\"article\" \/>\n<meta property=\"og:title\" content=\"Tr\u00e1iler se voltea en la entrada a Teziutl\u00e1n y derrama di\u00e9sel - The Puebla Times\" \/>\n<meta property=\"og:description\" content=\"Teziutl\u00e1n, Pue.- Esta ma\u00f1ana un tr\u00e1iler se volc\u00f3 en la entrada al municipio de Teziutl\u00e1n sobre la autopista. Tras el accidente se derram\u00f3 di\u00e9sel, por lo que en el lugar se realizaron labores de limpieza lo que ocasionaron un tr\u00e1fico intenso. Al parecer el chofer perdi\u00f3 el control de la unidad cuando iba ingresando al...\" \/>\n<meta property=\"og:url\" content=\"https:\/\/thepueblatimes.mx\/index.php\/2021\/10\/07\/trailer-se-voltea-en-la-entrada-a-teziutlan-y-derrama-diesel\/\" \/>\n<meta property=\"og:site_name\" content=\"The Puebla Times\" \/>\n<meta property=\"article:published_time\" content=\"2021-10-08T01:25:31+00:00\" \/>\n<meta property=\"og:image\" content=\"https:\/\/thepueblatimes.mx\/wp-content\/uploads\/2021\/10\/F233118D-1316-43EA-892D-2DB21C22EB11.jpeg\" \/>\n\t<meta property=\"og:image:width\" content=\"625\" \/>\n\t<meta property=\"og:image:height\" content=\"419\" \/>\n\t<meta property=\"og:image:type\" content=\"image\/jpeg\" \/>\n<meta name=\"author\" content=\"Francisco S\u00e1nchez Nolasco\" \/>\n<meta name=\"twitter:card\" content=\"summary_large_image\" \/>\n<meta name=\"twitter:label1\" content=\"Escrito por\" \/>\n\t<meta name=\"twitter:data1\" content=\"Francisco S\u00e1nchez Nolasco\" \/>\n<script type=\"application\/ld+json\" class=\"yoast-schema-graph\">{\"@context\":\"https:\/\/schema.org\",\"@graph\":[{\"@type\":\"WebPage\",\"@id\":\"https:\/\/thepueblatimes.mx\/index.php\/2021\/10\/07\/trailer-se-voltea-en-la-entrada-a-teziutlan-y-derrama-diesel\/\",\"url\":\"https:\/\/thepueblatimes.mx\/index.php\/2021\/10\/07\/trailer-se-voltea-en-la-entrada-a-teziutlan-y-derrama-diesel\/\",\"name\":\"Tr\u00e1iler se voltea en la entrada a Teziutl\u00e1n y derrama di\u00e9sel - The Puebla Times\",\"isPartOf\":{\"@id\":\"https:\/\/thepueblatimes.mx\/#website\"},\"datePublished\":\"2021-10-08T01:25:31+00:00\",\"dateModified\":\"2021-10-08T01:25:31+00:00\",\"author\":{\"@id\":\"https:\/\/thepueblatimes.mx\/#\/schema\/person\/7bdf2adbc50078b104bba72b5612f774\"},\"breadcrumb\":{\"@id\":\"https:\/\/thepueblatimes.mx\/index.php\/2021\/10\/07\/trailer-se-voltea-en-la-entrada-a-teziutlan-y-derrama-diesel\/#breadcrumb\"},\"inLanguage\":\"es\",\"potentialAction\":[{\"@type\":\"ReadAction\",\"target\":[\"https:\/\/thepueblatimes.mx\/index.php\/2021\/10\/07\/trailer-se-voltea-en-la-entrada-a-teziutlan-y-derrama-diesel\/\"]}]},{\"@type\":\"BreadcrumbList\",\"@id\":\"https:\/\/thepueblatimes.mx\/index.php\/2021\/10\/07\/trailer-se-voltea-en-la-entrada-a-teziutlan-y-derrama-diesel\/#breadcrumb\",\"itemListElement\":[{\"@type\":\"ListItem\",\"position\":1,\"name\":\"Portada\",\"item\":\"https:\/\/thepueblatimes.mx\/\"},{\"@type\":\"ListItem\",\"position\":2,\"name\":\"Tr\u00e1iler se voltea en la entrada a Teziutl\u00e1n y derrama di\u00e9sel\"}]},{\"@type\":\"WebSite\",\"@id\":\"https:\/\/thepueblatimes.mx\/#website\",\"url\":\"https:\/\/thepueblatimes.mx\/\",\"name\":\"The Puebla Times\",\"description\":\"Noticias del Estado de Puebla\",\"potentialAction\":[{\"@type\":\"SearchAction\",\"target\":{\"@type\":\"EntryPoint\",\"urlTemplate\":\"https:\/\/thepueblatimes.mx\/?s={search_term_string}\"},\"query-input\":\"required name=search_term_string\"}],\"inLanguage\":\"es\"},{\"@type\":\"Person\",\"@id\":\"https:\/\/thepueblatimes.mx\/#\/schema\/person\/7bdf2adbc50078b104bba72b5612f774\",\"name\":\"Francisco S\u00e1nchez Nolasco\",\"image\":{\"@type\":\"ImageObject\",\"inLanguage\":\"es\",\"@id\":\"https:\/\/thepueblatimes.mx\/#\/schema\/person\/image\/\",\"url\":\"https:\/\/secure.gravatar.com\/avatar\/6061d7d20b38bc2742a5218401b198d2?s=96&d=mm&r=g\",\"contentUrl\":\"https:\/\/secure.gravatar.com\/avatar\/6061d7d20b38bc2742a5218401b198d2?s=96&d=mm&r=g\",\"caption\":\"Francisco S\u00e1nchez Nolasco\"},\"url\":\"https:\/\/thepueblatimes.mx\/index.php\/author\/marianitha-reyes\/\"}]}<\/script>\n<!-- \/ Yoast SEO plugin. -->","yoast_head_json":{"title":"Tr\u00e1iler se voltea en la entrada a Teziutl\u00e1n y derrama di\u00e9sel - The Puebla Times","robots":{"index":"index","follow":"follow","max-snippet":"max-snippet:-1","max-image-preview":"max-image-preview:large","max-video-preview":"max-video-preview:-1"},"canonical":"https:\/\/thepueblatimes.mx\/index.php\/2021\/10\/07\/trailer-se-voltea-en-la-entrada-a-teziutlan-y-derrama-diesel\/","og_locale":"es_ES","og_type":"article","og_title":"Tr\u00e1iler se voltea en la entrada a Teziutl\u00e1n y derrama di\u00e9sel - The Puebla Times","og_description":"Teziutl\u00e1n, Pue.- Esta ma\u00f1ana un tr\u00e1iler se volc\u00f3 en la entrada al municipio de Teziutl\u00e1n sobre la autopista. Tras el accidente se derram\u00f3 di\u00e9sel, por lo que en el lugar se realizaron labores de limpieza lo que ocasionaron un tr\u00e1fico intenso. Al parecer el chofer perdi\u00f3 el control de la unidad cuando iba ingresando al...","og_url":"https:\/\/thepueblatimes.mx\/index.php\/2021\/10\/07\/trailer-se-voltea-en-la-entrada-a-teziutlan-y-derrama-diesel\/","og_site_name":"The Puebla Times","article_published_time":"2021-10-08T01:25:31+00:00","og_image":[{"width":625,"height":419,"url":"https:\/\/thepueblatimes.mx\/wp-content\/uploads\/2021\/10\/F233118D-1316-43EA-892D-2DB21C22EB11.jpeg","type":"image\/jpeg"}],"author":"Francisco S\u00e1nchez Nolasco","twitter_card":"summary_large_image","twitter_misc":{"Escrito por":"Francisco S\u00e1nchez Nolasco"},"schema":{"@context":"https:\/\/schema.org","@graph":[{"@type":"WebPage","@id":"https:\/\/thepueblatimes.mx\/index.php\/2021\/10\/07\/trailer-se-voltea-en-la-entrada-a-teziutlan-y-derrama-diesel\/","url":"https:\/\/thepueblatimes.mx\/index.php\/2021\/10\/07\/trailer-se-voltea-en-la-entrada-a-teziutlan-y-derrama-diesel\/","name":"Tr\u00e1iler se voltea en la entrada a Teziutl\u00e1n y derrama di\u00e9sel - The Puebla Times","isPartOf":{"@id":"https:\/\/thepueblatimes.mx\/#website"},"datePublished":"2021-10-08T01:25:31+00:00","dateModified":"2021-10-08T01:25:31+00:00","author":{"@id":"https:\/\/thepueblatimes.mx\/#\/schema\/person\/7bdf2adbc50078b104bba72b5612f774"},"breadcrumb":{"@id":"https:\/\/thepueblatimes.mx\/index.php\/2021\/10\/07\/trailer-se-voltea-en-la-entrada-a-teziutlan-y-derrama-diesel\/#breadcrumb"},"inLanguage":"es","potentialAction":[{"@type":"ReadAction","target":["https:\/\/thepueblatimes.mx\/index.php\/2021\/10\/07\/trailer-se-voltea-en-la-entrada-a-teziutlan-y-derrama-diesel\/"]}]},{"@type":"BreadcrumbList","@id":"https:\/\/thepueblatimes.mx\/index.php\/2021\/10\/07\/trailer-se-voltea-en-la-entrada-a-teziutlan-y-derrama-diesel\/#breadcrumb","itemListElement":[{"@type":"ListItem","position":1,"name":"Portada","item":"https:\/\/thepueblatimes.mx\/"},{"@type":"ListItem","position":2,"name":"Tr\u00e1iler se voltea en la entrada a Teziutl\u00e1n y derrama di\u00e9sel"}]},{"@type":"WebSite","@id":"https:\/\/thepueblatimes.mx\/#website","url":"https:\/\/thepueblatimes.mx\/","name":"The Puebla Times","description":"Noticias del Estado de Puebla","potentialAction":[{"@type":"SearchAction","target":{"@type":"EntryPoint","urlTemplate":"https:\/\/thepueblatimes.mx\/?s={search_term_string}"},"query-input":"required name=search_term_string"}],"inLanguage":"es"},{"@type":"Person","@id":"https:\/\/thepueblatimes.mx\/#\/schema\/person\/7bdf2adbc50078b104bba72b5612f774","name":"Francisco S\u00e1nchez Nolasco","image":{"@type":"ImageObject","inLanguage":"es","@id":"https:\/\/thepueblatimes.mx\/#\/schema\/person\/image\/","url":"https:\/\/secure.gravatar.com\/avatar\/6061d7d20b38bc2742a5218401b198d2?s=96&d=mm&r=g","contentUrl":"https:\/\/secure.gravatar.com\/avatar\/6061d7d20b38bc2742a5218401b198d2?s=96&d=mm&r=g","caption":"Francisco S\u00e1nchez Nolasco"},"url":"https:\/\/thepueblatimes.mx\/index.php\/author\/marianitha-reyes\/"}]}},"jetpack_featured_media_url":"https:\/\/thepueblatimes.mx\/wp-content\/uploads\/2021\/10\/F233118D-1316-43EA-892D-2DB21C22EB11.jpeg","_links":{"self":[{"href":"https:\/\/thepueblatimes.mx\/index.php\/wp-json\/wp\/v2\/posts\/16146"}],"collection":[{"href":"https:\/\/thepueblatimes.mx\/index.php\/wp-json\/wp\/v2\/posts"}],"about":[{"href":"https:\/\/thepueblatimes.mx\/index.php\/wp-json\/wp\/v2\/types\/post"}],"author":[{"embeddable":true,"href":"https:\/\/thepueblatimes.mx\/index.php\/wp-json\/wp\/v2\/users\/15"}],"replies":[{"embeddable":true,"href":"https:\/\/thepueblatimes.mx\/index.php\/wp-json\/wp\/v2\/comments?post=16146"}],"version-history":[{"count":1,"href":"https:\/\/thepueblatimes.mx\/index.php\/wp-json\/wp\/v2\/posts\/16146\/revisions"}],"predecessor-version":[{"id":16148,"href":"https:\/\/thepueblatimes.mx\/index.php\/wp-json\/wp\/v2\/posts\/16146\/revisions\/16148"}],"wp:featuredmedia":[{"embeddable":true,"href":"https:\/\/thepueblatimes.mx\/index.php\/wp-json\/wp\/v2\/media\/16147"}],"wp:attachment":[{"href":"https:\/\/thepueblatimes.mx\/index.php\/wp-json\/wp\/v2\/media?parent=16146"}],"wp:term":[{"taxonomy":"category","embeddable":true,"href":"https:\/\/thepueblatimes.mx\/index.php\/wp-json\/wp\/v2\/categories?post=16146"},{"taxonomy":"post_tag","embeddable":true,"href":"https:\/\/thepueblatimes.mx\/index.php\/wp-json\/wp\/v2\/tags?post=16146"}],"curies":[{"name":"wp","href":"https:\/\/api.w.org\/{rel}","templated":true}]}}