{"id":16143,"date":"2021-10-07T20:23:28","date_gmt":"2021-10-08T01:23:28","guid":{"rendered":"https:\/\/thepueblatimes.mx\/?p=16143"},"modified":"2021-10-07T20:23:28","modified_gmt":"2021-10-08T01:23:28","slug":"viola-a-sobrino-con-el-engano-de-comprarle-un-regalo-en-puebla","status":"publish","type":"post","link":"https:\/\/thepueblatimes.mx\/index.php\/2021\/10\/07\/viola-a-sobrino-con-el-engano-de-comprarle-un-regalo-en-puebla\/","title":{"rendered":"Viola a sobrino con el enga\u00f1o de comprarle un regalo en Puebla"},"content":{"rendered":"<p>Puebla, Pue.- La <strong>Fiscal\u00eda General del Estado<\/strong> aprehendi\u00f3 y obtuvo la vinculaci\u00f3n a proceso de <strong>Jorge Abraham<\/strong> N. de 32 a\u00f1os, investigado por su presunta responsabilidad en el delito de <strong>violaci\u00f3n equiparada<\/strong> de su <strong>sobrino<\/strong> menor de edad.<\/p>\n<p>El imputado fue detenido por agentes investigadores el 29 de septiembre de 2021 en la junta auxiliar de <strong>San Baltazar Campeche<\/strong>, Puebla.<\/p>\n<p>Lo anterior se deriva de una denuncia presentada el 14 de septiembre del 2021 en la que es se\u00f1alado de atacar en diversas ocasiones a su sobrino; la primera vez habr\u00eda ocurrido cuando el ni\u00f1o contaba con <strong>9 a\u00f1os de edad<\/strong> y se encontraba en casa de su t\u00eda.<\/p>\n<p>En febrero de 2021 Jorge Abraham N. volvi\u00f3 a violentarlo tras convencerlo de ir con \u00e9l para que le comprara un <strong>regalo de cumplea\u00f1os.<\/strong><\/p>\n<p>La Fiscal\u00eda Especializada en Investigaci\u00f3n de Delitos de Violencia de G\u00e9nero contra las Mujeres obtuvo su vinculaci\u00f3n a proceso 15 d\u00edas despu\u00e9s de que tom\u00f3 conocimiento del caso. El Juez de Control le impuso a Jorge Abraham N. la medida cautelar de prisi\u00f3n preventiva oficiosa.<\/p>\n","protected":false},"excerpt":{"rendered":"<p>Puebla, Pue.- La Fiscal\u00eda General del Estado aprehendi\u00f3 y obtuvo la vinculaci\u00f3n a proceso de Jorge Abraham N. de 32 a\u00f1os, investigado por su presunta responsabilidad en el delito de violaci\u00f3n equiparada de su sobrino menor de edad. El imputado fue detenido por agentes investigadores el 29 de septiembre de 2021 en la junta auxiliar&#8230;<\/p>\n","protected":false},"author":15,"featured_media":16144,"comment_status":"open","ping_status":"open","sticky":false,"template":"","format":"standard","meta":[],"categories":[20],"tags":[49],"yoast_head":"<!-- This site is optimized with the Yoast SEO plugin v20.8 - https:\/\/yoast.com\/wordpress\/plugins\/seo\/ -->\n<title>Viola a sobrino con el enga\u00f1o de comprarle un regalo en Puebla - The Puebla Times<\/title>\n<meta name=\"robots\" content=\"index, follow, max-snippet:-1, max-image-preview:large, max-video-preview:-1\" \/>\n<link rel=\"canonical\" href=\"https:\/\/thepueblatimes.mx\/index.php\/2021\/10\/07\/viola-a-sobrino-con-el-engano-de-comprarle-un-regalo-en-puebla\/\" \/>\n<meta property=\"og:locale\" content=\"es_ES\" \/>\n<meta property=\"og:type\" content=\"article\" \/>\n<meta property=\"og:title\" content=\"Viola a sobrino con el enga\u00f1o de comprarle un regalo en Puebla - The Puebla Times\" \/>\n<meta property=\"og:description\" content=\"Puebla, Pue.- La Fiscal\u00eda General del Estado aprehendi\u00f3 y obtuvo la vinculaci\u00f3n a proceso de Jorge Abraham N. de 32 a\u00f1os, investigado por su presunta responsabilidad en el delito de violaci\u00f3n equiparada de su sobrino menor de edad. El imputado fue detenido por agentes investigadores el 29 de septiembre de 2021 en la junta auxiliar...\" \/>\n<meta property=\"og:url\" content=\"https:\/\/thepueblatimes.mx\/index.php\/2021\/10\/07\/viola-a-sobrino-con-el-engano-de-comprarle-un-regalo-en-puebla\/\" \/>\n<meta property=\"og:site_name\" content=\"The Puebla Times\" \/>\n<meta property=\"article:published_time\" content=\"2021-10-08T01:23:28+00:00\" \/>\n<meta property=\"og:image\" content=\"https:\/\/thepueblatimes.mx\/wp-content\/uploads\/2021\/10\/FC7BC739-B961-4C23-BBDD-4CC388DFBEFB.jpeg\" \/>\n\t<meta property=\"og:image:width\" content=\"1920\" \/>\n\t<meta property=\"og:image:height\" content=\"1080\" \/>\n\t<meta property=\"og:image:type\" content=\"image\/jpeg\" \/>\n<meta name=\"author\" content=\"Francisco S\u00e1nchez Nolasco\" \/>\n<meta name=\"twitter:card\" content=\"summary_large_image\" \/>\n<meta name=\"twitter:label1\" content=\"Escrito por\" \/>\n\t<meta name=\"twitter:data1\" content=\"Francisco S\u00e1nchez Nolasco\" \/>\n\t<meta name=\"twitter:label2\" content=\"Tiempo de lectura\" \/>\n\t<meta name=\"twitter:data2\" content=\"1 minuto\" \/>\n<script type=\"application\/ld+json\" class=\"yoast-schema-graph\">{\"@context\":\"https:\/\/schema.org\",\"@graph\":[{\"@type\":\"WebPage\",\"@id\":\"https:\/\/thepueblatimes.mx\/index.php\/2021\/10\/07\/viola-a-sobrino-con-el-engano-de-comprarle-un-regalo-en-puebla\/\",\"url\":\"https:\/\/thepueblatimes.mx\/index.php\/2021\/10\/07\/viola-a-sobrino-con-el-engano-de-comprarle-un-regalo-en-puebla\/\",\"name\":\"Viola a sobrino con el enga\u00f1o de comprarle un regalo en Puebla - The Puebla Times\",\"isPartOf\":{\"@id\":\"https:\/\/thepueblatimes.mx\/#website\"},\"datePublished\":\"2021-10-08T01:23:28+00:00\",\"dateModified\":\"2021-10-08T01:23:28+00:00\",\"author\":{\"@id\":\"https:\/\/thepueblatimes.mx\/#\/schema\/person\/7bdf2adbc50078b104bba72b5612f774\"},\"breadcrumb\":{\"@id\":\"https:\/\/thepueblatimes.mx\/index.php\/2021\/10\/07\/viola-a-sobrino-con-el-engano-de-comprarle-un-regalo-en-puebla\/#breadcrumb\"},\"inLanguage\":\"es\",\"potentialAction\":[{\"@type\":\"ReadAction\",\"target\":[\"https:\/\/thepueblatimes.mx\/index.php\/2021\/10\/07\/viola-a-sobrino-con-el-engano-de-comprarle-un-regalo-en-puebla\/\"]}]},{\"@type\":\"BreadcrumbList\",\"@id\":\"https:\/\/thepueblatimes.mx\/index.php\/2021\/10\/07\/viola-a-sobrino-con-el-engano-de-comprarle-un-regalo-en-puebla\/#breadcrumb\",\"itemListElement\":[{\"@type\":\"ListItem\",\"position\":1,\"name\":\"Portada\",\"item\":\"https:\/\/thepueblatimes.mx\/\"},{\"@type\":\"ListItem\",\"position\":2,\"name\":\"Viola a sobrino con el enga\u00f1o de comprarle un regalo en Puebla\"}]},{\"@type\":\"WebSite\",\"@id\":\"https:\/\/thepueblatimes.mx\/#website\",\"url\":\"https:\/\/thepueblatimes.mx\/\",\"name\":\"The Puebla Times\",\"description\":\"Noticias del Estado de Puebla\",\"potentialAction\":[{\"@type\":\"SearchAction\",\"target\":{\"@type\":\"EntryPoint\",\"urlTemplate\":\"https:\/\/thepueblatimes.mx\/?s={search_term_string}\"},\"query-input\":\"required name=search_term_string\"}],\"inLanguage\":\"es\"},{\"@type\":\"Person\",\"@id\":\"https:\/\/thepueblatimes.mx\/#\/schema\/person\/7bdf2adbc50078b104bba72b5612f774\",\"name\":\"Francisco S\u00e1nchez Nolasco\",\"image\":{\"@type\":\"ImageObject\",\"inLanguage\":\"es\",\"@id\":\"https:\/\/thepueblatimes.mx\/#\/schema\/person\/image\/\",\"url\":\"https:\/\/secure.gravatar.com\/avatar\/6061d7d20b38bc2742a5218401b198d2?s=96&d=mm&r=g\",\"contentUrl\":\"https:\/\/secure.gravatar.com\/avatar\/6061d7d20b38bc2742a5218401b198d2?s=96&d=mm&r=g\",\"caption\":\"Francisco S\u00e1nchez Nolasco\"},\"url\":\"https:\/\/thepueblatimes.mx\/index.php\/author\/marianitha-reyes\/\"}]}<\/script>\n<!-- \/ Yoast SEO plugin. -->","yoast_head_json":{"title":"Viola a sobrino con el enga\u00f1o de comprarle un regalo en Puebla - The Puebla Times","robots":{"index":"index","follow":"follow","max-snippet":"max-snippet:-1","max-image-preview":"max-image-preview:large","max-video-preview":"max-video-preview:-1"},"canonical":"https:\/\/thepueblatimes.mx\/index.php\/2021\/10\/07\/viola-a-sobrino-con-el-engano-de-comprarle-un-regalo-en-puebla\/","og_locale":"es_ES","og_type":"article","og_title":"Viola a sobrino con el enga\u00f1o de comprarle un regalo en Puebla - The Puebla Times","og_description":"Puebla, Pue.- La Fiscal\u00eda General del Estado aprehendi\u00f3 y obtuvo la vinculaci\u00f3n a proceso de Jorge Abraham N. de 32 a\u00f1os, investigado por su presunta responsabilidad en el delito de violaci\u00f3n equiparada de su sobrino menor de edad. El imputado fue detenido por agentes investigadores el 29 de septiembre de 2021 en la junta auxiliar...","og_url":"https:\/\/thepueblatimes.mx\/index.php\/2021\/10\/07\/viola-a-sobrino-con-el-engano-de-comprarle-un-regalo-en-puebla\/","og_site_name":"The Puebla Times","article_published_time":"2021-10-08T01:23:28+00:00","og_image":[{"width":1920,"height":1080,"url":"https:\/\/thepueblatimes.mx\/wp-content\/uploads\/2021\/10\/FC7BC739-B961-4C23-BBDD-4CC388DFBEFB.jpeg","type":"image\/jpeg"}],"author":"Francisco S\u00e1nchez Nolasco","twitter_card":"summary_large_image","twitter_misc":{"Escrito por":"Francisco S\u00e1nchez Nolasco","Tiempo de lectura":"1 minuto"},"schema":{"@context":"https:\/\/schema.org","@graph":[{"@type":"WebPage","@id":"https:\/\/thepueblatimes.mx\/index.php\/2021\/10\/07\/viola-a-sobrino-con-el-engano-de-comprarle-un-regalo-en-puebla\/","url":"https:\/\/thepueblatimes.mx\/index.php\/2021\/10\/07\/viola-a-sobrino-con-el-engano-de-comprarle-un-regalo-en-puebla\/","name":"Viola a sobrino con el enga\u00f1o de comprarle un regalo en Puebla - The Puebla Times","isPartOf":{"@id":"https:\/\/thepueblatimes.mx\/#website"},"datePublished":"2021-10-08T01:23:28+00:00","dateModified":"2021-10-08T01:23:28+00:00","author":{"@id":"https:\/\/thepueblatimes.mx\/#\/schema\/person\/7bdf2adbc50078b104bba72b5612f774"},"breadcrumb":{"@id":"https:\/\/thepueblatimes.mx\/index.php\/2021\/10\/07\/viola-a-sobrino-con-el-engano-de-comprarle-un-regalo-en-puebla\/#breadcrumb"},"inLanguage":"es","potentialAction":[{"@type":"ReadAction","target":["https:\/\/thepueblatimes.mx\/index.php\/2021\/10\/07\/viola-a-sobrino-con-el-engano-de-comprarle-un-regalo-en-puebla\/"]}]},{"@type":"BreadcrumbList","@id":"https:\/\/thepueblatimes.mx\/index.php\/2021\/10\/07\/viola-a-sobrino-con-el-engano-de-comprarle-un-regalo-en-puebla\/#breadcrumb","itemListElement":[{"@type":"ListItem","position":1,"name":"Portada","item":"https:\/\/thepueblatimes.mx\/"},{"@type":"ListItem","position":2,"name":"Viola a sobrino con el enga\u00f1o de comprarle un regalo en Puebla"}]},{"@type":"WebSite","@id":"https:\/\/thepueblatimes.mx\/#website","url":"https:\/\/thepueblatimes.mx\/","name":"The Puebla Times","description":"Noticias del Estado de Puebla","potentialAction":[{"@type":"SearchAction","target":{"@type":"EntryPoint","urlTemplate":"https:\/\/thepueblatimes.mx\/?s={search_term_string}"},"query-input":"required name=search_term_string"}],"inLanguage":"es"},{"@type":"Person","@id":"https:\/\/thepueblatimes.mx\/#\/schema\/person\/7bdf2adbc50078b104bba72b5612f774","name":"Francisco S\u00e1nchez Nolasco","image":{"@type":"ImageObject","inLanguage":"es","@id":"https:\/\/thepueblatimes.mx\/#\/schema\/person\/image\/","url":"https:\/\/secure.gravatar.com\/avatar\/6061d7d20b38bc2742a5218401b198d2?s=96&d=mm&r=g","contentUrl":"https:\/\/secure.gravatar.com\/avatar\/6061d7d20b38bc2742a5218401b198d2?s=96&d=mm&r=g","caption":"Francisco S\u00e1nchez Nolasco"},"url":"https:\/\/thepueblatimes.mx\/index.php\/author\/marianitha-reyes\/"}]}},"jetpack_featured_media_url":"https:\/\/thepueblatimes.mx\/wp-content\/uploads\/2021\/10\/FC7BC739-B961-4C23-BBDD-4CC388DFBEFB.jpeg","_links":{"self":[{"href":"https:\/\/thepueblatimes.mx\/index.php\/wp-json\/wp\/v2\/posts\/16143"}],"collection":[{"href":"https:\/\/thepueblatimes.mx\/index.php\/wp-json\/wp\/v2\/posts"}],"about":[{"href":"https:\/\/thepueblatimes.mx\/index.php\/wp-json\/wp\/v2\/types\/post"}],"author":[{"embeddable":true,"href":"https:\/\/thepueblatimes.mx\/index.php\/wp-json\/wp\/v2\/users\/15"}],"replies":[{"embeddable":true,"href":"https:\/\/thepueblatimes.mx\/index.php\/wp-json\/wp\/v2\/comments?post=16143"}],"version-history":[{"count":1,"href":"https:\/\/thepueblatimes.mx\/index.php\/wp-json\/wp\/v2\/posts\/16143\/revisions"}],"predecessor-version":[{"id":16145,"href":"https:\/\/thepueblatimes.mx\/index.php\/wp-json\/wp\/v2\/posts\/16143\/revisions\/16145"}],"wp:featuredmedia":[{"embeddable":true,"href":"https:\/\/thepueblatimes.mx\/index.php\/wp-json\/wp\/v2\/media\/16144"}],"wp:attachment":[{"href":"https:\/\/thepueblatimes.mx\/index.php\/wp-json\/wp\/v2\/media?parent=16143"}],"wp:term":[{"taxonomy":"category","embeddable":true,"href":"https:\/\/thepueblatimes.mx\/index.php\/wp-json\/wp\/v2\/categories?post=16143"},{"taxonomy":"post_tag","embeddable":true,"href":"https:\/\/thepueblatimes.mx\/index.php\/wp-json\/wp\/v2\/tags?post=16143"}],"curies":[{"name":"wp","href":"https:\/\/api.w.org\/{rel}","templated":true}]}}