{"id":16136,"date":"2021-10-06T23:59:41","date_gmt":"2021-10-07T04:59:41","guid":{"rendered":"https:\/\/thepueblatimes.mx\/?p=16136"},"modified":"2021-10-06T23:59:41","modified_gmt":"2021-10-07T04:59:41","slug":"asaltan-y-golpean-a-mujer-en-amozoc","status":"publish","type":"post","link":"https:\/\/thepueblatimes.mx\/index.php\/2021\/10\/06\/asaltan-y-golpean-a-mujer-en-amozoc\/","title":{"rendered":"Asaltan y golpean a mujer en Amozoc"},"content":{"rendered":"<p>Amozoc, Puebla.\u00a0\u201cEl Movimiento Antorchista en Amozoc<strong> exige m\u00e1s seguridad p\u00fablica en el municipio, ya que cada vez es m\u00e1s inseguro vivir aqu\u00ed<\/strong>\u201d, dijo Adri\u00e1n Gonz\u00e1lez Ortega, l\u00edder del Movimiento Antorchista en la zona.<\/p>\n<p><strong>Inform\u00f3 que Erika M. responsable de la colonia Clara C\u00f3rdova, fue asaltada y brutalmente golpeada.<\/strong><\/p>\n<p>\u201cNosotros creemos que una de las posibilidades es que la hayan asaltado, pero todo cambia cuando la compa\u00f1era que iba acompa\u00f1ada por otros dos j\u00f3venes, ella fue la \u00fanica que result\u00f3 herida de una manera tan brutal que hasta le deformaron la cara\u201d.<\/p>\n<p>Agreg\u00f3 que el presidente Mario de la Rosa no ha querido resolver las demandas del Movimiento Antorchista en el municipio y que una de esas es la seguridad en todo el municipio.<\/p>\n<p>\u201cNosotros desde el inicio hemos dado a conocer que en el gobierno de Mario se ha incrementado la delincuencia y que adem\u00e1s es uno de los municipios m\u00e1s inseguros del estado y es la hora en que el municipio no se pone a trabajar\u201d, dijo.<\/p>\n","protected":false},"excerpt":{"rendered":"<p>Amozoc, Puebla.\u00a0\u201cEl Movimiento Antorchista en Amozoc exige m\u00e1s seguridad p\u00fablica en el municipio, ya que cada vez es m\u00e1s inseguro vivir aqu\u00ed\u201d, dijo Adri\u00e1n Gonz\u00e1lez Ortega, l\u00edder del Movimiento Antorchista en la zona. Inform\u00f3 que Erika M. responsable de la colonia Clara C\u00f3rdova, fue asaltada y brutalmente golpeada. \u201cNosotros creemos que una de las posibilidades&#8230;<\/p>\n","protected":false},"author":15,"featured_media":16137,"comment_status":"open","ping_status":"open","sticky":false,"template":"","format":"standard","meta":[],"categories":[20],"tags":[],"yoast_head":"<!-- This site is optimized with the Yoast SEO plugin v20.8 - https:\/\/yoast.com\/wordpress\/plugins\/seo\/ -->\n<title>Asaltan y golpean a mujer en Amozoc - The Puebla Times<\/title>\n<meta name=\"robots\" content=\"index, follow, max-snippet:-1, max-image-preview:large, max-video-preview:-1\" \/>\n<link rel=\"canonical\" href=\"https:\/\/thepueblatimes.mx\/index.php\/2021\/10\/06\/asaltan-y-golpean-a-mujer-en-amozoc\/\" \/>\n<meta property=\"og:locale\" content=\"es_ES\" \/>\n<meta property=\"og:type\" content=\"article\" \/>\n<meta property=\"og:title\" content=\"Asaltan y golpean a mujer en Amozoc - The Puebla Times\" \/>\n<meta property=\"og:description\" content=\"Amozoc, Puebla.\u00a0\u201cEl Movimiento Antorchista en Amozoc exige m\u00e1s seguridad p\u00fablica en el municipio, ya que cada vez es m\u00e1s inseguro vivir aqu\u00ed\u201d, dijo Adri\u00e1n Gonz\u00e1lez Ortega, l\u00edder del Movimiento Antorchista en la zona. Inform\u00f3 que Erika M. responsable de la colonia Clara C\u00f3rdova, fue asaltada y brutalmente golpeada. \u201cNosotros creemos que una de las posibilidades...\" \/>\n<meta property=\"og:url\" content=\"https:\/\/thepueblatimes.mx\/index.php\/2021\/10\/06\/asaltan-y-golpean-a-mujer-en-amozoc\/\" \/>\n<meta property=\"og:site_name\" content=\"The Puebla Times\" \/>\n<meta property=\"article:published_time\" content=\"2021-10-07T04:59:41+00:00\" \/>\n<meta property=\"og:image\" content=\"https:\/\/thepueblatimes.mx\/wp-content\/uploads\/2021\/10\/6DE053A3-E0AF-49A2-966A-89DAF4ADCF95.jpeg\" \/>\n\t<meta property=\"og:image:width\" content=\"650\" \/>\n\t<meta property=\"og:image:height\" content=\"437\" \/>\n\t<meta property=\"og:image:type\" content=\"image\/jpeg\" \/>\n<meta name=\"author\" content=\"Francisco S\u00e1nchez Nolasco\" \/>\n<meta name=\"twitter:card\" content=\"summary_large_image\" \/>\n<meta name=\"twitter:label1\" content=\"Escrito por\" \/>\n\t<meta name=\"twitter:data1\" content=\"Francisco S\u00e1nchez Nolasco\" \/>\n\t<meta name=\"twitter:label2\" content=\"Tiempo de lectura\" \/>\n\t<meta name=\"twitter:data2\" content=\"1 minuto\" \/>\n<script type=\"application\/ld+json\" class=\"yoast-schema-graph\">{\"@context\":\"https:\/\/schema.org\",\"@graph\":[{\"@type\":\"WebPage\",\"@id\":\"https:\/\/thepueblatimes.mx\/index.php\/2021\/10\/06\/asaltan-y-golpean-a-mujer-en-amozoc\/\",\"url\":\"https:\/\/thepueblatimes.mx\/index.php\/2021\/10\/06\/asaltan-y-golpean-a-mujer-en-amozoc\/\",\"name\":\"Asaltan y golpean a mujer en Amozoc - The Puebla Times\",\"isPartOf\":{\"@id\":\"https:\/\/thepueblatimes.mx\/#website\"},\"datePublished\":\"2021-10-07T04:59:41+00:00\",\"dateModified\":\"2021-10-07T04:59:41+00:00\",\"author\":{\"@id\":\"https:\/\/thepueblatimes.mx\/#\/schema\/person\/7bdf2adbc50078b104bba72b5612f774\"},\"breadcrumb\":{\"@id\":\"https:\/\/thepueblatimes.mx\/index.php\/2021\/10\/06\/asaltan-y-golpean-a-mujer-en-amozoc\/#breadcrumb\"},\"inLanguage\":\"es\",\"potentialAction\":[{\"@type\":\"ReadAction\",\"target\":[\"https:\/\/thepueblatimes.mx\/index.php\/2021\/10\/06\/asaltan-y-golpean-a-mujer-en-amozoc\/\"]}]},{\"@type\":\"BreadcrumbList\",\"@id\":\"https:\/\/thepueblatimes.mx\/index.php\/2021\/10\/06\/asaltan-y-golpean-a-mujer-en-amozoc\/#breadcrumb\",\"itemListElement\":[{\"@type\":\"ListItem\",\"position\":1,\"name\":\"Portada\",\"item\":\"https:\/\/thepueblatimes.mx\/\"},{\"@type\":\"ListItem\",\"position\":2,\"name\":\"Asaltan y golpean a mujer en Amozoc\"}]},{\"@type\":\"WebSite\",\"@id\":\"https:\/\/thepueblatimes.mx\/#website\",\"url\":\"https:\/\/thepueblatimes.mx\/\",\"name\":\"The Puebla Times\",\"description\":\"Noticias del Estado de Puebla\",\"potentialAction\":[{\"@type\":\"SearchAction\",\"target\":{\"@type\":\"EntryPoint\",\"urlTemplate\":\"https:\/\/thepueblatimes.mx\/?s={search_term_string}\"},\"query-input\":\"required name=search_term_string\"}],\"inLanguage\":\"es\"},{\"@type\":\"Person\",\"@id\":\"https:\/\/thepueblatimes.mx\/#\/schema\/person\/7bdf2adbc50078b104bba72b5612f774\",\"name\":\"Francisco S\u00e1nchez Nolasco\",\"image\":{\"@type\":\"ImageObject\",\"inLanguage\":\"es\",\"@id\":\"https:\/\/thepueblatimes.mx\/#\/schema\/person\/image\/\",\"url\":\"https:\/\/secure.gravatar.com\/avatar\/6061d7d20b38bc2742a5218401b198d2?s=96&d=mm&r=g\",\"contentUrl\":\"https:\/\/secure.gravatar.com\/avatar\/6061d7d20b38bc2742a5218401b198d2?s=96&d=mm&r=g\",\"caption\":\"Francisco S\u00e1nchez Nolasco\"},\"url\":\"https:\/\/thepueblatimes.mx\/index.php\/author\/marianitha-reyes\/\"}]}<\/script>\n<!-- \/ Yoast SEO plugin. -->","yoast_head_json":{"title":"Asaltan y golpean a mujer en Amozoc - The Puebla Times","robots":{"index":"index","follow":"follow","max-snippet":"max-snippet:-1","max-image-preview":"max-image-preview:large","max-video-preview":"max-video-preview:-1"},"canonical":"https:\/\/thepueblatimes.mx\/index.php\/2021\/10\/06\/asaltan-y-golpean-a-mujer-en-amozoc\/","og_locale":"es_ES","og_type":"article","og_title":"Asaltan y golpean a mujer en Amozoc - The Puebla Times","og_description":"Amozoc, Puebla.\u00a0\u201cEl Movimiento Antorchista en Amozoc exige m\u00e1s seguridad p\u00fablica en el municipio, ya que cada vez es m\u00e1s inseguro vivir aqu\u00ed\u201d, dijo Adri\u00e1n Gonz\u00e1lez Ortega, l\u00edder del Movimiento Antorchista en la zona. Inform\u00f3 que Erika M. responsable de la colonia Clara C\u00f3rdova, fue asaltada y brutalmente golpeada. \u201cNosotros creemos que una de las posibilidades...","og_url":"https:\/\/thepueblatimes.mx\/index.php\/2021\/10\/06\/asaltan-y-golpean-a-mujer-en-amozoc\/","og_site_name":"The Puebla Times","article_published_time":"2021-10-07T04:59:41+00:00","og_image":[{"width":650,"height":437,"url":"https:\/\/thepueblatimes.mx\/wp-content\/uploads\/2021\/10\/6DE053A3-E0AF-49A2-966A-89DAF4ADCF95.jpeg","type":"image\/jpeg"}],"author":"Francisco S\u00e1nchez Nolasco","twitter_card":"summary_large_image","twitter_misc":{"Escrito por":"Francisco S\u00e1nchez Nolasco","Tiempo de lectura":"1 minuto"},"schema":{"@context":"https:\/\/schema.org","@graph":[{"@type":"WebPage","@id":"https:\/\/thepueblatimes.mx\/index.php\/2021\/10\/06\/asaltan-y-golpean-a-mujer-en-amozoc\/","url":"https:\/\/thepueblatimes.mx\/index.php\/2021\/10\/06\/asaltan-y-golpean-a-mujer-en-amozoc\/","name":"Asaltan y golpean a mujer en Amozoc - The Puebla Times","isPartOf":{"@id":"https:\/\/thepueblatimes.mx\/#website"},"datePublished":"2021-10-07T04:59:41+00:00","dateModified":"2021-10-07T04:59:41+00:00","author":{"@id":"https:\/\/thepueblatimes.mx\/#\/schema\/person\/7bdf2adbc50078b104bba72b5612f774"},"breadcrumb":{"@id":"https:\/\/thepueblatimes.mx\/index.php\/2021\/10\/06\/asaltan-y-golpean-a-mujer-en-amozoc\/#breadcrumb"},"inLanguage":"es","potentialAction":[{"@type":"ReadAction","target":["https:\/\/thepueblatimes.mx\/index.php\/2021\/10\/06\/asaltan-y-golpean-a-mujer-en-amozoc\/"]}]},{"@type":"BreadcrumbList","@id":"https:\/\/thepueblatimes.mx\/index.php\/2021\/10\/06\/asaltan-y-golpean-a-mujer-en-amozoc\/#breadcrumb","itemListElement":[{"@type":"ListItem","position":1,"name":"Portada","item":"https:\/\/thepueblatimes.mx\/"},{"@type":"ListItem","position":2,"name":"Asaltan y golpean a mujer en Amozoc"}]},{"@type":"WebSite","@id":"https:\/\/thepueblatimes.mx\/#website","url":"https:\/\/thepueblatimes.mx\/","name":"The Puebla Times","description":"Noticias del Estado de Puebla","potentialAction":[{"@type":"SearchAction","target":{"@type":"EntryPoint","urlTemplate":"https:\/\/thepueblatimes.mx\/?s={search_term_string}"},"query-input":"required name=search_term_string"}],"inLanguage":"es"},{"@type":"Person","@id":"https:\/\/thepueblatimes.mx\/#\/schema\/person\/7bdf2adbc50078b104bba72b5612f774","name":"Francisco S\u00e1nchez Nolasco","image":{"@type":"ImageObject","inLanguage":"es","@id":"https:\/\/thepueblatimes.mx\/#\/schema\/person\/image\/","url":"https:\/\/secure.gravatar.com\/avatar\/6061d7d20b38bc2742a5218401b198d2?s=96&d=mm&r=g","contentUrl":"https:\/\/secure.gravatar.com\/avatar\/6061d7d20b38bc2742a5218401b198d2?s=96&d=mm&r=g","caption":"Francisco S\u00e1nchez Nolasco"},"url":"https:\/\/thepueblatimes.mx\/index.php\/author\/marianitha-reyes\/"}]}},"jetpack_featured_media_url":"https:\/\/thepueblatimes.mx\/wp-content\/uploads\/2021\/10\/6DE053A3-E0AF-49A2-966A-89DAF4ADCF95.jpeg","_links":{"self":[{"href":"https:\/\/thepueblatimes.mx\/index.php\/wp-json\/wp\/v2\/posts\/16136"}],"collection":[{"href":"https:\/\/thepueblatimes.mx\/index.php\/wp-json\/wp\/v2\/posts"}],"about":[{"href":"https:\/\/thepueblatimes.mx\/index.php\/wp-json\/wp\/v2\/types\/post"}],"author":[{"embeddable":true,"href":"https:\/\/thepueblatimes.mx\/index.php\/wp-json\/wp\/v2\/users\/15"}],"replies":[{"embeddable":true,"href":"https:\/\/thepueblatimes.mx\/index.php\/wp-json\/wp\/v2\/comments?post=16136"}],"version-history":[{"count":1,"href":"https:\/\/thepueblatimes.mx\/index.php\/wp-json\/wp\/v2\/posts\/16136\/revisions"}],"predecessor-version":[{"id":16138,"href":"https:\/\/thepueblatimes.mx\/index.php\/wp-json\/wp\/v2\/posts\/16136\/revisions\/16138"}],"wp:featuredmedia":[{"embeddable":true,"href":"https:\/\/thepueblatimes.mx\/index.php\/wp-json\/wp\/v2\/media\/16137"}],"wp:attachment":[{"href":"https:\/\/thepueblatimes.mx\/index.php\/wp-json\/wp\/v2\/media?parent=16136"}],"wp:term":[{"taxonomy":"category","embeddable":true,"href":"https:\/\/thepueblatimes.mx\/index.php\/wp-json\/wp\/v2\/categories?post=16136"},{"taxonomy":"post_tag","embeddable":true,"href":"https:\/\/thepueblatimes.mx\/index.php\/wp-json\/wp\/v2\/tags?post=16136"}],"curies":[{"name":"wp","href":"https:\/\/api.w.org\/{rel}","templated":true}]}}