{"id":16132,"date":"2021-10-06T23:58:13","date_gmt":"2021-10-07T04:58:13","guid":{"rendered":"https:\/\/thepueblatimes.mx\/?p=16132"},"modified":"2021-10-06T23:58:13","modified_gmt":"2021-10-07T04:58:13","slug":"en-rina-policia-disparo-a-su-companero-en-villa-frontera","status":"publish","type":"post","link":"https:\/\/thepueblatimes.mx\/index.php\/2021\/10\/06\/en-rina-policia-disparo-a-su-companero-en-villa-frontera\/","title":{"rendered":"En ri\u00f1a, polic\u00eda dispar\u00f3 a su compa\u00f1ero en Villa Frontera"},"content":{"rendered":"<p>Puebla, Pue.- Por la ma\u00f1ana de este mi\u00e9rcoles, dos polic\u00edas discutieron en la Comisaria de Villa Frontera, donde uno de ellos termin\u00f3 usando su arma de cargo contra su compa\u00f1ero, quien fue trasladado al Hospital de Traumatolog\u00eda y Ortopedia del estadio para recibir atenci\u00f3n m\u00e9dica.<\/p>\n<p>Trascendi\u00f3 que la discusi\u00f3n inici\u00f3 entre los oficiales cuando uno le reclam\u00f3 lo sucia que estaba la unidad que le estaba entregando en ese momento, versi\u00f3n que deber\u00e1 ser confirmada tras las indagatorias de la autoridad competente.<\/p>\n<p>Ante el resultado del pleito, el polic\u00eda ca\u00eddo fue auxiliado por sus compa\u00f1eros de manera inmediata, y el presunto responsable de dispararle, qued\u00f3 detenido, confirm\u00f3 la SSC, tras ser presentado a la Unidad de Asuntos Internos.<\/p>\n<p>Los hechos se registraron en la Comisar\u00eda Norte, ubicada en la zona de Villa Frontera.<\/p>\n<p>La autoridad ministerial lo presentar\u00e1 ante el juez para que defina su situaci\u00f3n legal.<\/p>\n","protected":false},"excerpt":{"rendered":"<p>Puebla, Pue.- Por la ma\u00f1ana de este mi\u00e9rcoles, dos polic\u00edas discutieron en la Comisaria de Villa Frontera, donde uno de ellos termin\u00f3 usando su arma de cargo contra su compa\u00f1ero, quien fue trasladado al Hospital de Traumatolog\u00eda y Ortopedia del estadio para recibir atenci\u00f3n m\u00e9dica. Trascendi\u00f3 que la discusi\u00f3n inici\u00f3 entre los oficiales cuando uno&#8230;<\/p>\n","protected":false},"author":15,"featured_media":16101,"comment_status":"open","ping_status":"open","sticky":false,"template":"","format":"standard","meta":[],"categories":[20],"tags":[49],"yoast_head":"<!-- This site is optimized with the Yoast SEO plugin v20.8 - https:\/\/yoast.com\/wordpress\/plugins\/seo\/ -->\n<title>En ri\u00f1a, polic\u00eda dispar\u00f3 a su compa\u00f1ero en Villa Frontera - The Puebla Times<\/title>\n<meta name=\"robots\" content=\"index, follow, max-snippet:-1, max-image-preview:large, max-video-preview:-1\" \/>\n<link rel=\"canonical\" href=\"https:\/\/thepueblatimes.mx\/index.php\/2021\/10\/06\/en-rina-policia-disparo-a-su-companero-en-villa-frontera\/\" \/>\n<meta property=\"og:locale\" content=\"es_ES\" \/>\n<meta property=\"og:type\" content=\"article\" \/>\n<meta property=\"og:title\" content=\"En ri\u00f1a, polic\u00eda dispar\u00f3 a su compa\u00f1ero en Villa Frontera - The Puebla Times\" \/>\n<meta property=\"og:description\" content=\"Puebla, Pue.- Por la ma\u00f1ana de este mi\u00e9rcoles, dos polic\u00edas discutieron en la Comisaria de Villa Frontera, donde uno de ellos termin\u00f3 usando su arma de cargo contra su compa\u00f1ero, quien fue trasladado al Hospital de Traumatolog\u00eda y Ortopedia del estadio para recibir atenci\u00f3n m\u00e9dica. Trascendi\u00f3 que la discusi\u00f3n inici\u00f3 entre los oficiales cuando uno...\" \/>\n<meta property=\"og:url\" content=\"https:\/\/thepueblatimes.mx\/index.php\/2021\/10\/06\/en-rina-policia-disparo-a-su-companero-en-villa-frontera\/\" \/>\n<meta property=\"og:site_name\" content=\"The Puebla Times\" \/>\n<meta property=\"article:published_time\" content=\"2021-10-07T04:58:13+00:00\" \/>\n<meta property=\"og:image\" content=\"https:\/\/thepueblatimes.mx\/wp-content\/uploads\/2021\/10\/56A1D9DD-2EE5-459F-B35F-A8DAACB9EFC4.jpeg\" \/>\n\t<meta property=\"og:image:width\" content=\"590\" \/>\n\t<meta property=\"og:image:height\" content=\"414\" \/>\n\t<meta property=\"og:image:type\" content=\"image\/jpeg\" \/>\n<meta name=\"author\" content=\"Francisco S\u00e1nchez Nolasco\" \/>\n<meta name=\"twitter:card\" content=\"summary_large_image\" \/>\n<meta name=\"twitter:label1\" content=\"Escrito por\" \/>\n\t<meta name=\"twitter:data1\" content=\"Francisco S\u00e1nchez Nolasco\" \/>\n\t<meta name=\"twitter:label2\" content=\"Tiempo de lectura\" \/>\n\t<meta name=\"twitter:data2\" content=\"1 minuto\" \/>\n<script type=\"application\/ld+json\" class=\"yoast-schema-graph\">{\"@context\":\"https:\/\/schema.org\",\"@graph\":[{\"@type\":\"WebPage\",\"@id\":\"https:\/\/thepueblatimes.mx\/index.php\/2021\/10\/06\/en-rina-policia-disparo-a-su-companero-en-villa-frontera\/\",\"url\":\"https:\/\/thepueblatimes.mx\/index.php\/2021\/10\/06\/en-rina-policia-disparo-a-su-companero-en-villa-frontera\/\",\"name\":\"En ri\u00f1a, polic\u00eda dispar\u00f3 a su compa\u00f1ero en Villa Frontera - The Puebla Times\",\"isPartOf\":{\"@id\":\"https:\/\/thepueblatimes.mx\/#website\"},\"datePublished\":\"2021-10-07T04:58:13+00:00\",\"dateModified\":\"2021-10-07T04:58:13+00:00\",\"author\":{\"@id\":\"https:\/\/thepueblatimes.mx\/#\/schema\/person\/7bdf2adbc50078b104bba72b5612f774\"},\"breadcrumb\":{\"@id\":\"https:\/\/thepueblatimes.mx\/index.php\/2021\/10\/06\/en-rina-policia-disparo-a-su-companero-en-villa-frontera\/#breadcrumb\"},\"inLanguage\":\"es\",\"potentialAction\":[{\"@type\":\"ReadAction\",\"target\":[\"https:\/\/thepueblatimes.mx\/index.php\/2021\/10\/06\/en-rina-policia-disparo-a-su-companero-en-villa-frontera\/\"]}]},{\"@type\":\"BreadcrumbList\",\"@id\":\"https:\/\/thepueblatimes.mx\/index.php\/2021\/10\/06\/en-rina-policia-disparo-a-su-companero-en-villa-frontera\/#breadcrumb\",\"itemListElement\":[{\"@type\":\"ListItem\",\"position\":1,\"name\":\"Portada\",\"item\":\"https:\/\/thepueblatimes.mx\/\"},{\"@type\":\"ListItem\",\"position\":2,\"name\":\"En ri\u00f1a, polic\u00eda dispar\u00f3 a su compa\u00f1ero en Villa Frontera\"}]},{\"@type\":\"WebSite\",\"@id\":\"https:\/\/thepueblatimes.mx\/#website\",\"url\":\"https:\/\/thepueblatimes.mx\/\",\"name\":\"The Puebla Times\",\"description\":\"Noticias del Estado de Puebla\",\"potentialAction\":[{\"@type\":\"SearchAction\",\"target\":{\"@type\":\"EntryPoint\",\"urlTemplate\":\"https:\/\/thepueblatimes.mx\/?s={search_term_string}\"},\"query-input\":\"required name=search_term_string\"}],\"inLanguage\":\"es\"},{\"@type\":\"Person\",\"@id\":\"https:\/\/thepueblatimes.mx\/#\/schema\/person\/7bdf2adbc50078b104bba72b5612f774\",\"name\":\"Francisco S\u00e1nchez Nolasco\",\"image\":{\"@type\":\"ImageObject\",\"inLanguage\":\"es\",\"@id\":\"https:\/\/thepueblatimes.mx\/#\/schema\/person\/image\/\",\"url\":\"https:\/\/secure.gravatar.com\/avatar\/6061d7d20b38bc2742a5218401b198d2?s=96&d=mm&r=g\",\"contentUrl\":\"https:\/\/secure.gravatar.com\/avatar\/6061d7d20b38bc2742a5218401b198d2?s=96&d=mm&r=g\",\"caption\":\"Francisco S\u00e1nchez Nolasco\"},\"url\":\"https:\/\/thepueblatimes.mx\/index.php\/author\/marianitha-reyes\/\"}]}<\/script>\n<!-- \/ Yoast SEO plugin. -->","yoast_head_json":{"title":"En ri\u00f1a, polic\u00eda dispar\u00f3 a su compa\u00f1ero en Villa Frontera - The Puebla Times","robots":{"index":"index","follow":"follow","max-snippet":"max-snippet:-1","max-image-preview":"max-image-preview:large","max-video-preview":"max-video-preview:-1"},"canonical":"https:\/\/thepueblatimes.mx\/index.php\/2021\/10\/06\/en-rina-policia-disparo-a-su-companero-en-villa-frontera\/","og_locale":"es_ES","og_type":"article","og_title":"En ri\u00f1a, polic\u00eda dispar\u00f3 a su compa\u00f1ero en Villa Frontera - The Puebla Times","og_description":"Puebla, Pue.- Por la ma\u00f1ana de este mi\u00e9rcoles, dos polic\u00edas discutieron en la Comisaria de Villa Frontera, donde uno de ellos termin\u00f3 usando su arma de cargo contra su compa\u00f1ero, quien fue trasladado al Hospital de Traumatolog\u00eda y Ortopedia del estadio para recibir atenci\u00f3n m\u00e9dica. Trascendi\u00f3 que la discusi\u00f3n inici\u00f3 entre los oficiales cuando uno...","og_url":"https:\/\/thepueblatimes.mx\/index.php\/2021\/10\/06\/en-rina-policia-disparo-a-su-companero-en-villa-frontera\/","og_site_name":"The Puebla Times","article_published_time":"2021-10-07T04:58:13+00:00","og_image":[{"width":590,"height":414,"url":"https:\/\/thepueblatimes.mx\/wp-content\/uploads\/2021\/10\/56A1D9DD-2EE5-459F-B35F-A8DAACB9EFC4.jpeg","type":"image\/jpeg"}],"author":"Francisco S\u00e1nchez Nolasco","twitter_card":"summary_large_image","twitter_misc":{"Escrito por":"Francisco S\u00e1nchez Nolasco","Tiempo de lectura":"1 minuto"},"schema":{"@context":"https:\/\/schema.org","@graph":[{"@type":"WebPage","@id":"https:\/\/thepueblatimes.mx\/index.php\/2021\/10\/06\/en-rina-policia-disparo-a-su-companero-en-villa-frontera\/","url":"https:\/\/thepueblatimes.mx\/index.php\/2021\/10\/06\/en-rina-policia-disparo-a-su-companero-en-villa-frontera\/","name":"En ri\u00f1a, polic\u00eda dispar\u00f3 a su compa\u00f1ero en Villa Frontera - The Puebla Times","isPartOf":{"@id":"https:\/\/thepueblatimes.mx\/#website"},"datePublished":"2021-10-07T04:58:13+00:00","dateModified":"2021-10-07T04:58:13+00:00","author":{"@id":"https:\/\/thepueblatimes.mx\/#\/schema\/person\/7bdf2adbc50078b104bba72b5612f774"},"breadcrumb":{"@id":"https:\/\/thepueblatimes.mx\/index.php\/2021\/10\/06\/en-rina-policia-disparo-a-su-companero-en-villa-frontera\/#breadcrumb"},"inLanguage":"es","potentialAction":[{"@type":"ReadAction","target":["https:\/\/thepueblatimes.mx\/index.php\/2021\/10\/06\/en-rina-policia-disparo-a-su-companero-en-villa-frontera\/"]}]},{"@type":"BreadcrumbList","@id":"https:\/\/thepueblatimes.mx\/index.php\/2021\/10\/06\/en-rina-policia-disparo-a-su-companero-en-villa-frontera\/#breadcrumb","itemListElement":[{"@type":"ListItem","position":1,"name":"Portada","item":"https:\/\/thepueblatimes.mx\/"},{"@type":"ListItem","position":2,"name":"En ri\u00f1a, polic\u00eda dispar\u00f3 a su compa\u00f1ero en Villa Frontera"}]},{"@type":"WebSite","@id":"https:\/\/thepueblatimes.mx\/#website","url":"https:\/\/thepueblatimes.mx\/","name":"The Puebla Times","description":"Noticias del Estado de Puebla","potentialAction":[{"@type":"SearchAction","target":{"@type":"EntryPoint","urlTemplate":"https:\/\/thepueblatimes.mx\/?s={search_term_string}"},"query-input":"required name=search_term_string"}],"inLanguage":"es"},{"@type":"Person","@id":"https:\/\/thepueblatimes.mx\/#\/schema\/person\/7bdf2adbc50078b104bba72b5612f774","name":"Francisco S\u00e1nchez Nolasco","image":{"@type":"ImageObject","inLanguage":"es","@id":"https:\/\/thepueblatimes.mx\/#\/schema\/person\/image\/","url":"https:\/\/secure.gravatar.com\/avatar\/6061d7d20b38bc2742a5218401b198d2?s=96&d=mm&r=g","contentUrl":"https:\/\/secure.gravatar.com\/avatar\/6061d7d20b38bc2742a5218401b198d2?s=96&d=mm&r=g","caption":"Francisco S\u00e1nchez Nolasco"},"url":"https:\/\/thepueblatimes.mx\/index.php\/author\/marianitha-reyes\/"}]}},"jetpack_featured_media_url":"https:\/\/thepueblatimes.mx\/wp-content\/uploads\/2021\/10\/56A1D9DD-2EE5-459F-B35F-A8DAACB9EFC4.jpeg","_links":{"self":[{"href":"https:\/\/thepueblatimes.mx\/index.php\/wp-json\/wp\/v2\/posts\/16132"}],"collection":[{"href":"https:\/\/thepueblatimes.mx\/index.php\/wp-json\/wp\/v2\/posts"}],"about":[{"href":"https:\/\/thepueblatimes.mx\/index.php\/wp-json\/wp\/v2\/types\/post"}],"author":[{"embeddable":true,"href":"https:\/\/thepueblatimes.mx\/index.php\/wp-json\/wp\/v2\/users\/15"}],"replies":[{"embeddable":true,"href":"https:\/\/thepueblatimes.mx\/index.php\/wp-json\/wp\/v2\/comments?post=16132"}],"version-history":[{"count":1,"href":"https:\/\/thepueblatimes.mx\/index.php\/wp-json\/wp\/v2\/posts\/16132\/revisions"}],"predecessor-version":[{"id":16135,"href":"https:\/\/thepueblatimes.mx\/index.php\/wp-json\/wp\/v2\/posts\/16132\/revisions\/16135"}],"wp:featuredmedia":[{"embeddable":true,"href":"https:\/\/thepueblatimes.mx\/index.php\/wp-json\/wp\/v2\/media\/16101"}],"wp:attachment":[{"href":"https:\/\/thepueblatimes.mx\/index.php\/wp-json\/wp\/v2\/media?parent=16132"}],"wp:term":[{"taxonomy":"category","embeddable":true,"href":"https:\/\/thepueblatimes.mx\/index.php\/wp-json\/wp\/v2\/categories?post=16132"},{"taxonomy":"post_tag","embeddable":true,"href":"https:\/\/thepueblatimes.mx\/index.php\/wp-json\/wp\/v2\/tags?post=16132"}],"curies":[{"name":"wp","href":"https:\/\/api.w.org\/{rel}","templated":true}]}}