{"id":16122,"date":"2021-10-06T23:44:13","date_gmt":"2021-10-07T04:44:13","guid":{"rendered":"https:\/\/thepueblatimes.mx\/?p=16122"},"modified":"2021-10-06T23:44:13","modified_gmt":"2021-10-07T04:44:13","slug":"detienen-y-casi-queman-vivos-a-dos-presuntos-ladrones-en-rafael-lara-grajales","status":"publish","type":"post","link":"https:\/\/thepueblatimes.mx\/index.php\/2021\/10\/06\/detienen-y-casi-queman-vivos-a-dos-presuntos-ladrones-en-rafael-lara-grajales\/","title":{"rendered":"Detienen y casi queman vivos a dos presuntos ladrones en Rafael Lara Grajales"},"content":{"rendered":"<p>Rafael Lara Grajales, Pue.- La noche de este mi\u00e9rcoles dos hombres fueron salvados de ser linchados por pobladores de la junta auxiliar de M\u00e1ximo Serdan en Rafael Lara Grajalesx luego de que fueran presuntamente sorprendidos robando en el interior de una vivienda.<\/p>\n<p>Fueron vecinos del lugar quienes detuvieron a los dos masculinos y los golpearon hasta el punto de querer lincharlos si la polic\u00eda municipal no llegaba al lugar para detenerlos.<\/p>\n<p>Vecinos se\u00f1alan que los presuntos delincuentes pertenecen a la banda denominado \u00abLos Pandas\u00bb que comete atracos en casa habitaci\u00f3n, personas y robo a transporte p\u00fablico en la zona por lo que se\u00f1alan que atracos se han hecho m\u00e1s recientes en la unidad habitacional ubicada en esta junta auxiliar.<\/p>\n<p>En este momento se tiene una fuerte movilizaci\u00f3n policiaca debido a que vecinos quieren quemarlos vivos como escarmiento, mientras que personal de seguridad est\u00e1 en\u00a0 lugar para sacarlos de la turba.<\/p>\n","protected":false},"excerpt":{"rendered":"<p>Rafael Lara Grajales, Pue.- La noche de este mi\u00e9rcoles dos hombres fueron salvados de ser linchados por pobladores de la junta auxiliar de M\u00e1ximo Serdan en Rafael Lara Grajalesx luego de que fueran presuntamente sorprendidos robando en el interior de una vivienda. Fueron vecinos del lugar quienes detuvieron a los dos masculinos y los golpearon&#8230;<\/p>\n","protected":false},"author":15,"featured_media":16123,"comment_status":"open","ping_status":"open","sticky":false,"template":"","format":"standard","meta":[],"categories":[20],"tags":[49],"yoast_head":"<!-- This site is optimized with the Yoast SEO plugin v20.8 - https:\/\/yoast.com\/wordpress\/plugins\/seo\/ -->\n<title>Detienen y casi queman vivos a dos presuntos ladrones en Rafael Lara Grajales - The Puebla Times<\/title>\n<meta name=\"robots\" content=\"index, follow, max-snippet:-1, max-image-preview:large, max-video-preview:-1\" \/>\n<link rel=\"canonical\" href=\"https:\/\/thepueblatimes.mx\/index.php\/2021\/10\/06\/detienen-y-casi-queman-vivos-a-dos-presuntos-ladrones-en-rafael-lara-grajales\/\" \/>\n<meta property=\"og:locale\" content=\"es_ES\" \/>\n<meta property=\"og:type\" content=\"article\" \/>\n<meta property=\"og:title\" content=\"Detienen y casi queman vivos a dos presuntos ladrones en Rafael Lara Grajales - The Puebla Times\" \/>\n<meta property=\"og:description\" content=\"Rafael Lara Grajales, Pue.- La noche de este mi\u00e9rcoles dos hombres fueron salvados de ser linchados por pobladores de la junta auxiliar de M\u00e1ximo Serdan en Rafael Lara Grajalesx luego de que fueran presuntamente sorprendidos robando en el interior de una vivienda. Fueron vecinos del lugar quienes detuvieron a los dos masculinos y los golpearon...\" \/>\n<meta property=\"og:url\" content=\"https:\/\/thepueblatimes.mx\/index.php\/2021\/10\/06\/detienen-y-casi-queman-vivos-a-dos-presuntos-ladrones-en-rafael-lara-grajales\/\" \/>\n<meta property=\"og:site_name\" content=\"The Puebla Times\" \/>\n<meta property=\"article:published_time\" content=\"2021-10-07T04:44:13+00:00\" \/>\n<meta property=\"og:image\" content=\"https:\/\/thepueblatimes.mx\/wp-content\/uploads\/2021\/10\/0CE68A75-A056-4EE8-9DBC-235457937701.jpeg\" \/>\n\t<meta property=\"og:image:width\" content=\"640\" \/>\n\t<meta property=\"og:image:height\" content=\"426\" \/>\n\t<meta property=\"og:image:type\" content=\"image\/jpeg\" \/>\n<meta name=\"author\" content=\"Francisco S\u00e1nchez Nolasco\" \/>\n<meta name=\"twitter:card\" content=\"summary_large_image\" \/>\n<meta name=\"twitter:label1\" content=\"Escrito por\" \/>\n\t<meta name=\"twitter:data1\" content=\"Francisco S\u00e1nchez Nolasco\" \/>\n\t<meta name=\"twitter:label2\" content=\"Tiempo de lectura\" \/>\n\t<meta name=\"twitter:data2\" content=\"1 minuto\" \/>\n<script type=\"application\/ld+json\" class=\"yoast-schema-graph\">{\"@context\":\"https:\/\/schema.org\",\"@graph\":[{\"@type\":\"WebPage\",\"@id\":\"https:\/\/thepueblatimes.mx\/index.php\/2021\/10\/06\/detienen-y-casi-queman-vivos-a-dos-presuntos-ladrones-en-rafael-lara-grajales\/\",\"url\":\"https:\/\/thepueblatimes.mx\/index.php\/2021\/10\/06\/detienen-y-casi-queman-vivos-a-dos-presuntos-ladrones-en-rafael-lara-grajales\/\",\"name\":\"Detienen y casi queman vivos a dos presuntos ladrones en Rafael Lara Grajales - The Puebla Times\",\"isPartOf\":{\"@id\":\"https:\/\/thepueblatimes.mx\/#website\"},\"datePublished\":\"2021-10-07T04:44:13+00:00\",\"dateModified\":\"2021-10-07T04:44:13+00:00\",\"author\":{\"@id\":\"https:\/\/thepueblatimes.mx\/#\/schema\/person\/7bdf2adbc50078b104bba72b5612f774\"},\"breadcrumb\":{\"@id\":\"https:\/\/thepueblatimes.mx\/index.php\/2021\/10\/06\/detienen-y-casi-queman-vivos-a-dos-presuntos-ladrones-en-rafael-lara-grajales\/#breadcrumb\"},\"inLanguage\":\"es\",\"potentialAction\":[{\"@type\":\"ReadAction\",\"target\":[\"https:\/\/thepueblatimes.mx\/index.php\/2021\/10\/06\/detienen-y-casi-queman-vivos-a-dos-presuntos-ladrones-en-rafael-lara-grajales\/\"]}]},{\"@type\":\"BreadcrumbList\",\"@id\":\"https:\/\/thepueblatimes.mx\/index.php\/2021\/10\/06\/detienen-y-casi-queman-vivos-a-dos-presuntos-ladrones-en-rafael-lara-grajales\/#breadcrumb\",\"itemListElement\":[{\"@type\":\"ListItem\",\"position\":1,\"name\":\"Portada\",\"item\":\"https:\/\/thepueblatimes.mx\/\"},{\"@type\":\"ListItem\",\"position\":2,\"name\":\"Detienen y casi queman vivos a dos presuntos ladrones en Rafael Lara Grajales\"}]},{\"@type\":\"WebSite\",\"@id\":\"https:\/\/thepueblatimes.mx\/#website\",\"url\":\"https:\/\/thepueblatimes.mx\/\",\"name\":\"The Puebla Times\",\"description\":\"Noticias del Estado de Puebla\",\"potentialAction\":[{\"@type\":\"SearchAction\",\"target\":{\"@type\":\"EntryPoint\",\"urlTemplate\":\"https:\/\/thepueblatimes.mx\/?s={search_term_string}\"},\"query-input\":\"required name=search_term_string\"}],\"inLanguage\":\"es\"},{\"@type\":\"Person\",\"@id\":\"https:\/\/thepueblatimes.mx\/#\/schema\/person\/7bdf2adbc50078b104bba72b5612f774\",\"name\":\"Francisco S\u00e1nchez Nolasco\",\"image\":{\"@type\":\"ImageObject\",\"inLanguage\":\"es\",\"@id\":\"https:\/\/thepueblatimes.mx\/#\/schema\/person\/image\/\",\"url\":\"https:\/\/secure.gravatar.com\/avatar\/6061d7d20b38bc2742a5218401b198d2?s=96&d=mm&r=g\",\"contentUrl\":\"https:\/\/secure.gravatar.com\/avatar\/6061d7d20b38bc2742a5218401b198d2?s=96&d=mm&r=g\",\"caption\":\"Francisco S\u00e1nchez Nolasco\"},\"url\":\"https:\/\/thepueblatimes.mx\/index.php\/author\/marianitha-reyes\/\"}]}<\/script>\n<!-- \/ Yoast SEO plugin. -->","yoast_head_json":{"title":"Detienen y casi queman vivos a dos presuntos ladrones en Rafael Lara Grajales - The Puebla Times","robots":{"index":"index","follow":"follow","max-snippet":"max-snippet:-1","max-image-preview":"max-image-preview:large","max-video-preview":"max-video-preview:-1"},"canonical":"https:\/\/thepueblatimes.mx\/index.php\/2021\/10\/06\/detienen-y-casi-queman-vivos-a-dos-presuntos-ladrones-en-rafael-lara-grajales\/","og_locale":"es_ES","og_type":"article","og_title":"Detienen y casi queman vivos a dos presuntos ladrones en Rafael Lara Grajales - The Puebla Times","og_description":"Rafael Lara Grajales, Pue.- La noche de este mi\u00e9rcoles dos hombres fueron salvados de ser linchados por pobladores de la junta auxiliar de M\u00e1ximo Serdan en Rafael Lara Grajalesx luego de que fueran presuntamente sorprendidos robando en el interior de una vivienda. Fueron vecinos del lugar quienes detuvieron a los dos masculinos y los golpearon...","og_url":"https:\/\/thepueblatimes.mx\/index.php\/2021\/10\/06\/detienen-y-casi-queman-vivos-a-dos-presuntos-ladrones-en-rafael-lara-grajales\/","og_site_name":"The Puebla Times","article_published_time":"2021-10-07T04:44:13+00:00","og_image":[{"width":640,"height":426,"url":"https:\/\/thepueblatimes.mx\/wp-content\/uploads\/2021\/10\/0CE68A75-A056-4EE8-9DBC-235457937701.jpeg","type":"image\/jpeg"}],"author":"Francisco S\u00e1nchez Nolasco","twitter_card":"summary_large_image","twitter_misc":{"Escrito por":"Francisco S\u00e1nchez Nolasco","Tiempo de lectura":"1 minuto"},"schema":{"@context":"https:\/\/schema.org","@graph":[{"@type":"WebPage","@id":"https:\/\/thepueblatimes.mx\/index.php\/2021\/10\/06\/detienen-y-casi-queman-vivos-a-dos-presuntos-ladrones-en-rafael-lara-grajales\/","url":"https:\/\/thepueblatimes.mx\/index.php\/2021\/10\/06\/detienen-y-casi-queman-vivos-a-dos-presuntos-ladrones-en-rafael-lara-grajales\/","name":"Detienen y casi queman vivos a dos presuntos ladrones en Rafael Lara Grajales - The Puebla Times","isPartOf":{"@id":"https:\/\/thepueblatimes.mx\/#website"},"datePublished":"2021-10-07T04:44:13+00:00","dateModified":"2021-10-07T04:44:13+00:00","author":{"@id":"https:\/\/thepueblatimes.mx\/#\/schema\/person\/7bdf2adbc50078b104bba72b5612f774"},"breadcrumb":{"@id":"https:\/\/thepueblatimes.mx\/index.php\/2021\/10\/06\/detienen-y-casi-queman-vivos-a-dos-presuntos-ladrones-en-rafael-lara-grajales\/#breadcrumb"},"inLanguage":"es","potentialAction":[{"@type":"ReadAction","target":["https:\/\/thepueblatimes.mx\/index.php\/2021\/10\/06\/detienen-y-casi-queman-vivos-a-dos-presuntos-ladrones-en-rafael-lara-grajales\/"]}]},{"@type":"BreadcrumbList","@id":"https:\/\/thepueblatimes.mx\/index.php\/2021\/10\/06\/detienen-y-casi-queman-vivos-a-dos-presuntos-ladrones-en-rafael-lara-grajales\/#breadcrumb","itemListElement":[{"@type":"ListItem","position":1,"name":"Portada","item":"https:\/\/thepueblatimes.mx\/"},{"@type":"ListItem","position":2,"name":"Detienen y casi queman vivos a dos presuntos ladrones en Rafael Lara Grajales"}]},{"@type":"WebSite","@id":"https:\/\/thepueblatimes.mx\/#website","url":"https:\/\/thepueblatimes.mx\/","name":"The Puebla Times","description":"Noticias del Estado de Puebla","potentialAction":[{"@type":"SearchAction","target":{"@type":"EntryPoint","urlTemplate":"https:\/\/thepueblatimes.mx\/?s={search_term_string}"},"query-input":"required name=search_term_string"}],"inLanguage":"es"},{"@type":"Person","@id":"https:\/\/thepueblatimes.mx\/#\/schema\/person\/7bdf2adbc50078b104bba72b5612f774","name":"Francisco S\u00e1nchez Nolasco","image":{"@type":"ImageObject","inLanguage":"es","@id":"https:\/\/thepueblatimes.mx\/#\/schema\/person\/image\/","url":"https:\/\/secure.gravatar.com\/avatar\/6061d7d20b38bc2742a5218401b198d2?s=96&d=mm&r=g","contentUrl":"https:\/\/secure.gravatar.com\/avatar\/6061d7d20b38bc2742a5218401b198d2?s=96&d=mm&r=g","caption":"Francisco S\u00e1nchez Nolasco"},"url":"https:\/\/thepueblatimes.mx\/index.php\/author\/marianitha-reyes\/"}]}},"jetpack_featured_media_url":"https:\/\/thepueblatimes.mx\/wp-content\/uploads\/2021\/10\/0CE68A75-A056-4EE8-9DBC-235457937701.jpeg","_links":{"self":[{"href":"https:\/\/thepueblatimes.mx\/index.php\/wp-json\/wp\/v2\/posts\/16122"}],"collection":[{"href":"https:\/\/thepueblatimes.mx\/index.php\/wp-json\/wp\/v2\/posts"}],"about":[{"href":"https:\/\/thepueblatimes.mx\/index.php\/wp-json\/wp\/v2\/types\/post"}],"author":[{"embeddable":true,"href":"https:\/\/thepueblatimes.mx\/index.php\/wp-json\/wp\/v2\/users\/15"}],"replies":[{"embeddable":true,"href":"https:\/\/thepueblatimes.mx\/index.php\/wp-json\/wp\/v2\/comments?post=16122"}],"version-history":[{"count":2,"href":"https:\/\/thepueblatimes.mx\/index.php\/wp-json\/wp\/v2\/posts\/16122\/revisions"}],"predecessor-version":[{"id":16125,"href":"https:\/\/thepueblatimes.mx\/index.php\/wp-json\/wp\/v2\/posts\/16122\/revisions\/16125"}],"wp:featuredmedia":[{"embeddable":true,"href":"https:\/\/thepueblatimes.mx\/index.php\/wp-json\/wp\/v2\/media\/16123"}],"wp:attachment":[{"href":"https:\/\/thepueblatimes.mx\/index.php\/wp-json\/wp\/v2\/media?parent=16122"}],"wp:term":[{"taxonomy":"category","embeddable":true,"href":"https:\/\/thepueblatimes.mx\/index.php\/wp-json\/wp\/v2\/categories?post=16122"},{"taxonomy":"post_tag","embeddable":true,"href":"https:\/\/thepueblatimes.mx\/index.php\/wp-json\/wp\/v2\/tags?post=16122"}],"curies":[{"name":"wp","href":"https:\/\/api.w.org\/{rel}","templated":true}]}}