{"id":16119,"date":"2021-10-06T23:41:52","date_gmt":"2021-10-07T04:41:52","guid":{"rendered":"https:\/\/thepueblatimes.mx\/?p=16119"},"modified":"2021-10-06T23:41:52","modified_gmt":"2021-10-07T04:41:52","slug":"un-muerto-y-dos-heridos-tras-volcar-camioneta-en-dren-de-valsequillo-en-tehuacan","status":"publish","type":"post","link":"https:\/\/thepueblatimes.mx\/index.php\/2021\/10\/06\/un-muerto-y-dos-heridos-tras-volcar-camioneta-en-dren-de-valsequillo-en-tehuacan\/","title":{"rendered":"Un muerto y dos heridos tras volcar camioneta en dren de Valsequillo en Tehuac\u00e1n"},"content":{"rendered":"<p>Tehuac\u00e1n, Pue.-<strong> Una persona muerta y dos m\u00e1s lesionadas es el saldo hasta el momento de la volcadura de una camioneta al interior del Dren de Valsequillo, en donde presuntamente los tripulantes viajaban en estado de ebriedad.\u00a0<\/strong><\/p>\n<p>Los hechos ocurrieron alrededor de las 21:30 horas de este mi\u00e9rcoles sobre el Libramiento Tecnol\u00f3gico-San Marcos, antes de llegar al Fraccionamiento Rancho Viejo, cuando el conductor de una camioneta, que era acompa\u00f1ado por tres personas m\u00e1s, perdi\u00f3 el control de la unidad, lo que provoc\u00f3 que se saliera de la cinta asf\u00e1ltica y se precipitara al interior de este canal.<\/p>\n<p>Dos de los ocupantes del veh\u00edculo, pudieron salir por su propio pie del Dren de Valsequillo, aunque lesionados, mientras otras m\u00e1s perdieron la vida al instante, presuntamente al caerle la camioneta encima, en tanto elementos de Protecci\u00f3n Civil y Bomberos se encuentran realizando la b\u00fasqueda de la cuarta persona.<\/p>\n<p>Los trabajos de rescate se han dificultado, dado a que la zona no hay iluminaci\u00f3n, adem\u00e1s la maleza est\u00e1 muy crecida, lo que impide la visibilidad del interior de este canal.<\/p>\n<p>En el lugar T\u00e9cnicos en Urgencias M\u00e9dicas (TUM) de Protecci\u00f3n Civil est\u00e1n brindando atenci\u00f3n prehospitalaria a los lesionados, en tanto otros elementos de la corporaci\u00f3n realizan las labores de rescate del cuerpo sin vida y de b\u00fasqueda de otra persona.<\/p>\n","protected":false},"excerpt":{"rendered":"<p>Tehuac\u00e1n, Pue.- Una persona muerta y dos m\u00e1s lesionadas es el saldo hasta el momento de la volcadura de una camioneta al interior del Dren de Valsequillo, en donde presuntamente los tripulantes viajaban en estado de ebriedad.\u00a0 Los hechos ocurrieron alrededor de las 21:30 horas de este mi\u00e9rcoles sobre el Libramiento Tecnol\u00f3gico-San Marcos, antes de&#8230;<\/p>\n","protected":false},"author":15,"featured_media":16120,"comment_status":"open","ping_status":"open","sticky":false,"template":"","format":"standard","meta":[],"categories":[20],"tags":[49],"yoast_head":"<!-- This site is optimized with the Yoast SEO plugin v20.8 - https:\/\/yoast.com\/wordpress\/plugins\/seo\/ -->\n<title>Un muerto y dos heridos tras volcar camioneta en dren de Valsequillo en Tehuac\u00e1n - The Puebla Times<\/title>\n<meta name=\"robots\" content=\"index, follow, max-snippet:-1, max-image-preview:large, max-video-preview:-1\" \/>\n<link rel=\"canonical\" href=\"https:\/\/thepueblatimes.mx\/index.php\/2021\/10\/06\/un-muerto-y-dos-heridos-tras-volcar-camioneta-en-dren-de-valsequillo-en-tehuacan\/\" \/>\n<meta property=\"og:locale\" content=\"es_ES\" \/>\n<meta property=\"og:type\" content=\"article\" \/>\n<meta property=\"og:title\" content=\"Un muerto y dos heridos tras volcar camioneta en dren de Valsequillo en Tehuac\u00e1n - The Puebla Times\" \/>\n<meta property=\"og:description\" content=\"Tehuac\u00e1n, Pue.- Una persona muerta y dos m\u00e1s lesionadas es el saldo hasta el momento de la volcadura de una camioneta al interior del Dren de Valsequillo, en donde presuntamente los tripulantes viajaban en estado de ebriedad.\u00a0 Los hechos ocurrieron alrededor de las 21:30 horas de este mi\u00e9rcoles sobre el Libramiento Tecnol\u00f3gico-San Marcos, antes de...\" \/>\n<meta property=\"og:url\" content=\"https:\/\/thepueblatimes.mx\/index.php\/2021\/10\/06\/un-muerto-y-dos-heridos-tras-volcar-camioneta-en-dren-de-valsequillo-en-tehuacan\/\" \/>\n<meta property=\"og:site_name\" content=\"The Puebla Times\" \/>\n<meta property=\"article:published_time\" content=\"2021-10-07T04:41:52+00:00\" \/>\n<meta property=\"og:image\" content=\"https:\/\/thepueblatimes.mx\/wp-content\/uploads\/2021\/10\/539C92F9-91DE-4547-B65A-B0E1AC86C611.png\" \/>\n\t<meta property=\"og:image:width\" content=\"1452\" \/>\n\t<meta property=\"og:image:height\" content=\"720\" \/>\n\t<meta property=\"og:image:type\" content=\"image\/png\" \/>\n<meta name=\"author\" content=\"Francisco S\u00e1nchez Nolasco\" \/>\n<meta name=\"twitter:card\" content=\"summary_large_image\" \/>\n<meta name=\"twitter:label1\" content=\"Escrito por\" \/>\n\t<meta name=\"twitter:data1\" content=\"Francisco S\u00e1nchez Nolasco\" \/>\n\t<meta name=\"twitter:label2\" content=\"Tiempo de lectura\" \/>\n\t<meta name=\"twitter:data2\" content=\"1 minuto\" \/>\n<script type=\"application\/ld+json\" class=\"yoast-schema-graph\">{\"@context\":\"https:\/\/schema.org\",\"@graph\":[{\"@type\":\"WebPage\",\"@id\":\"https:\/\/thepueblatimes.mx\/index.php\/2021\/10\/06\/un-muerto-y-dos-heridos-tras-volcar-camioneta-en-dren-de-valsequillo-en-tehuacan\/\",\"url\":\"https:\/\/thepueblatimes.mx\/index.php\/2021\/10\/06\/un-muerto-y-dos-heridos-tras-volcar-camioneta-en-dren-de-valsequillo-en-tehuacan\/\",\"name\":\"Un muerto y dos heridos tras volcar camioneta en dren de Valsequillo en Tehuac\u00e1n - The Puebla Times\",\"isPartOf\":{\"@id\":\"https:\/\/thepueblatimes.mx\/#website\"},\"datePublished\":\"2021-10-07T04:41:52+00:00\",\"dateModified\":\"2021-10-07T04:41:52+00:00\",\"author\":{\"@id\":\"https:\/\/thepueblatimes.mx\/#\/schema\/person\/7bdf2adbc50078b104bba72b5612f774\"},\"breadcrumb\":{\"@id\":\"https:\/\/thepueblatimes.mx\/index.php\/2021\/10\/06\/un-muerto-y-dos-heridos-tras-volcar-camioneta-en-dren-de-valsequillo-en-tehuacan\/#breadcrumb\"},\"inLanguage\":\"es\",\"potentialAction\":[{\"@type\":\"ReadAction\",\"target\":[\"https:\/\/thepueblatimes.mx\/index.php\/2021\/10\/06\/un-muerto-y-dos-heridos-tras-volcar-camioneta-en-dren-de-valsequillo-en-tehuacan\/\"]}]},{\"@type\":\"BreadcrumbList\",\"@id\":\"https:\/\/thepueblatimes.mx\/index.php\/2021\/10\/06\/un-muerto-y-dos-heridos-tras-volcar-camioneta-en-dren-de-valsequillo-en-tehuacan\/#breadcrumb\",\"itemListElement\":[{\"@type\":\"ListItem\",\"position\":1,\"name\":\"Portada\",\"item\":\"https:\/\/thepueblatimes.mx\/\"},{\"@type\":\"ListItem\",\"position\":2,\"name\":\"Un muerto y dos heridos tras volcar camioneta en dren de Valsequillo en Tehuac\u00e1n\"}]},{\"@type\":\"WebSite\",\"@id\":\"https:\/\/thepueblatimes.mx\/#website\",\"url\":\"https:\/\/thepueblatimes.mx\/\",\"name\":\"The Puebla Times\",\"description\":\"Noticias del Estado de Puebla\",\"potentialAction\":[{\"@type\":\"SearchAction\",\"target\":{\"@type\":\"EntryPoint\",\"urlTemplate\":\"https:\/\/thepueblatimes.mx\/?s={search_term_string}\"},\"query-input\":\"required name=search_term_string\"}],\"inLanguage\":\"es\"},{\"@type\":\"Person\",\"@id\":\"https:\/\/thepueblatimes.mx\/#\/schema\/person\/7bdf2adbc50078b104bba72b5612f774\",\"name\":\"Francisco S\u00e1nchez Nolasco\",\"image\":{\"@type\":\"ImageObject\",\"inLanguage\":\"es\",\"@id\":\"https:\/\/thepueblatimes.mx\/#\/schema\/person\/image\/\",\"url\":\"https:\/\/secure.gravatar.com\/avatar\/6061d7d20b38bc2742a5218401b198d2?s=96&d=mm&r=g\",\"contentUrl\":\"https:\/\/secure.gravatar.com\/avatar\/6061d7d20b38bc2742a5218401b198d2?s=96&d=mm&r=g\",\"caption\":\"Francisco S\u00e1nchez Nolasco\"},\"url\":\"https:\/\/thepueblatimes.mx\/index.php\/author\/marianitha-reyes\/\"}]}<\/script>\n<!-- \/ Yoast SEO plugin. -->","yoast_head_json":{"title":"Un muerto y dos heridos tras volcar camioneta en dren de Valsequillo en Tehuac\u00e1n - The Puebla Times","robots":{"index":"index","follow":"follow","max-snippet":"max-snippet:-1","max-image-preview":"max-image-preview:large","max-video-preview":"max-video-preview:-1"},"canonical":"https:\/\/thepueblatimes.mx\/index.php\/2021\/10\/06\/un-muerto-y-dos-heridos-tras-volcar-camioneta-en-dren-de-valsequillo-en-tehuacan\/","og_locale":"es_ES","og_type":"article","og_title":"Un muerto y dos heridos tras volcar camioneta en dren de Valsequillo en Tehuac\u00e1n - The Puebla Times","og_description":"Tehuac\u00e1n, Pue.- Una persona muerta y dos m\u00e1s lesionadas es el saldo hasta el momento de la volcadura de una camioneta al interior del Dren de Valsequillo, en donde presuntamente los tripulantes viajaban en estado de ebriedad.\u00a0 Los hechos ocurrieron alrededor de las 21:30 horas de este mi\u00e9rcoles sobre el Libramiento Tecnol\u00f3gico-San Marcos, antes de...","og_url":"https:\/\/thepueblatimes.mx\/index.php\/2021\/10\/06\/un-muerto-y-dos-heridos-tras-volcar-camioneta-en-dren-de-valsequillo-en-tehuacan\/","og_site_name":"The Puebla Times","article_published_time":"2021-10-07T04:41:52+00:00","og_image":[{"width":1452,"height":720,"url":"https:\/\/thepueblatimes.mx\/wp-content\/uploads\/2021\/10\/539C92F9-91DE-4547-B65A-B0E1AC86C611.png","type":"image\/png"}],"author":"Francisco S\u00e1nchez Nolasco","twitter_card":"summary_large_image","twitter_misc":{"Escrito por":"Francisco S\u00e1nchez Nolasco","Tiempo de lectura":"1 minuto"},"schema":{"@context":"https:\/\/schema.org","@graph":[{"@type":"WebPage","@id":"https:\/\/thepueblatimes.mx\/index.php\/2021\/10\/06\/un-muerto-y-dos-heridos-tras-volcar-camioneta-en-dren-de-valsequillo-en-tehuacan\/","url":"https:\/\/thepueblatimes.mx\/index.php\/2021\/10\/06\/un-muerto-y-dos-heridos-tras-volcar-camioneta-en-dren-de-valsequillo-en-tehuacan\/","name":"Un muerto y dos heridos tras volcar camioneta en dren de Valsequillo en Tehuac\u00e1n - The Puebla Times","isPartOf":{"@id":"https:\/\/thepueblatimes.mx\/#website"},"datePublished":"2021-10-07T04:41:52+00:00","dateModified":"2021-10-07T04:41:52+00:00","author":{"@id":"https:\/\/thepueblatimes.mx\/#\/schema\/person\/7bdf2adbc50078b104bba72b5612f774"},"breadcrumb":{"@id":"https:\/\/thepueblatimes.mx\/index.php\/2021\/10\/06\/un-muerto-y-dos-heridos-tras-volcar-camioneta-en-dren-de-valsequillo-en-tehuacan\/#breadcrumb"},"inLanguage":"es","potentialAction":[{"@type":"ReadAction","target":["https:\/\/thepueblatimes.mx\/index.php\/2021\/10\/06\/un-muerto-y-dos-heridos-tras-volcar-camioneta-en-dren-de-valsequillo-en-tehuacan\/"]}]},{"@type":"BreadcrumbList","@id":"https:\/\/thepueblatimes.mx\/index.php\/2021\/10\/06\/un-muerto-y-dos-heridos-tras-volcar-camioneta-en-dren-de-valsequillo-en-tehuacan\/#breadcrumb","itemListElement":[{"@type":"ListItem","position":1,"name":"Portada","item":"https:\/\/thepueblatimes.mx\/"},{"@type":"ListItem","position":2,"name":"Un muerto y dos heridos tras volcar camioneta en dren de Valsequillo en Tehuac\u00e1n"}]},{"@type":"WebSite","@id":"https:\/\/thepueblatimes.mx\/#website","url":"https:\/\/thepueblatimes.mx\/","name":"The Puebla Times","description":"Noticias del Estado de Puebla","potentialAction":[{"@type":"SearchAction","target":{"@type":"EntryPoint","urlTemplate":"https:\/\/thepueblatimes.mx\/?s={search_term_string}"},"query-input":"required name=search_term_string"}],"inLanguage":"es"},{"@type":"Person","@id":"https:\/\/thepueblatimes.mx\/#\/schema\/person\/7bdf2adbc50078b104bba72b5612f774","name":"Francisco S\u00e1nchez Nolasco","image":{"@type":"ImageObject","inLanguage":"es","@id":"https:\/\/thepueblatimes.mx\/#\/schema\/person\/image\/","url":"https:\/\/secure.gravatar.com\/avatar\/6061d7d20b38bc2742a5218401b198d2?s=96&d=mm&r=g","contentUrl":"https:\/\/secure.gravatar.com\/avatar\/6061d7d20b38bc2742a5218401b198d2?s=96&d=mm&r=g","caption":"Francisco S\u00e1nchez Nolasco"},"url":"https:\/\/thepueblatimes.mx\/index.php\/author\/marianitha-reyes\/"}]}},"jetpack_featured_media_url":"https:\/\/thepueblatimes.mx\/wp-content\/uploads\/2021\/10\/539C92F9-91DE-4547-B65A-B0E1AC86C611.png","_links":{"self":[{"href":"https:\/\/thepueblatimes.mx\/index.php\/wp-json\/wp\/v2\/posts\/16119"}],"collection":[{"href":"https:\/\/thepueblatimes.mx\/index.php\/wp-json\/wp\/v2\/posts"}],"about":[{"href":"https:\/\/thepueblatimes.mx\/index.php\/wp-json\/wp\/v2\/types\/post"}],"author":[{"embeddable":true,"href":"https:\/\/thepueblatimes.mx\/index.php\/wp-json\/wp\/v2\/users\/15"}],"replies":[{"embeddable":true,"href":"https:\/\/thepueblatimes.mx\/index.php\/wp-json\/wp\/v2\/comments?post=16119"}],"version-history":[{"count":1,"href":"https:\/\/thepueblatimes.mx\/index.php\/wp-json\/wp\/v2\/posts\/16119\/revisions"}],"predecessor-version":[{"id":16121,"href":"https:\/\/thepueblatimes.mx\/index.php\/wp-json\/wp\/v2\/posts\/16119\/revisions\/16121"}],"wp:featuredmedia":[{"embeddable":true,"href":"https:\/\/thepueblatimes.mx\/index.php\/wp-json\/wp\/v2\/media\/16120"}],"wp:attachment":[{"href":"https:\/\/thepueblatimes.mx\/index.php\/wp-json\/wp\/v2\/media?parent=16119"}],"wp:term":[{"taxonomy":"category","embeddable":true,"href":"https:\/\/thepueblatimes.mx\/index.php\/wp-json\/wp\/v2\/categories?post=16119"},{"taxonomy":"post_tag","embeddable":true,"href":"https:\/\/thepueblatimes.mx\/index.php\/wp-json\/wp\/v2\/tags?post=16119"}],"curies":[{"name":"wp","href":"https:\/\/api.w.org\/{rel}","templated":true}]}}