{"id":16107,"date":"2021-10-05T23:36:19","date_gmt":"2021-10-06T04:36:19","guid":{"rendered":"https:\/\/thepueblatimes.mx\/?p=16107"},"modified":"2021-10-05T23:36:19","modified_gmt":"2021-10-06T04:36:19","slug":"desaparece-maria-victoria-de-60-anos-en-tlacotepec","status":"publish","type":"post","link":"https:\/\/thepueblatimes.mx\/index.php\/2021\/10\/05\/desaparece-maria-victoria-de-60-anos-en-tlacotepec\/","title":{"rendered":"Desaparece Mar\u00eda Victoria de 60 a\u00f1os en Tlacotepec"},"content":{"rendered":"<p>Tlacotepec de Benito Ju\u00e1rez, Pue.- <strong>Desde el pasado 28 de septiembre fue vista por \u00faltima ocasi\u00f3n Mar\u00eda Victoria Rom\u00e1n Rodr\u00edguez de 60 a\u00f1os de edad,<\/strong> esto cuando sali\u00f3 de su domicilio ubicado en la localidad de San Jos\u00e9 Valsequillo para <strong>dirigirse a la localidad de rancho \u00abLos Carrascos\u00bb<\/strong>\u00a0.<\/p>\n<p>La sexagenaria es de complexi\u00f3n media, tez clara, mide aproximadamente 1.45 metros, tiene el cabello corto ondulado, vest\u00eda chaleco color negro, pantal\u00f3n negro, zapatos color caf\u00e9 marca Flexi y llevaba una bolsa de mano color negro.<\/p>\n<p>Como se\u00f1a particular usa placa dental superior de resina y tiene una cicatriz por quemadura en el pie derecho. Cualquier informaci\u00f3n de su paradero comunicarse a los tel\u00e9fonos 475 800 2897 y 237 381 00 22.<\/p>\n","protected":false},"excerpt":{"rendered":"<p>Tlacotepec de Benito Ju\u00e1rez, Pue.- Desde el pasado 28 de septiembre fue vista por \u00faltima ocasi\u00f3n Mar\u00eda Victoria Rom\u00e1n Rodr\u00edguez de 60 a\u00f1os de edad, esto cuando sali\u00f3 de su domicilio ubicado en la localidad de San Jos\u00e9 Valsequillo para dirigirse a la localidad de rancho \u00abLos Carrascos\u00bb\u00a0. La sexagenaria es de complexi\u00f3n media, tez&#8230;<\/p>\n","protected":false},"author":15,"featured_media":16108,"comment_status":"open","ping_status":"open","sticky":false,"template":"","format":"standard","meta":[],"categories":[20],"tags":[49],"yoast_head":"<!-- This site is optimized with the Yoast SEO plugin v20.8 - https:\/\/yoast.com\/wordpress\/plugins\/seo\/ -->\n<title>Desaparece Mar\u00eda Victoria de 60 a\u00f1os en Tlacotepec - The Puebla Times<\/title>\n<meta name=\"robots\" content=\"index, follow, max-snippet:-1, max-image-preview:large, max-video-preview:-1\" \/>\n<link rel=\"canonical\" href=\"https:\/\/thepueblatimes.mx\/index.php\/2021\/10\/05\/desaparece-maria-victoria-de-60-anos-en-tlacotepec\/\" \/>\n<meta property=\"og:locale\" content=\"es_ES\" \/>\n<meta property=\"og:type\" content=\"article\" \/>\n<meta property=\"og:title\" content=\"Desaparece Mar\u00eda Victoria de 60 a\u00f1os en Tlacotepec - The Puebla Times\" \/>\n<meta property=\"og:description\" content=\"Tlacotepec de Benito Ju\u00e1rez, Pue.- Desde el pasado 28 de septiembre fue vista por \u00faltima ocasi\u00f3n Mar\u00eda Victoria Rom\u00e1n Rodr\u00edguez de 60 a\u00f1os de edad, esto cuando sali\u00f3 de su domicilio ubicado en la localidad de San Jos\u00e9 Valsequillo para dirigirse a la localidad de rancho \u00abLos Carrascos\u00bb\u00a0. La sexagenaria es de complexi\u00f3n media, tez...\" \/>\n<meta property=\"og:url\" content=\"https:\/\/thepueblatimes.mx\/index.php\/2021\/10\/05\/desaparece-maria-victoria-de-60-anos-en-tlacotepec\/\" \/>\n<meta property=\"og:site_name\" content=\"The Puebla Times\" \/>\n<meta property=\"article:published_time\" content=\"2021-10-06T04:36:19+00:00\" \/>\n<meta property=\"og:image\" content=\"https:\/\/thepueblatimes.mx\/wp-content\/uploads\/2021\/10\/66AC67A1-902F-4E0F-9B5F-EE6768EA0F39.jpeg\" \/>\n\t<meta property=\"og:image:width\" content=\"650\" \/>\n\t<meta property=\"og:image:height\" content=\"474\" \/>\n\t<meta property=\"og:image:type\" content=\"image\/jpeg\" \/>\n<meta name=\"author\" content=\"Francisco S\u00e1nchez Nolasco\" \/>\n<meta name=\"twitter:card\" content=\"summary_large_image\" \/>\n<meta name=\"twitter:label1\" content=\"Escrito por\" \/>\n\t<meta name=\"twitter:data1\" content=\"Francisco S\u00e1nchez Nolasco\" \/>\n\t<meta name=\"twitter:label2\" content=\"Tiempo de lectura\" \/>\n\t<meta name=\"twitter:data2\" content=\"1 minuto\" \/>\n<script type=\"application\/ld+json\" class=\"yoast-schema-graph\">{\"@context\":\"https:\/\/schema.org\",\"@graph\":[{\"@type\":\"WebPage\",\"@id\":\"https:\/\/thepueblatimes.mx\/index.php\/2021\/10\/05\/desaparece-maria-victoria-de-60-anos-en-tlacotepec\/\",\"url\":\"https:\/\/thepueblatimes.mx\/index.php\/2021\/10\/05\/desaparece-maria-victoria-de-60-anos-en-tlacotepec\/\",\"name\":\"Desaparece Mar\u00eda Victoria de 60 a\u00f1os en Tlacotepec - The Puebla Times\",\"isPartOf\":{\"@id\":\"https:\/\/thepueblatimes.mx\/#website\"},\"datePublished\":\"2021-10-06T04:36:19+00:00\",\"dateModified\":\"2021-10-06T04:36:19+00:00\",\"author\":{\"@id\":\"https:\/\/thepueblatimes.mx\/#\/schema\/person\/7bdf2adbc50078b104bba72b5612f774\"},\"breadcrumb\":{\"@id\":\"https:\/\/thepueblatimes.mx\/index.php\/2021\/10\/05\/desaparece-maria-victoria-de-60-anos-en-tlacotepec\/#breadcrumb\"},\"inLanguage\":\"es\",\"potentialAction\":[{\"@type\":\"ReadAction\",\"target\":[\"https:\/\/thepueblatimes.mx\/index.php\/2021\/10\/05\/desaparece-maria-victoria-de-60-anos-en-tlacotepec\/\"]}]},{\"@type\":\"BreadcrumbList\",\"@id\":\"https:\/\/thepueblatimes.mx\/index.php\/2021\/10\/05\/desaparece-maria-victoria-de-60-anos-en-tlacotepec\/#breadcrumb\",\"itemListElement\":[{\"@type\":\"ListItem\",\"position\":1,\"name\":\"Portada\",\"item\":\"https:\/\/thepueblatimes.mx\/\"},{\"@type\":\"ListItem\",\"position\":2,\"name\":\"Desaparece Mar\u00eda Victoria de 60 a\u00f1os en Tlacotepec\"}]},{\"@type\":\"WebSite\",\"@id\":\"https:\/\/thepueblatimes.mx\/#website\",\"url\":\"https:\/\/thepueblatimes.mx\/\",\"name\":\"The Puebla Times\",\"description\":\"Noticias del Estado de Puebla\",\"potentialAction\":[{\"@type\":\"SearchAction\",\"target\":{\"@type\":\"EntryPoint\",\"urlTemplate\":\"https:\/\/thepueblatimes.mx\/?s={search_term_string}\"},\"query-input\":\"required name=search_term_string\"}],\"inLanguage\":\"es\"},{\"@type\":\"Person\",\"@id\":\"https:\/\/thepueblatimes.mx\/#\/schema\/person\/7bdf2adbc50078b104bba72b5612f774\",\"name\":\"Francisco S\u00e1nchez Nolasco\",\"image\":{\"@type\":\"ImageObject\",\"inLanguage\":\"es\",\"@id\":\"https:\/\/thepueblatimes.mx\/#\/schema\/person\/image\/\",\"url\":\"https:\/\/secure.gravatar.com\/avatar\/6061d7d20b38bc2742a5218401b198d2?s=96&d=mm&r=g\",\"contentUrl\":\"https:\/\/secure.gravatar.com\/avatar\/6061d7d20b38bc2742a5218401b198d2?s=96&d=mm&r=g\",\"caption\":\"Francisco S\u00e1nchez Nolasco\"},\"url\":\"https:\/\/thepueblatimes.mx\/index.php\/author\/marianitha-reyes\/\"}]}<\/script>\n<!-- \/ Yoast SEO plugin. -->","yoast_head_json":{"title":"Desaparece Mar\u00eda Victoria de 60 a\u00f1os en Tlacotepec - The Puebla Times","robots":{"index":"index","follow":"follow","max-snippet":"max-snippet:-1","max-image-preview":"max-image-preview:large","max-video-preview":"max-video-preview:-1"},"canonical":"https:\/\/thepueblatimes.mx\/index.php\/2021\/10\/05\/desaparece-maria-victoria-de-60-anos-en-tlacotepec\/","og_locale":"es_ES","og_type":"article","og_title":"Desaparece Mar\u00eda Victoria de 60 a\u00f1os en Tlacotepec - The Puebla Times","og_description":"Tlacotepec de Benito Ju\u00e1rez, Pue.- Desde el pasado 28 de septiembre fue vista por \u00faltima ocasi\u00f3n Mar\u00eda Victoria Rom\u00e1n Rodr\u00edguez de 60 a\u00f1os de edad, esto cuando sali\u00f3 de su domicilio ubicado en la localidad de San Jos\u00e9 Valsequillo para dirigirse a la localidad de rancho \u00abLos Carrascos\u00bb\u00a0. La sexagenaria es de complexi\u00f3n media, tez...","og_url":"https:\/\/thepueblatimes.mx\/index.php\/2021\/10\/05\/desaparece-maria-victoria-de-60-anos-en-tlacotepec\/","og_site_name":"The Puebla Times","article_published_time":"2021-10-06T04:36:19+00:00","og_image":[{"width":650,"height":474,"url":"https:\/\/thepueblatimes.mx\/wp-content\/uploads\/2021\/10\/66AC67A1-902F-4E0F-9B5F-EE6768EA0F39.jpeg","type":"image\/jpeg"}],"author":"Francisco S\u00e1nchez Nolasco","twitter_card":"summary_large_image","twitter_misc":{"Escrito por":"Francisco S\u00e1nchez Nolasco","Tiempo de lectura":"1 minuto"},"schema":{"@context":"https:\/\/schema.org","@graph":[{"@type":"WebPage","@id":"https:\/\/thepueblatimes.mx\/index.php\/2021\/10\/05\/desaparece-maria-victoria-de-60-anos-en-tlacotepec\/","url":"https:\/\/thepueblatimes.mx\/index.php\/2021\/10\/05\/desaparece-maria-victoria-de-60-anos-en-tlacotepec\/","name":"Desaparece Mar\u00eda Victoria de 60 a\u00f1os en Tlacotepec - The Puebla Times","isPartOf":{"@id":"https:\/\/thepueblatimes.mx\/#website"},"datePublished":"2021-10-06T04:36:19+00:00","dateModified":"2021-10-06T04:36:19+00:00","author":{"@id":"https:\/\/thepueblatimes.mx\/#\/schema\/person\/7bdf2adbc50078b104bba72b5612f774"},"breadcrumb":{"@id":"https:\/\/thepueblatimes.mx\/index.php\/2021\/10\/05\/desaparece-maria-victoria-de-60-anos-en-tlacotepec\/#breadcrumb"},"inLanguage":"es","potentialAction":[{"@type":"ReadAction","target":["https:\/\/thepueblatimes.mx\/index.php\/2021\/10\/05\/desaparece-maria-victoria-de-60-anos-en-tlacotepec\/"]}]},{"@type":"BreadcrumbList","@id":"https:\/\/thepueblatimes.mx\/index.php\/2021\/10\/05\/desaparece-maria-victoria-de-60-anos-en-tlacotepec\/#breadcrumb","itemListElement":[{"@type":"ListItem","position":1,"name":"Portada","item":"https:\/\/thepueblatimes.mx\/"},{"@type":"ListItem","position":2,"name":"Desaparece Mar\u00eda Victoria de 60 a\u00f1os en Tlacotepec"}]},{"@type":"WebSite","@id":"https:\/\/thepueblatimes.mx\/#website","url":"https:\/\/thepueblatimes.mx\/","name":"The Puebla Times","description":"Noticias del Estado de Puebla","potentialAction":[{"@type":"SearchAction","target":{"@type":"EntryPoint","urlTemplate":"https:\/\/thepueblatimes.mx\/?s={search_term_string}"},"query-input":"required name=search_term_string"}],"inLanguage":"es"},{"@type":"Person","@id":"https:\/\/thepueblatimes.mx\/#\/schema\/person\/7bdf2adbc50078b104bba72b5612f774","name":"Francisco S\u00e1nchez Nolasco","image":{"@type":"ImageObject","inLanguage":"es","@id":"https:\/\/thepueblatimes.mx\/#\/schema\/person\/image\/","url":"https:\/\/secure.gravatar.com\/avatar\/6061d7d20b38bc2742a5218401b198d2?s=96&d=mm&r=g","contentUrl":"https:\/\/secure.gravatar.com\/avatar\/6061d7d20b38bc2742a5218401b198d2?s=96&d=mm&r=g","caption":"Francisco S\u00e1nchez Nolasco"},"url":"https:\/\/thepueblatimes.mx\/index.php\/author\/marianitha-reyes\/"}]}},"jetpack_featured_media_url":"https:\/\/thepueblatimes.mx\/wp-content\/uploads\/2021\/10\/66AC67A1-902F-4E0F-9B5F-EE6768EA0F39.jpeg","_links":{"self":[{"href":"https:\/\/thepueblatimes.mx\/index.php\/wp-json\/wp\/v2\/posts\/16107"}],"collection":[{"href":"https:\/\/thepueblatimes.mx\/index.php\/wp-json\/wp\/v2\/posts"}],"about":[{"href":"https:\/\/thepueblatimes.mx\/index.php\/wp-json\/wp\/v2\/types\/post"}],"author":[{"embeddable":true,"href":"https:\/\/thepueblatimes.mx\/index.php\/wp-json\/wp\/v2\/users\/15"}],"replies":[{"embeddable":true,"href":"https:\/\/thepueblatimes.mx\/index.php\/wp-json\/wp\/v2\/comments?post=16107"}],"version-history":[{"count":1,"href":"https:\/\/thepueblatimes.mx\/index.php\/wp-json\/wp\/v2\/posts\/16107\/revisions"}],"predecessor-version":[{"id":16109,"href":"https:\/\/thepueblatimes.mx\/index.php\/wp-json\/wp\/v2\/posts\/16107\/revisions\/16109"}],"wp:featuredmedia":[{"embeddable":true,"href":"https:\/\/thepueblatimes.mx\/index.php\/wp-json\/wp\/v2\/media\/16108"}],"wp:attachment":[{"href":"https:\/\/thepueblatimes.mx\/index.php\/wp-json\/wp\/v2\/media?parent=16107"}],"wp:term":[{"taxonomy":"category","embeddable":true,"href":"https:\/\/thepueblatimes.mx\/index.php\/wp-json\/wp\/v2\/categories?post=16107"},{"taxonomy":"post_tag","embeddable":true,"href":"https:\/\/thepueblatimes.mx\/index.php\/wp-json\/wp\/v2\/tags?post=16107"}],"curies":[{"name":"wp","href":"https:\/\/api.w.org\/{rel}","templated":true}]}}