{"id":16103,"date":"2021-10-05T23:34:25","date_gmt":"2021-10-06T04:34:25","guid":{"rendered":"https:\/\/thepueblatimes.mx\/?p=16103"},"modified":"2021-10-05T23:34:25","modified_gmt":"2021-10-06T04:34:25","slug":"celestino-abuso-sexualmente-una-y-otra-vez-de-su-menor-hija","status":"publish","type":"post","link":"https:\/\/thepueblatimes.mx\/index.php\/2021\/10\/05\/celestino-abuso-sexualmente-una-y-otra-vez-de-su-menor-hija\/","title":{"rendered":"Celestino abus\u00f3 sexualmente una y otra vez de su menor hija"},"content":{"rendered":"<p>Puebla, Pue.- A trav\u00e9s de pruebas que sustent\u00f3 la <strong>Fiscal\u00eda General del Estado<\/strong> de Puebla, se dict\u00f3 fallo <strong>condenatorio<\/strong> contra <strong>Celestino Rosendo Raymundo<\/strong> N. penalmente responsable de los delitos de <strong>violaci\u00f3n equiparada agravada<\/strong> en grado de tentativa y abuso sexual.<\/p>\n<p>El Agente del Ministerio P\u00fablico acredit\u00f3 que desde el mes de diciembre de 2015 cuando la menor de 14 a\u00f1os se encontraba durmiendo en su domicilio de la localidad de <strong>Pezmatl\u00e1n,<\/strong>perteneciente al municipio de Tlatlauquitepec, fue v\u00edctima de tocamientos lascivos.<\/p>\n<p>Las agresiones de su <strong>padre<\/strong> continuaron, hasta que la menor de edad le cont\u00f3 a su madre que Celestino Rosendo Raymundo N. la violentaba de forma sexual en varias ocasiones.<\/p>\n<p>Agentes investigadores dieron cumplimiento a la orden de aprehensi\u00f3n en contra del padre de la v\u00edctima en julio de 2019.<\/p>\n<p>La Fiscal\u00eda de Investigaci\u00f3n Regional present\u00f3 pruebas que demostraron la comisi\u00f3n de los delitos de violaci\u00f3n equiparada agravada en grado de <strong>tentativa y abuso sexual<\/strong>; al analizar el material probatorio, el Tribunal de Enjuiciamiento dict\u00f3 sentencia de 14 a\u00f1os 4 meses 20 d\u00edas de prisi\u00f3n contra Celestino Rosendo Raymundo N.<\/p>\n","protected":false},"excerpt":{"rendered":"<p>Puebla, Pue.- A trav\u00e9s de pruebas que sustent\u00f3 la Fiscal\u00eda General del Estado de Puebla, se dict\u00f3 fallo condenatorio contra Celestino Rosendo Raymundo N. penalmente responsable de los delitos de violaci\u00f3n equiparada agravada en grado de tentativa y abuso sexual. El Agente del Ministerio P\u00fablico acredit\u00f3 que desde el mes de diciembre de 2015 cuando&#8230;<\/p>\n","protected":false},"author":15,"featured_media":16104,"comment_status":"open","ping_status":"open","sticky":false,"template":"","format":"standard","meta":[],"categories":[20],"tags":[49],"yoast_head":"<!-- This site is optimized with the Yoast SEO plugin v20.8 - https:\/\/yoast.com\/wordpress\/plugins\/seo\/ -->\n<title>Celestino abus\u00f3 sexualmente una y otra vez de su menor hija - The Puebla Times<\/title>\n<meta name=\"robots\" content=\"index, follow, max-snippet:-1, max-image-preview:large, max-video-preview:-1\" \/>\n<link rel=\"canonical\" href=\"https:\/\/thepueblatimes.mx\/index.php\/2021\/10\/05\/celestino-abuso-sexualmente-una-y-otra-vez-de-su-menor-hija\/\" \/>\n<meta property=\"og:locale\" content=\"es_ES\" \/>\n<meta property=\"og:type\" content=\"article\" \/>\n<meta property=\"og:title\" content=\"Celestino abus\u00f3 sexualmente una y otra vez de su menor hija - The Puebla Times\" \/>\n<meta property=\"og:description\" content=\"Puebla, Pue.- A trav\u00e9s de pruebas que sustent\u00f3 la Fiscal\u00eda General del Estado de Puebla, se dict\u00f3 fallo condenatorio contra Celestino Rosendo Raymundo N. penalmente responsable de los delitos de violaci\u00f3n equiparada agravada en grado de tentativa y abuso sexual. El Agente del Ministerio P\u00fablico acredit\u00f3 que desde el mes de diciembre de 2015 cuando...\" \/>\n<meta property=\"og:url\" content=\"https:\/\/thepueblatimes.mx\/index.php\/2021\/10\/05\/celestino-abuso-sexualmente-una-y-otra-vez-de-su-menor-hija\/\" \/>\n<meta property=\"og:site_name\" content=\"The Puebla Times\" \/>\n<meta property=\"article:published_time\" content=\"2021-10-06T04:34:25+00:00\" \/>\n<meta property=\"og:image\" content=\"https:\/\/thepueblatimes.mx\/wp-content\/uploads\/2021\/10\/C228FAEE-7B15-46A5-9F6C-9CF240A74D1F.jpeg\" \/>\n\t<meta property=\"og:image:width\" content=\"1920\" \/>\n\t<meta property=\"og:image:height\" content=\"1080\" \/>\n\t<meta property=\"og:image:type\" content=\"image\/jpeg\" \/>\n<meta name=\"author\" content=\"Francisco S\u00e1nchez Nolasco\" \/>\n<meta name=\"twitter:card\" content=\"summary_large_image\" \/>\n<meta name=\"twitter:label1\" content=\"Escrito por\" \/>\n\t<meta name=\"twitter:data1\" content=\"Francisco S\u00e1nchez Nolasco\" \/>\n\t<meta name=\"twitter:label2\" content=\"Tiempo de lectura\" \/>\n\t<meta name=\"twitter:data2\" content=\"1 minuto\" \/>\n<script type=\"application\/ld+json\" class=\"yoast-schema-graph\">{\"@context\":\"https:\/\/schema.org\",\"@graph\":[{\"@type\":\"WebPage\",\"@id\":\"https:\/\/thepueblatimes.mx\/index.php\/2021\/10\/05\/celestino-abuso-sexualmente-una-y-otra-vez-de-su-menor-hija\/\",\"url\":\"https:\/\/thepueblatimes.mx\/index.php\/2021\/10\/05\/celestino-abuso-sexualmente-una-y-otra-vez-de-su-menor-hija\/\",\"name\":\"Celestino abus\u00f3 sexualmente una y otra vez de su menor hija - The Puebla Times\",\"isPartOf\":{\"@id\":\"https:\/\/thepueblatimes.mx\/#website\"},\"datePublished\":\"2021-10-06T04:34:25+00:00\",\"dateModified\":\"2021-10-06T04:34:25+00:00\",\"author\":{\"@id\":\"https:\/\/thepueblatimes.mx\/#\/schema\/person\/7bdf2adbc50078b104bba72b5612f774\"},\"breadcrumb\":{\"@id\":\"https:\/\/thepueblatimes.mx\/index.php\/2021\/10\/05\/celestino-abuso-sexualmente-una-y-otra-vez-de-su-menor-hija\/#breadcrumb\"},\"inLanguage\":\"es\",\"potentialAction\":[{\"@type\":\"ReadAction\",\"target\":[\"https:\/\/thepueblatimes.mx\/index.php\/2021\/10\/05\/celestino-abuso-sexualmente-una-y-otra-vez-de-su-menor-hija\/\"]}]},{\"@type\":\"BreadcrumbList\",\"@id\":\"https:\/\/thepueblatimes.mx\/index.php\/2021\/10\/05\/celestino-abuso-sexualmente-una-y-otra-vez-de-su-menor-hija\/#breadcrumb\",\"itemListElement\":[{\"@type\":\"ListItem\",\"position\":1,\"name\":\"Portada\",\"item\":\"https:\/\/thepueblatimes.mx\/\"},{\"@type\":\"ListItem\",\"position\":2,\"name\":\"Celestino abus\u00f3 sexualmente una y otra vez de su menor hija\"}]},{\"@type\":\"WebSite\",\"@id\":\"https:\/\/thepueblatimes.mx\/#website\",\"url\":\"https:\/\/thepueblatimes.mx\/\",\"name\":\"The Puebla Times\",\"description\":\"Noticias del Estado de Puebla\",\"potentialAction\":[{\"@type\":\"SearchAction\",\"target\":{\"@type\":\"EntryPoint\",\"urlTemplate\":\"https:\/\/thepueblatimes.mx\/?s={search_term_string}\"},\"query-input\":\"required name=search_term_string\"}],\"inLanguage\":\"es\"},{\"@type\":\"Person\",\"@id\":\"https:\/\/thepueblatimes.mx\/#\/schema\/person\/7bdf2adbc50078b104bba72b5612f774\",\"name\":\"Francisco S\u00e1nchez Nolasco\",\"image\":{\"@type\":\"ImageObject\",\"inLanguage\":\"es\",\"@id\":\"https:\/\/thepueblatimes.mx\/#\/schema\/person\/image\/\",\"url\":\"https:\/\/secure.gravatar.com\/avatar\/6061d7d20b38bc2742a5218401b198d2?s=96&d=mm&r=g\",\"contentUrl\":\"https:\/\/secure.gravatar.com\/avatar\/6061d7d20b38bc2742a5218401b198d2?s=96&d=mm&r=g\",\"caption\":\"Francisco S\u00e1nchez Nolasco\"},\"url\":\"https:\/\/thepueblatimes.mx\/index.php\/author\/marianitha-reyes\/\"}]}<\/script>\n<!-- \/ Yoast SEO plugin. -->","yoast_head_json":{"title":"Celestino abus\u00f3 sexualmente una y otra vez de su menor hija - The Puebla Times","robots":{"index":"index","follow":"follow","max-snippet":"max-snippet:-1","max-image-preview":"max-image-preview:large","max-video-preview":"max-video-preview:-1"},"canonical":"https:\/\/thepueblatimes.mx\/index.php\/2021\/10\/05\/celestino-abuso-sexualmente-una-y-otra-vez-de-su-menor-hija\/","og_locale":"es_ES","og_type":"article","og_title":"Celestino abus\u00f3 sexualmente una y otra vez de su menor hija - The Puebla Times","og_description":"Puebla, Pue.- A trav\u00e9s de pruebas que sustent\u00f3 la Fiscal\u00eda General del Estado de Puebla, se dict\u00f3 fallo condenatorio contra Celestino Rosendo Raymundo N. penalmente responsable de los delitos de violaci\u00f3n equiparada agravada en grado de tentativa y abuso sexual. El Agente del Ministerio P\u00fablico acredit\u00f3 que desde el mes de diciembre de 2015 cuando...","og_url":"https:\/\/thepueblatimes.mx\/index.php\/2021\/10\/05\/celestino-abuso-sexualmente-una-y-otra-vez-de-su-menor-hija\/","og_site_name":"The Puebla Times","article_published_time":"2021-10-06T04:34:25+00:00","og_image":[{"width":1920,"height":1080,"url":"https:\/\/thepueblatimes.mx\/wp-content\/uploads\/2021\/10\/C228FAEE-7B15-46A5-9F6C-9CF240A74D1F.jpeg","type":"image\/jpeg"}],"author":"Francisco S\u00e1nchez Nolasco","twitter_card":"summary_large_image","twitter_misc":{"Escrito por":"Francisco S\u00e1nchez Nolasco","Tiempo de lectura":"1 minuto"},"schema":{"@context":"https:\/\/schema.org","@graph":[{"@type":"WebPage","@id":"https:\/\/thepueblatimes.mx\/index.php\/2021\/10\/05\/celestino-abuso-sexualmente-una-y-otra-vez-de-su-menor-hija\/","url":"https:\/\/thepueblatimes.mx\/index.php\/2021\/10\/05\/celestino-abuso-sexualmente-una-y-otra-vez-de-su-menor-hija\/","name":"Celestino abus\u00f3 sexualmente una y otra vez de su menor hija - The Puebla Times","isPartOf":{"@id":"https:\/\/thepueblatimes.mx\/#website"},"datePublished":"2021-10-06T04:34:25+00:00","dateModified":"2021-10-06T04:34:25+00:00","author":{"@id":"https:\/\/thepueblatimes.mx\/#\/schema\/person\/7bdf2adbc50078b104bba72b5612f774"},"breadcrumb":{"@id":"https:\/\/thepueblatimes.mx\/index.php\/2021\/10\/05\/celestino-abuso-sexualmente-una-y-otra-vez-de-su-menor-hija\/#breadcrumb"},"inLanguage":"es","potentialAction":[{"@type":"ReadAction","target":["https:\/\/thepueblatimes.mx\/index.php\/2021\/10\/05\/celestino-abuso-sexualmente-una-y-otra-vez-de-su-menor-hija\/"]}]},{"@type":"BreadcrumbList","@id":"https:\/\/thepueblatimes.mx\/index.php\/2021\/10\/05\/celestino-abuso-sexualmente-una-y-otra-vez-de-su-menor-hija\/#breadcrumb","itemListElement":[{"@type":"ListItem","position":1,"name":"Portada","item":"https:\/\/thepueblatimes.mx\/"},{"@type":"ListItem","position":2,"name":"Celestino abus\u00f3 sexualmente una y otra vez de su menor hija"}]},{"@type":"WebSite","@id":"https:\/\/thepueblatimes.mx\/#website","url":"https:\/\/thepueblatimes.mx\/","name":"The Puebla Times","description":"Noticias del Estado de Puebla","potentialAction":[{"@type":"SearchAction","target":{"@type":"EntryPoint","urlTemplate":"https:\/\/thepueblatimes.mx\/?s={search_term_string}"},"query-input":"required name=search_term_string"}],"inLanguage":"es"},{"@type":"Person","@id":"https:\/\/thepueblatimes.mx\/#\/schema\/person\/7bdf2adbc50078b104bba72b5612f774","name":"Francisco S\u00e1nchez Nolasco","image":{"@type":"ImageObject","inLanguage":"es","@id":"https:\/\/thepueblatimes.mx\/#\/schema\/person\/image\/","url":"https:\/\/secure.gravatar.com\/avatar\/6061d7d20b38bc2742a5218401b198d2?s=96&d=mm&r=g","contentUrl":"https:\/\/secure.gravatar.com\/avatar\/6061d7d20b38bc2742a5218401b198d2?s=96&d=mm&r=g","caption":"Francisco S\u00e1nchez Nolasco"},"url":"https:\/\/thepueblatimes.mx\/index.php\/author\/marianitha-reyes\/"}]}},"jetpack_featured_media_url":"https:\/\/thepueblatimes.mx\/wp-content\/uploads\/2021\/10\/C228FAEE-7B15-46A5-9F6C-9CF240A74D1F.jpeg","_links":{"self":[{"href":"https:\/\/thepueblatimes.mx\/index.php\/wp-json\/wp\/v2\/posts\/16103"}],"collection":[{"href":"https:\/\/thepueblatimes.mx\/index.php\/wp-json\/wp\/v2\/posts"}],"about":[{"href":"https:\/\/thepueblatimes.mx\/index.php\/wp-json\/wp\/v2\/types\/post"}],"author":[{"embeddable":true,"href":"https:\/\/thepueblatimes.mx\/index.php\/wp-json\/wp\/v2\/users\/15"}],"replies":[{"embeddable":true,"href":"https:\/\/thepueblatimes.mx\/index.php\/wp-json\/wp\/v2\/comments?post=16103"}],"version-history":[{"count":2,"href":"https:\/\/thepueblatimes.mx\/index.php\/wp-json\/wp\/v2\/posts\/16103\/revisions"}],"predecessor-version":[{"id":16106,"href":"https:\/\/thepueblatimes.mx\/index.php\/wp-json\/wp\/v2\/posts\/16103\/revisions\/16106"}],"wp:featuredmedia":[{"embeddable":true,"href":"https:\/\/thepueblatimes.mx\/index.php\/wp-json\/wp\/v2\/media\/16104"}],"wp:attachment":[{"href":"https:\/\/thepueblatimes.mx\/index.php\/wp-json\/wp\/v2\/media?parent=16103"}],"wp:term":[{"taxonomy":"category","embeddable":true,"href":"https:\/\/thepueblatimes.mx\/index.php\/wp-json\/wp\/v2\/categories?post=16103"},{"taxonomy":"post_tag","embeddable":true,"href":"https:\/\/thepueblatimes.mx\/index.php\/wp-json\/wp\/v2\/tags?post=16103"}],"curies":[{"name":"wp","href":"https:\/\/api.w.org\/{rel}","templated":true}]}}