{"id":161,"date":"2020-06-17T19:21:54","date_gmt":"2020-06-18T00:21:54","guid":{"rendered":"https:\/\/thepueblatimes.mx\/?p=161"},"modified":"2020-06-17T19:21:54","modified_gmt":"2020-06-18T00:21:54","slug":"concluye-oficialmente-el-ciclo-escolar-2019-2020-sep-puebla","status":"publish","type":"post","link":"https:\/\/thepueblatimes.mx\/index.php\/2020\/06\/17\/concluye-oficialmente-el-ciclo-escolar-2019-2020-sep-puebla\/","title":{"rendered":"Concluye oficialmente el ciclo escolar 2019-2020: SEP Puebla"},"content":{"rendered":"<p><strong>Los padres de familia podr\u00e1n consultar las calificaciones en l\u00ednea.<\/strong><\/p>\n<p>Puebla, Pue.- Este viernes concluye el ciclo escolar\u00a0 2019-2020 en escuelas de educaci\u00f3n b\u00e1sica, por lo que m\u00e1s de un mill\u00f3n y medio de alumnos de preescolar, primaria y secundaria iniciar\u00e1n un periodo de receso, para regresar a las aulas el pr\u00f3ximo 10 de agosto, siempre y cuando el sem\u00e1foro sanitario marque verde, informa la Secretar\u00eda de Educaci\u00f3n.<\/p>\n<p>Puebla, Pue.- El pasado 5 de junio termin\u00f3 el programa \u201cAprende en Casa\u201d, que tuvo por objetivo fortalecer los programas de educaci\u00f3n b\u00e1sica. Si bien los instrumentos de apoyo pedag\u00f3gico b\u00e1sicos fueron los libros de texto y las sesiones de clase, los recursos secundarios como los programas de televisi\u00f3n, las plataformas de internet, tambi\u00e9n fueron de gran apoyo en los lugares en donde se tuvo acceso.<\/p>\n<p>A partir de este vienes 19 de junio, los padres de familia y alumnos podr\u00e1n consultar su calificaciones en la plataforma http:\/\/sisep.puebla.gob.mx\/sicepconsulta\/, que estar\u00e1 disponible en la p\u00e1gina oficial de la Secretar\u00eda: www.sep.puebla.gob.mx; las boletas ser\u00e1n impresas en cada escuela durante el proceso de inscripci\u00f3n que iniciar\u00e1 del 20 de julio al 7 de agosto.<\/p>\n<p>En el caso de los planteles donde no exista sistema en l\u00ednea, las escuelas entregar\u00e1n de manera impresa las boletas a partir del\u00a0 20 de julio.<\/p>\n<p>Desde este lunes 22 de junio hasta el 17 de julio, los docentes tendr\u00e1n un receso magisterial.<\/p>\n<p>La Secretar\u00eda invita a las y los padres de familia, docentes y alumnos a mantenerse informados en los sitios oficiales de la dependencia, y pone a su disposici\u00f3n las siguientes l\u00edneas telef\u00f3nicas, en las que se les atender\u00e1 de manera directa (222)2293020 y (222) 2293025.<\/p>\n","protected":false},"excerpt":{"rendered":"<p>Los padres de familia podr\u00e1n consultar las calificaciones en l\u00ednea. Puebla, Pue.- Este viernes concluye el ciclo escolar\u00a0 2019-2020 en escuelas de educaci\u00f3n b\u00e1sica, por lo que m\u00e1s de un mill\u00f3n y medio de alumnos de preescolar, primaria y secundaria iniciar\u00e1n un periodo de receso, para regresar a las aulas el pr\u00f3ximo 10 de agosto,&#8230;<\/p>\n","protected":false},"author":2,"featured_media":162,"comment_status":"open","ping_status":"open","sticky":false,"template":"","format":"standard","meta":[],"categories":[3],"tags":[30,29],"yoast_head":"<!-- This site is optimized with the Yoast SEO plugin v20.8 - https:\/\/yoast.com\/wordpress\/plugins\/seo\/ -->\n<title>Concluye oficialmente el ciclo escolar 2019-2020: SEP Puebla - The Puebla Times<\/title>\n<meta name=\"robots\" content=\"index, follow, max-snippet:-1, max-image-preview:large, max-video-preview:-1\" \/>\n<link rel=\"canonical\" href=\"https:\/\/thepueblatimes.mx\/index.php\/2020\/06\/17\/concluye-oficialmente-el-ciclo-escolar-2019-2020-sep-puebla\/\" \/>\n<meta property=\"og:locale\" content=\"es_ES\" \/>\n<meta property=\"og:type\" content=\"article\" \/>\n<meta property=\"og:title\" content=\"Concluye oficialmente el ciclo escolar 2019-2020: SEP Puebla - The Puebla Times\" \/>\n<meta property=\"og:description\" content=\"Los padres de familia podr\u00e1n consultar las calificaciones en l\u00ednea. Puebla, Pue.- Este viernes concluye el ciclo escolar\u00a0 2019-2020 en escuelas de educaci\u00f3n b\u00e1sica, por lo que m\u00e1s de un mill\u00f3n y medio de alumnos de preescolar, primaria y secundaria iniciar\u00e1n un periodo de receso, para regresar a las aulas el pr\u00f3ximo 10 de agosto,...\" \/>\n<meta property=\"og:url\" content=\"https:\/\/thepueblatimes.mx\/index.php\/2020\/06\/17\/concluye-oficialmente-el-ciclo-escolar-2019-2020-sep-puebla\/\" \/>\n<meta property=\"og:site_name\" content=\"The Puebla Times\" \/>\n<meta property=\"article:published_time\" content=\"2020-06-18T00:21:54+00:00\" \/>\n<meta property=\"og:image\" content=\"https:\/\/thepueblatimes.mx\/wp-content\/uploads\/2020\/06\/seps_0.jpeg\" \/>\n\t<meta property=\"og:image:width\" content=\"1280\" \/>\n\t<meta property=\"og:image:height\" content=\"842\" \/>\n\t<meta property=\"og:image:type\" content=\"image\/jpeg\" \/>\n<meta name=\"author\" content=\"admintpt\" \/>\n<meta name=\"twitter:card\" content=\"summary_large_image\" \/>\n<meta name=\"twitter:label1\" content=\"Escrito por\" \/>\n\t<meta name=\"twitter:data1\" content=\"admintpt\" \/>\n\t<meta name=\"twitter:label2\" content=\"Tiempo de lectura\" \/>\n\t<meta name=\"twitter:data2\" content=\"2 minutos\" \/>\n<script type=\"application\/ld+json\" class=\"yoast-schema-graph\">{\"@context\":\"https:\/\/schema.org\",\"@graph\":[{\"@type\":\"WebPage\",\"@id\":\"https:\/\/thepueblatimes.mx\/index.php\/2020\/06\/17\/concluye-oficialmente-el-ciclo-escolar-2019-2020-sep-puebla\/\",\"url\":\"https:\/\/thepueblatimes.mx\/index.php\/2020\/06\/17\/concluye-oficialmente-el-ciclo-escolar-2019-2020-sep-puebla\/\",\"name\":\"Concluye oficialmente el ciclo escolar 2019-2020: SEP Puebla - The Puebla Times\",\"isPartOf\":{\"@id\":\"https:\/\/thepueblatimes.mx\/#website\"},\"datePublished\":\"2020-06-18T00:21:54+00:00\",\"dateModified\":\"2020-06-18T00:21:54+00:00\",\"author\":{\"@id\":\"https:\/\/thepueblatimes.mx\/#\/schema\/person\/c90a455f48a80821b6a99d3d73d1a71f\"},\"breadcrumb\":{\"@id\":\"https:\/\/thepueblatimes.mx\/index.php\/2020\/06\/17\/concluye-oficialmente-el-ciclo-escolar-2019-2020-sep-puebla\/#breadcrumb\"},\"inLanguage\":\"es\",\"potentialAction\":[{\"@type\":\"ReadAction\",\"target\":[\"https:\/\/thepueblatimes.mx\/index.php\/2020\/06\/17\/concluye-oficialmente-el-ciclo-escolar-2019-2020-sep-puebla\/\"]}]},{\"@type\":\"BreadcrumbList\",\"@id\":\"https:\/\/thepueblatimes.mx\/index.php\/2020\/06\/17\/concluye-oficialmente-el-ciclo-escolar-2019-2020-sep-puebla\/#breadcrumb\",\"itemListElement\":[{\"@type\":\"ListItem\",\"position\":1,\"name\":\"Portada\",\"item\":\"https:\/\/thepueblatimes.mx\/\"},{\"@type\":\"ListItem\",\"position\":2,\"name\":\"Concluye oficialmente el ciclo escolar 2019-2020: SEP Puebla\"}]},{\"@type\":\"WebSite\",\"@id\":\"https:\/\/thepueblatimes.mx\/#website\",\"url\":\"https:\/\/thepueblatimes.mx\/\",\"name\":\"The Puebla Times\",\"description\":\"Noticias del Estado de Puebla\",\"potentialAction\":[{\"@type\":\"SearchAction\",\"target\":{\"@type\":\"EntryPoint\",\"urlTemplate\":\"https:\/\/thepueblatimes.mx\/?s={search_term_string}\"},\"query-input\":\"required name=search_term_string\"}],\"inLanguage\":\"es\"},{\"@type\":\"Person\",\"@id\":\"https:\/\/thepueblatimes.mx\/#\/schema\/person\/c90a455f48a80821b6a99d3d73d1a71f\",\"name\":\"admintpt\",\"image\":{\"@type\":\"ImageObject\",\"inLanguage\":\"es\",\"@id\":\"https:\/\/thepueblatimes.mx\/#\/schema\/person\/image\/\",\"url\":\"https:\/\/secure.gravatar.com\/avatar\/13f0a494cc76bfb992f9768b1d51109d?s=96&d=mm&r=g\",\"contentUrl\":\"https:\/\/secure.gravatar.com\/avatar\/13f0a494cc76bfb992f9768b1d51109d?s=96&d=mm&r=g\",\"caption\":\"admintpt\"},\"url\":\"https:\/\/thepueblatimes.mx\/index.php\/author\/admintpt\/\"}]}<\/script>\n<!-- \/ Yoast SEO plugin. -->","yoast_head_json":{"title":"Concluye oficialmente el ciclo escolar 2019-2020: SEP Puebla - The Puebla Times","robots":{"index":"index","follow":"follow","max-snippet":"max-snippet:-1","max-image-preview":"max-image-preview:large","max-video-preview":"max-video-preview:-1"},"canonical":"https:\/\/thepueblatimes.mx\/index.php\/2020\/06\/17\/concluye-oficialmente-el-ciclo-escolar-2019-2020-sep-puebla\/","og_locale":"es_ES","og_type":"article","og_title":"Concluye oficialmente el ciclo escolar 2019-2020: SEP Puebla - The Puebla Times","og_description":"Los padres de familia podr\u00e1n consultar las calificaciones en l\u00ednea. Puebla, Pue.- Este viernes concluye el ciclo escolar\u00a0 2019-2020 en escuelas de educaci\u00f3n b\u00e1sica, por lo que m\u00e1s de un mill\u00f3n y medio de alumnos de preescolar, primaria y secundaria iniciar\u00e1n un periodo de receso, para regresar a las aulas el pr\u00f3ximo 10 de agosto,...","og_url":"https:\/\/thepueblatimes.mx\/index.php\/2020\/06\/17\/concluye-oficialmente-el-ciclo-escolar-2019-2020-sep-puebla\/","og_site_name":"The Puebla Times","article_published_time":"2020-06-18T00:21:54+00:00","og_image":[{"width":1280,"height":842,"url":"https:\/\/thepueblatimes.mx\/wp-content\/uploads\/2020\/06\/seps_0.jpeg","type":"image\/jpeg"}],"author":"admintpt","twitter_card":"summary_large_image","twitter_misc":{"Escrito por":"admintpt","Tiempo de lectura":"2 minutos"},"schema":{"@context":"https:\/\/schema.org","@graph":[{"@type":"WebPage","@id":"https:\/\/thepueblatimes.mx\/index.php\/2020\/06\/17\/concluye-oficialmente-el-ciclo-escolar-2019-2020-sep-puebla\/","url":"https:\/\/thepueblatimes.mx\/index.php\/2020\/06\/17\/concluye-oficialmente-el-ciclo-escolar-2019-2020-sep-puebla\/","name":"Concluye oficialmente el ciclo escolar 2019-2020: SEP Puebla - The Puebla Times","isPartOf":{"@id":"https:\/\/thepueblatimes.mx\/#website"},"datePublished":"2020-06-18T00:21:54+00:00","dateModified":"2020-06-18T00:21:54+00:00","author":{"@id":"https:\/\/thepueblatimes.mx\/#\/schema\/person\/c90a455f48a80821b6a99d3d73d1a71f"},"breadcrumb":{"@id":"https:\/\/thepueblatimes.mx\/index.php\/2020\/06\/17\/concluye-oficialmente-el-ciclo-escolar-2019-2020-sep-puebla\/#breadcrumb"},"inLanguage":"es","potentialAction":[{"@type":"ReadAction","target":["https:\/\/thepueblatimes.mx\/index.php\/2020\/06\/17\/concluye-oficialmente-el-ciclo-escolar-2019-2020-sep-puebla\/"]}]},{"@type":"BreadcrumbList","@id":"https:\/\/thepueblatimes.mx\/index.php\/2020\/06\/17\/concluye-oficialmente-el-ciclo-escolar-2019-2020-sep-puebla\/#breadcrumb","itemListElement":[{"@type":"ListItem","position":1,"name":"Portada","item":"https:\/\/thepueblatimes.mx\/"},{"@type":"ListItem","position":2,"name":"Concluye oficialmente el ciclo escolar 2019-2020: SEP Puebla"}]},{"@type":"WebSite","@id":"https:\/\/thepueblatimes.mx\/#website","url":"https:\/\/thepueblatimes.mx\/","name":"The Puebla Times","description":"Noticias del Estado de Puebla","potentialAction":[{"@type":"SearchAction","target":{"@type":"EntryPoint","urlTemplate":"https:\/\/thepueblatimes.mx\/?s={search_term_string}"},"query-input":"required name=search_term_string"}],"inLanguage":"es"},{"@type":"Person","@id":"https:\/\/thepueblatimes.mx\/#\/schema\/person\/c90a455f48a80821b6a99d3d73d1a71f","name":"admintpt","image":{"@type":"ImageObject","inLanguage":"es","@id":"https:\/\/thepueblatimes.mx\/#\/schema\/person\/image\/","url":"https:\/\/secure.gravatar.com\/avatar\/13f0a494cc76bfb992f9768b1d51109d?s=96&d=mm&r=g","contentUrl":"https:\/\/secure.gravatar.com\/avatar\/13f0a494cc76bfb992f9768b1d51109d?s=96&d=mm&r=g","caption":"admintpt"},"url":"https:\/\/thepueblatimes.mx\/index.php\/author\/admintpt\/"}]}},"jetpack_featured_media_url":"https:\/\/thepueblatimes.mx\/wp-content\/uploads\/2020\/06\/seps_0.jpeg","_links":{"self":[{"href":"https:\/\/thepueblatimes.mx\/index.php\/wp-json\/wp\/v2\/posts\/161"}],"collection":[{"href":"https:\/\/thepueblatimes.mx\/index.php\/wp-json\/wp\/v2\/posts"}],"about":[{"href":"https:\/\/thepueblatimes.mx\/index.php\/wp-json\/wp\/v2\/types\/post"}],"author":[{"embeddable":true,"href":"https:\/\/thepueblatimes.mx\/index.php\/wp-json\/wp\/v2\/users\/2"}],"replies":[{"embeddable":true,"href":"https:\/\/thepueblatimes.mx\/index.php\/wp-json\/wp\/v2\/comments?post=161"}],"version-history":[{"count":1,"href":"https:\/\/thepueblatimes.mx\/index.php\/wp-json\/wp\/v2\/posts\/161\/revisions"}],"predecessor-version":[{"id":163,"href":"https:\/\/thepueblatimes.mx\/index.php\/wp-json\/wp\/v2\/posts\/161\/revisions\/163"}],"wp:featuredmedia":[{"embeddable":true,"href":"https:\/\/thepueblatimes.mx\/index.php\/wp-json\/wp\/v2\/media\/162"}],"wp:attachment":[{"href":"https:\/\/thepueblatimes.mx\/index.php\/wp-json\/wp\/v2\/media?parent=161"}],"wp:term":[{"taxonomy":"category","embeddable":true,"href":"https:\/\/thepueblatimes.mx\/index.php\/wp-json\/wp\/v2\/categories?post=161"},{"taxonomy":"post_tag","embeddable":true,"href":"https:\/\/thepueblatimes.mx\/index.php\/wp-json\/wp\/v2\/tags?post=161"}],"curies":[{"name":"wp","href":"https:\/\/api.w.org\/{rel}","templated":true}]}}