{"id":16096,"date":"2021-10-05T23:30:36","date_gmt":"2021-10-06T04:30:36","guid":{"rendered":"https:\/\/thepueblatimes.mx\/?p=16096"},"modified":"2021-10-05T23:30:36","modified_gmt":"2021-10-06T04:30:36","slug":"muere-masculino-de-paro-cardiaco-frente-a-su-madre-en-izucar","status":"publish","type":"post","link":"https:\/\/thepueblatimes.mx\/index.php\/2021\/10\/05\/muere-masculino-de-paro-cardiaco-frente-a-su-madre-en-izucar\/","title":{"rendered":"Muere masculino de paro cardiaco frente a su madre en Iz\u00facar"},"content":{"rendered":"<p>Iz\u00facar de Matamoros, Pue.- \u00a0<strong>Un masculino perdi\u00f3 la vida presuntamente de un paro cardiaco mientras caminaba por la calle a lado de su madre en el municipio de Iz\u00facar de Matamoros.\u00a0\u00a0<\/strong><\/p>\n<p>Los hechos se registraron cerca de la escuela Cbtis 184 de la colonia Rancho Juanitos, en el municipio de Iz\u00facar de Matamoros. Hasta el momento <strong>se sabe que este masculino caminaba en la zona, junto con su madre, ya que ambos viv\u00edan por el lugar.\u00a0\u00a0<\/strong><\/p>\n<p>De acuerdo a las primeras versiones el hombre mientras caminaba comenz\u00f3 a sentirse mal y se desvaneci\u00f3, por lo que vecinos de la zona pidieron auxilio al 911. Elementos policiacos y param\u00e9dicos arribaron al lugar, y al revisar al masculino confirmaron su muerte.<\/p>\n","protected":false},"excerpt":{"rendered":"<p>Iz\u00facar de Matamoros, Pue.- \u00a0Un masculino perdi\u00f3 la vida presuntamente de un paro cardiaco mientras caminaba por la calle a lado de su madre en el municipio de Iz\u00facar de Matamoros.\u00a0\u00a0 Los hechos se registraron cerca de la escuela Cbtis 184 de la colonia Rancho Juanitos, en el municipio de Iz\u00facar de Matamoros. Hasta el&#8230;<\/p>\n","protected":false},"author":15,"featured_media":16097,"comment_status":"open","ping_status":"open","sticky":false,"template":"","format":"standard","meta":[],"categories":[20],"tags":[49],"yoast_head":"<!-- This site is optimized with the Yoast SEO plugin v20.8 - https:\/\/yoast.com\/wordpress\/plugins\/seo\/ -->\n<title>Muere masculino de paro cardiaco frente a su madre en Iz\u00facar - The Puebla Times<\/title>\n<meta name=\"robots\" content=\"index, follow, max-snippet:-1, max-image-preview:large, max-video-preview:-1\" \/>\n<link rel=\"canonical\" href=\"https:\/\/thepueblatimes.mx\/index.php\/2021\/10\/05\/muere-masculino-de-paro-cardiaco-frente-a-su-madre-en-izucar\/\" \/>\n<meta property=\"og:locale\" content=\"es_ES\" \/>\n<meta property=\"og:type\" content=\"article\" \/>\n<meta property=\"og:title\" content=\"Muere masculino de paro cardiaco frente a su madre en Iz\u00facar - The Puebla Times\" \/>\n<meta property=\"og:description\" content=\"Iz\u00facar de Matamoros, Pue.- \u00a0Un masculino perdi\u00f3 la vida presuntamente de un paro cardiaco mientras caminaba por la calle a lado de su madre en el municipio de Iz\u00facar de Matamoros.\u00a0\u00a0 Los hechos se registraron cerca de la escuela Cbtis 184 de la colonia Rancho Juanitos, en el municipio de Iz\u00facar de Matamoros. Hasta el...\" \/>\n<meta property=\"og:url\" content=\"https:\/\/thepueblatimes.mx\/index.php\/2021\/10\/05\/muere-masculino-de-paro-cardiaco-frente-a-su-madre-en-izucar\/\" \/>\n<meta property=\"og:site_name\" content=\"The Puebla Times\" \/>\n<meta property=\"article:published_time\" content=\"2021-10-06T04:30:36+00:00\" \/>\n<meta property=\"og:image\" content=\"https:\/\/thepueblatimes.mx\/wp-content\/uploads\/2021\/10\/5351F0DF-3CB0-4EB6-804C-7877EADD396E.jpeg\" \/>\n\t<meta property=\"og:image:width\" content=\"1140\" \/>\n\t<meta property=\"og:image:height\" content=\"712\" \/>\n\t<meta property=\"og:image:type\" content=\"image\/jpeg\" \/>\n<meta name=\"author\" content=\"Francisco S\u00e1nchez Nolasco\" \/>\n<meta name=\"twitter:card\" content=\"summary_large_image\" \/>\n<meta name=\"twitter:label1\" content=\"Escrito por\" \/>\n\t<meta name=\"twitter:data1\" content=\"Francisco S\u00e1nchez Nolasco\" \/>\n\t<meta name=\"twitter:label2\" content=\"Tiempo de lectura\" \/>\n\t<meta name=\"twitter:data2\" content=\"1 minuto\" \/>\n<script type=\"application\/ld+json\" class=\"yoast-schema-graph\">{\"@context\":\"https:\/\/schema.org\",\"@graph\":[{\"@type\":\"WebPage\",\"@id\":\"https:\/\/thepueblatimes.mx\/index.php\/2021\/10\/05\/muere-masculino-de-paro-cardiaco-frente-a-su-madre-en-izucar\/\",\"url\":\"https:\/\/thepueblatimes.mx\/index.php\/2021\/10\/05\/muere-masculino-de-paro-cardiaco-frente-a-su-madre-en-izucar\/\",\"name\":\"Muere masculino de paro cardiaco frente a su madre en Iz\u00facar - The Puebla Times\",\"isPartOf\":{\"@id\":\"https:\/\/thepueblatimes.mx\/#website\"},\"datePublished\":\"2021-10-06T04:30:36+00:00\",\"dateModified\":\"2021-10-06T04:30:36+00:00\",\"author\":{\"@id\":\"https:\/\/thepueblatimes.mx\/#\/schema\/person\/7bdf2adbc50078b104bba72b5612f774\"},\"breadcrumb\":{\"@id\":\"https:\/\/thepueblatimes.mx\/index.php\/2021\/10\/05\/muere-masculino-de-paro-cardiaco-frente-a-su-madre-en-izucar\/#breadcrumb\"},\"inLanguage\":\"es\",\"potentialAction\":[{\"@type\":\"ReadAction\",\"target\":[\"https:\/\/thepueblatimes.mx\/index.php\/2021\/10\/05\/muere-masculino-de-paro-cardiaco-frente-a-su-madre-en-izucar\/\"]}]},{\"@type\":\"BreadcrumbList\",\"@id\":\"https:\/\/thepueblatimes.mx\/index.php\/2021\/10\/05\/muere-masculino-de-paro-cardiaco-frente-a-su-madre-en-izucar\/#breadcrumb\",\"itemListElement\":[{\"@type\":\"ListItem\",\"position\":1,\"name\":\"Portada\",\"item\":\"https:\/\/thepueblatimes.mx\/\"},{\"@type\":\"ListItem\",\"position\":2,\"name\":\"Muere masculino de paro cardiaco frente a su madre en Iz\u00facar\"}]},{\"@type\":\"WebSite\",\"@id\":\"https:\/\/thepueblatimes.mx\/#website\",\"url\":\"https:\/\/thepueblatimes.mx\/\",\"name\":\"The Puebla Times\",\"description\":\"Noticias del Estado de Puebla\",\"potentialAction\":[{\"@type\":\"SearchAction\",\"target\":{\"@type\":\"EntryPoint\",\"urlTemplate\":\"https:\/\/thepueblatimes.mx\/?s={search_term_string}\"},\"query-input\":\"required name=search_term_string\"}],\"inLanguage\":\"es\"},{\"@type\":\"Person\",\"@id\":\"https:\/\/thepueblatimes.mx\/#\/schema\/person\/7bdf2adbc50078b104bba72b5612f774\",\"name\":\"Francisco S\u00e1nchez Nolasco\",\"image\":{\"@type\":\"ImageObject\",\"inLanguage\":\"es\",\"@id\":\"https:\/\/thepueblatimes.mx\/#\/schema\/person\/image\/\",\"url\":\"https:\/\/secure.gravatar.com\/avatar\/6061d7d20b38bc2742a5218401b198d2?s=96&d=mm&r=g\",\"contentUrl\":\"https:\/\/secure.gravatar.com\/avatar\/6061d7d20b38bc2742a5218401b198d2?s=96&d=mm&r=g\",\"caption\":\"Francisco S\u00e1nchez Nolasco\"},\"url\":\"https:\/\/thepueblatimes.mx\/index.php\/author\/marianitha-reyes\/\"}]}<\/script>\n<!-- \/ Yoast SEO plugin. -->","yoast_head_json":{"title":"Muere masculino de paro cardiaco frente a su madre en Iz\u00facar - The Puebla Times","robots":{"index":"index","follow":"follow","max-snippet":"max-snippet:-1","max-image-preview":"max-image-preview:large","max-video-preview":"max-video-preview:-1"},"canonical":"https:\/\/thepueblatimes.mx\/index.php\/2021\/10\/05\/muere-masculino-de-paro-cardiaco-frente-a-su-madre-en-izucar\/","og_locale":"es_ES","og_type":"article","og_title":"Muere masculino de paro cardiaco frente a su madre en Iz\u00facar - The Puebla Times","og_description":"Iz\u00facar de Matamoros, Pue.- \u00a0Un masculino perdi\u00f3 la vida presuntamente de un paro cardiaco mientras caminaba por la calle a lado de su madre en el municipio de Iz\u00facar de Matamoros.\u00a0\u00a0 Los hechos se registraron cerca de la escuela Cbtis 184 de la colonia Rancho Juanitos, en el municipio de Iz\u00facar de Matamoros. Hasta el...","og_url":"https:\/\/thepueblatimes.mx\/index.php\/2021\/10\/05\/muere-masculino-de-paro-cardiaco-frente-a-su-madre-en-izucar\/","og_site_name":"The Puebla Times","article_published_time":"2021-10-06T04:30:36+00:00","og_image":[{"width":1140,"height":712,"url":"https:\/\/thepueblatimes.mx\/wp-content\/uploads\/2021\/10\/5351F0DF-3CB0-4EB6-804C-7877EADD396E.jpeg","type":"image\/jpeg"}],"author":"Francisco S\u00e1nchez Nolasco","twitter_card":"summary_large_image","twitter_misc":{"Escrito por":"Francisco S\u00e1nchez Nolasco","Tiempo de lectura":"1 minuto"},"schema":{"@context":"https:\/\/schema.org","@graph":[{"@type":"WebPage","@id":"https:\/\/thepueblatimes.mx\/index.php\/2021\/10\/05\/muere-masculino-de-paro-cardiaco-frente-a-su-madre-en-izucar\/","url":"https:\/\/thepueblatimes.mx\/index.php\/2021\/10\/05\/muere-masculino-de-paro-cardiaco-frente-a-su-madre-en-izucar\/","name":"Muere masculino de paro cardiaco frente a su madre en Iz\u00facar - The Puebla Times","isPartOf":{"@id":"https:\/\/thepueblatimes.mx\/#website"},"datePublished":"2021-10-06T04:30:36+00:00","dateModified":"2021-10-06T04:30:36+00:00","author":{"@id":"https:\/\/thepueblatimes.mx\/#\/schema\/person\/7bdf2adbc50078b104bba72b5612f774"},"breadcrumb":{"@id":"https:\/\/thepueblatimes.mx\/index.php\/2021\/10\/05\/muere-masculino-de-paro-cardiaco-frente-a-su-madre-en-izucar\/#breadcrumb"},"inLanguage":"es","potentialAction":[{"@type":"ReadAction","target":["https:\/\/thepueblatimes.mx\/index.php\/2021\/10\/05\/muere-masculino-de-paro-cardiaco-frente-a-su-madre-en-izucar\/"]}]},{"@type":"BreadcrumbList","@id":"https:\/\/thepueblatimes.mx\/index.php\/2021\/10\/05\/muere-masculino-de-paro-cardiaco-frente-a-su-madre-en-izucar\/#breadcrumb","itemListElement":[{"@type":"ListItem","position":1,"name":"Portada","item":"https:\/\/thepueblatimes.mx\/"},{"@type":"ListItem","position":2,"name":"Muere masculino de paro cardiaco frente a su madre en Iz\u00facar"}]},{"@type":"WebSite","@id":"https:\/\/thepueblatimes.mx\/#website","url":"https:\/\/thepueblatimes.mx\/","name":"The Puebla Times","description":"Noticias del Estado de Puebla","potentialAction":[{"@type":"SearchAction","target":{"@type":"EntryPoint","urlTemplate":"https:\/\/thepueblatimes.mx\/?s={search_term_string}"},"query-input":"required name=search_term_string"}],"inLanguage":"es"},{"@type":"Person","@id":"https:\/\/thepueblatimes.mx\/#\/schema\/person\/7bdf2adbc50078b104bba72b5612f774","name":"Francisco S\u00e1nchez Nolasco","image":{"@type":"ImageObject","inLanguage":"es","@id":"https:\/\/thepueblatimes.mx\/#\/schema\/person\/image\/","url":"https:\/\/secure.gravatar.com\/avatar\/6061d7d20b38bc2742a5218401b198d2?s=96&d=mm&r=g","contentUrl":"https:\/\/secure.gravatar.com\/avatar\/6061d7d20b38bc2742a5218401b198d2?s=96&d=mm&r=g","caption":"Francisco S\u00e1nchez Nolasco"},"url":"https:\/\/thepueblatimes.mx\/index.php\/author\/marianitha-reyes\/"}]}},"jetpack_featured_media_url":"https:\/\/thepueblatimes.mx\/wp-content\/uploads\/2021\/10\/5351F0DF-3CB0-4EB6-804C-7877EADD396E.jpeg","_links":{"self":[{"href":"https:\/\/thepueblatimes.mx\/index.php\/wp-json\/wp\/v2\/posts\/16096"}],"collection":[{"href":"https:\/\/thepueblatimes.mx\/index.php\/wp-json\/wp\/v2\/posts"}],"about":[{"href":"https:\/\/thepueblatimes.mx\/index.php\/wp-json\/wp\/v2\/types\/post"}],"author":[{"embeddable":true,"href":"https:\/\/thepueblatimes.mx\/index.php\/wp-json\/wp\/v2\/users\/15"}],"replies":[{"embeddable":true,"href":"https:\/\/thepueblatimes.mx\/index.php\/wp-json\/wp\/v2\/comments?post=16096"}],"version-history":[{"count":2,"href":"https:\/\/thepueblatimes.mx\/index.php\/wp-json\/wp\/v2\/posts\/16096\/revisions"}],"predecessor-version":[{"id":16099,"href":"https:\/\/thepueblatimes.mx\/index.php\/wp-json\/wp\/v2\/posts\/16096\/revisions\/16099"}],"wp:featuredmedia":[{"embeddable":true,"href":"https:\/\/thepueblatimes.mx\/index.php\/wp-json\/wp\/v2\/media\/16097"}],"wp:attachment":[{"href":"https:\/\/thepueblatimes.mx\/index.php\/wp-json\/wp\/v2\/media?parent=16096"}],"wp:term":[{"taxonomy":"category","embeddable":true,"href":"https:\/\/thepueblatimes.mx\/index.php\/wp-json\/wp\/v2\/categories?post=16096"},{"taxonomy":"post_tag","embeddable":true,"href":"https:\/\/thepueblatimes.mx\/index.php\/wp-json\/wp\/v2\/tags?post=16096"}],"curies":[{"name":"wp","href":"https:\/\/api.w.org\/{rel}","templated":true}]}}