{"id":16093,"date":"2021-10-05T23:28:12","date_gmt":"2021-10-06T04:28:12","guid":{"rendered":"https:\/\/thepueblatimes.mx\/?p=16093"},"modified":"2021-10-05T23:28:12","modified_gmt":"2021-10-06T04:28:12","slug":"eulalio-de-62-anos-violo-a-su-ex-pareja-en-la-colonia-azcarate-en-puebla","status":"publish","type":"post","link":"https:\/\/thepueblatimes.mx\/index.php\/2021\/10\/05\/eulalio-de-62-anos-violo-a-su-ex-pareja-en-la-colonia-azcarate-en-puebla\/","title":{"rendered":"Eulalio de 62 a\u00f1os viol\u00f3 a su ex pareja en la colonia Azcarate en Puebla"},"content":{"rendered":"<p>Puebla, Pue.- La Fiscal\u00eda General del Estado de Puebla a trav\u00e9s del Agente del Ministerio P\u00fablico obtuvo la <strong>vinculaci\u00f3n a proceso de Efra\u00edn Eulalio N. de 62 a\u00f1os de edad, presunto responsable del delito de violaci\u00f3n.<\/strong><\/p>\n<p>De acuerdo con la denuncia, la madrugada del 29 de abril de 2021, el imputado lleg\u00f3 al domicilio de la v\u00edctima en la <strong>colonia Azcarate <\/strong>de la ciudad de <strong>Puebla<\/strong>. Bajo el enga\u00f1o de querer arreglar conflictos entre ambos, <strong>Efra\u00edn Eulalio N. ingres\u00f3 a la vivienda donde mediante el uso de la fuerza la atac\u00f3 sexualmente y la amenaz\u00f3 con privarla de la vida.<\/strong><\/p>\n<p>El se\u00f1alado fue detenido en Cuernavaca por agentes investigadores de la Fiscal\u00eda de Puebla en colaboraci\u00f3n con autoridades del estado de Morelos y puesto a disposici\u00f3n de la autoridad ministerial quien integr\u00f3 la Carpeta de Investigaci\u00f3n respecto al hecho con apariencia de delito.<\/p>\n<p>Fue en el desahogo de la audiencia cuando la Fiscal\u00eda Especializada en Investigaci\u00f3n de Delitos de Violencia de G\u00e9nero contra las Mujeres expuso medios de prueba ante el Juez de Control quien determin\u00f3 vincular a proceso a Efra\u00edn Eulalio N. por el delito de violaci\u00f3n.<\/p>\n<p>El imputado deber\u00e1 permanecer en prisi\u00f3n preventiva oficiosa como medida cautelar hasta que concluya la investigaci\u00f3n complementaria.<\/p>\n","protected":false},"excerpt":{"rendered":"<p>Puebla, Pue.- La Fiscal\u00eda General del Estado de Puebla a trav\u00e9s del Agente del Ministerio P\u00fablico obtuvo la vinculaci\u00f3n a proceso de Efra\u00edn Eulalio N. de 62 a\u00f1os de edad, presunto responsable del delito de violaci\u00f3n. De acuerdo con la denuncia, la madrugada del 29 de abril de 2021, el imputado lleg\u00f3 al domicilio de&#8230;<\/p>\n","protected":false},"author":15,"featured_media":16094,"comment_status":"open","ping_status":"open","sticky":false,"template":"","format":"standard","meta":[],"categories":[20],"tags":[49],"yoast_head":"<!-- This site is optimized with the Yoast SEO plugin v20.8 - https:\/\/yoast.com\/wordpress\/plugins\/seo\/ -->\n<title>Eulalio de 62 a\u00f1os viol\u00f3 a su ex pareja en la colonia Azcarate en Puebla - The Puebla Times<\/title>\n<meta name=\"robots\" content=\"index, follow, max-snippet:-1, max-image-preview:large, max-video-preview:-1\" \/>\n<link rel=\"canonical\" href=\"https:\/\/thepueblatimes.mx\/index.php\/2021\/10\/05\/eulalio-de-62-anos-violo-a-su-ex-pareja-en-la-colonia-azcarate-en-puebla\/\" \/>\n<meta property=\"og:locale\" content=\"es_ES\" \/>\n<meta property=\"og:type\" content=\"article\" \/>\n<meta property=\"og:title\" content=\"Eulalio de 62 a\u00f1os viol\u00f3 a su ex pareja en la colonia Azcarate en Puebla - The Puebla Times\" \/>\n<meta property=\"og:description\" content=\"Puebla, Pue.- La Fiscal\u00eda General del Estado de Puebla a trav\u00e9s del Agente del Ministerio P\u00fablico obtuvo la vinculaci\u00f3n a proceso de Efra\u00edn Eulalio N. de 62 a\u00f1os de edad, presunto responsable del delito de violaci\u00f3n. De acuerdo con la denuncia, la madrugada del 29 de abril de 2021, el imputado lleg\u00f3 al domicilio de...\" \/>\n<meta property=\"og:url\" content=\"https:\/\/thepueblatimes.mx\/index.php\/2021\/10\/05\/eulalio-de-62-anos-violo-a-su-ex-pareja-en-la-colonia-azcarate-en-puebla\/\" \/>\n<meta property=\"og:site_name\" content=\"The Puebla Times\" \/>\n<meta property=\"article:published_time\" content=\"2021-10-06T04:28:12+00:00\" \/>\n<meta property=\"og:image\" content=\"https:\/\/thepueblatimes.mx\/wp-content\/uploads\/2021\/10\/CE1EEF2B-4817-41FA-B52B-B8356C7531A2.jpeg\" \/>\n\t<meta property=\"og:image:width\" content=\"1920\" \/>\n\t<meta property=\"og:image:height\" content=\"1080\" \/>\n\t<meta property=\"og:image:type\" content=\"image\/jpeg\" \/>\n<meta name=\"author\" content=\"Francisco S\u00e1nchez Nolasco\" \/>\n<meta name=\"twitter:card\" content=\"summary_large_image\" \/>\n<meta name=\"twitter:label1\" content=\"Escrito por\" \/>\n\t<meta name=\"twitter:data1\" content=\"Francisco S\u00e1nchez Nolasco\" \/>\n\t<meta name=\"twitter:label2\" content=\"Tiempo de lectura\" \/>\n\t<meta name=\"twitter:data2\" content=\"1 minuto\" \/>\n<script type=\"application\/ld+json\" class=\"yoast-schema-graph\">{\"@context\":\"https:\/\/schema.org\",\"@graph\":[{\"@type\":\"WebPage\",\"@id\":\"https:\/\/thepueblatimes.mx\/index.php\/2021\/10\/05\/eulalio-de-62-anos-violo-a-su-ex-pareja-en-la-colonia-azcarate-en-puebla\/\",\"url\":\"https:\/\/thepueblatimes.mx\/index.php\/2021\/10\/05\/eulalio-de-62-anos-violo-a-su-ex-pareja-en-la-colonia-azcarate-en-puebla\/\",\"name\":\"Eulalio de 62 a\u00f1os viol\u00f3 a su ex pareja en la colonia Azcarate en Puebla - The Puebla Times\",\"isPartOf\":{\"@id\":\"https:\/\/thepueblatimes.mx\/#website\"},\"datePublished\":\"2021-10-06T04:28:12+00:00\",\"dateModified\":\"2021-10-06T04:28:12+00:00\",\"author\":{\"@id\":\"https:\/\/thepueblatimes.mx\/#\/schema\/person\/7bdf2adbc50078b104bba72b5612f774\"},\"breadcrumb\":{\"@id\":\"https:\/\/thepueblatimes.mx\/index.php\/2021\/10\/05\/eulalio-de-62-anos-violo-a-su-ex-pareja-en-la-colonia-azcarate-en-puebla\/#breadcrumb\"},\"inLanguage\":\"es\",\"potentialAction\":[{\"@type\":\"ReadAction\",\"target\":[\"https:\/\/thepueblatimes.mx\/index.php\/2021\/10\/05\/eulalio-de-62-anos-violo-a-su-ex-pareja-en-la-colonia-azcarate-en-puebla\/\"]}]},{\"@type\":\"BreadcrumbList\",\"@id\":\"https:\/\/thepueblatimes.mx\/index.php\/2021\/10\/05\/eulalio-de-62-anos-violo-a-su-ex-pareja-en-la-colonia-azcarate-en-puebla\/#breadcrumb\",\"itemListElement\":[{\"@type\":\"ListItem\",\"position\":1,\"name\":\"Portada\",\"item\":\"https:\/\/thepueblatimes.mx\/\"},{\"@type\":\"ListItem\",\"position\":2,\"name\":\"Eulalio de 62 a\u00f1os viol\u00f3 a su ex pareja en la colonia Azcarate en Puebla\"}]},{\"@type\":\"WebSite\",\"@id\":\"https:\/\/thepueblatimes.mx\/#website\",\"url\":\"https:\/\/thepueblatimes.mx\/\",\"name\":\"The Puebla Times\",\"description\":\"Noticias del Estado de Puebla\",\"potentialAction\":[{\"@type\":\"SearchAction\",\"target\":{\"@type\":\"EntryPoint\",\"urlTemplate\":\"https:\/\/thepueblatimes.mx\/?s={search_term_string}\"},\"query-input\":\"required name=search_term_string\"}],\"inLanguage\":\"es\"},{\"@type\":\"Person\",\"@id\":\"https:\/\/thepueblatimes.mx\/#\/schema\/person\/7bdf2adbc50078b104bba72b5612f774\",\"name\":\"Francisco S\u00e1nchez Nolasco\",\"image\":{\"@type\":\"ImageObject\",\"inLanguage\":\"es\",\"@id\":\"https:\/\/thepueblatimes.mx\/#\/schema\/person\/image\/\",\"url\":\"https:\/\/secure.gravatar.com\/avatar\/6061d7d20b38bc2742a5218401b198d2?s=96&d=mm&r=g\",\"contentUrl\":\"https:\/\/secure.gravatar.com\/avatar\/6061d7d20b38bc2742a5218401b198d2?s=96&d=mm&r=g\",\"caption\":\"Francisco S\u00e1nchez Nolasco\"},\"url\":\"https:\/\/thepueblatimes.mx\/index.php\/author\/marianitha-reyes\/\"}]}<\/script>\n<!-- \/ Yoast SEO plugin. -->","yoast_head_json":{"title":"Eulalio de 62 a\u00f1os viol\u00f3 a su ex pareja en la colonia Azcarate en Puebla - The Puebla Times","robots":{"index":"index","follow":"follow","max-snippet":"max-snippet:-1","max-image-preview":"max-image-preview:large","max-video-preview":"max-video-preview:-1"},"canonical":"https:\/\/thepueblatimes.mx\/index.php\/2021\/10\/05\/eulalio-de-62-anos-violo-a-su-ex-pareja-en-la-colonia-azcarate-en-puebla\/","og_locale":"es_ES","og_type":"article","og_title":"Eulalio de 62 a\u00f1os viol\u00f3 a su ex pareja en la colonia Azcarate en Puebla - The Puebla Times","og_description":"Puebla, Pue.- La Fiscal\u00eda General del Estado de Puebla a trav\u00e9s del Agente del Ministerio P\u00fablico obtuvo la vinculaci\u00f3n a proceso de Efra\u00edn Eulalio N. de 62 a\u00f1os de edad, presunto responsable del delito de violaci\u00f3n. De acuerdo con la denuncia, la madrugada del 29 de abril de 2021, el imputado lleg\u00f3 al domicilio de...","og_url":"https:\/\/thepueblatimes.mx\/index.php\/2021\/10\/05\/eulalio-de-62-anos-violo-a-su-ex-pareja-en-la-colonia-azcarate-en-puebla\/","og_site_name":"The Puebla Times","article_published_time":"2021-10-06T04:28:12+00:00","og_image":[{"width":1920,"height":1080,"url":"https:\/\/thepueblatimes.mx\/wp-content\/uploads\/2021\/10\/CE1EEF2B-4817-41FA-B52B-B8356C7531A2.jpeg","type":"image\/jpeg"}],"author":"Francisco S\u00e1nchez Nolasco","twitter_card":"summary_large_image","twitter_misc":{"Escrito por":"Francisco S\u00e1nchez Nolasco","Tiempo de lectura":"1 minuto"},"schema":{"@context":"https:\/\/schema.org","@graph":[{"@type":"WebPage","@id":"https:\/\/thepueblatimes.mx\/index.php\/2021\/10\/05\/eulalio-de-62-anos-violo-a-su-ex-pareja-en-la-colonia-azcarate-en-puebla\/","url":"https:\/\/thepueblatimes.mx\/index.php\/2021\/10\/05\/eulalio-de-62-anos-violo-a-su-ex-pareja-en-la-colonia-azcarate-en-puebla\/","name":"Eulalio de 62 a\u00f1os viol\u00f3 a su ex pareja en la colonia Azcarate en Puebla - The Puebla Times","isPartOf":{"@id":"https:\/\/thepueblatimes.mx\/#website"},"datePublished":"2021-10-06T04:28:12+00:00","dateModified":"2021-10-06T04:28:12+00:00","author":{"@id":"https:\/\/thepueblatimes.mx\/#\/schema\/person\/7bdf2adbc50078b104bba72b5612f774"},"breadcrumb":{"@id":"https:\/\/thepueblatimes.mx\/index.php\/2021\/10\/05\/eulalio-de-62-anos-violo-a-su-ex-pareja-en-la-colonia-azcarate-en-puebla\/#breadcrumb"},"inLanguage":"es","potentialAction":[{"@type":"ReadAction","target":["https:\/\/thepueblatimes.mx\/index.php\/2021\/10\/05\/eulalio-de-62-anos-violo-a-su-ex-pareja-en-la-colonia-azcarate-en-puebla\/"]}]},{"@type":"BreadcrumbList","@id":"https:\/\/thepueblatimes.mx\/index.php\/2021\/10\/05\/eulalio-de-62-anos-violo-a-su-ex-pareja-en-la-colonia-azcarate-en-puebla\/#breadcrumb","itemListElement":[{"@type":"ListItem","position":1,"name":"Portada","item":"https:\/\/thepueblatimes.mx\/"},{"@type":"ListItem","position":2,"name":"Eulalio de 62 a\u00f1os viol\u00f3 a su ex pareja en la colonia Azcarate en Puebla"}]},{"@type":"WebSite","@id":"https:\/\/thepueblatimes.mx\/#website","url":"https:\/\/thepueblatimes.mx\/","name":"The Puebla Times","description":"Noticias del Estado de Puebla","potentialAction":[{"@type":"SearchAction","target":{"@type":"EntryPoint","urlTemplate":"https:\/\/thepueblatimes.mx\/?s={search_term_string}"},"query-input":"required name=search_term_string"}],"inLanguage":"es"},{"@type":"Person","@id":"https:\/\/thepueblatimes.mx\/#\/schema\/person\/7bdf2adbc50078b104bba72b5612f774","name":"Francisco S\u00e1nchez Nolasco","image":{"@type":"ImageObject","inLanguage":"es","@id":"https:\/\/thepueblatimes.mx\/#\/schema\/person\/image\/","url":"https:\/\/secure.gravatar.com\/avatar\/6061d7d20b38bc2742a5218401b198d2?s=96&d=mm&r=g","contentUrl":"https:\/\/secure.gravatar.com\/avatar\/6061d7d20b38bc2742a5218401b198d2?s=96&d=mm&r=g","caption":"Francisco S\u00e1nchez Nolasco"},"url":"https:\/\/thepueblatimes.mx\/index.php\/author\/marianitha-reyes\/"}]}},"jetpack_featured_media_url":"https:\/\/thepueblatimes.mx\/wp-content\/uploads\/2021\/10\/CE1EEF2B-4817-41FA-B52B-B8356C7531A2.jpeg","_links":{"self":[{"href":"https:\/\/thepueblatimes.mx\/index.php\/wp-json\/wp\/v2\/posts\/16093"}],"collection":[{"href":"https:\/\/thepueblatimes.mx\/index.php\/wp-json\/wp\/v2\/posts"}],"about":[{"href":"https:\/\/thepueblatimes.mx\/index.php\/wp-json\/wp\/v2\/types\/post"}],"author":[{"embeddable":true,"href":"https:\/\/thepueblatimes.mx\/index.php\/wp-json\/wp\/v2\/users\/15"}],"replies":[{"embeddable":true,"href":"https:\/\/thepueblatimes.mx\/index.php\/wp-json\/wp\/v2\/comments?post=16093"}],"version-history":[{"count":1,"href":"https:\/\/thepueblatimes.mx\/index.php\/wp-json\/wp\/v2\/posts\/16093\/revisions"}],"predecessor-version":[{"id":16095,"href":"https:\/\/thepueblatimes.mx\/index.php\/wp-json\/wp\/v2\/posts\/16093\/revisions\/16095"}],"wp:featuredmedia":[{"embeddable":true,"href":"https:\/\/thepueblatimes.mx\/index.php\/wp-json\/wp\/v2\/media\/16094"}],"wp:attachment":[{"href":"https:\/\/thepueblatimes.mx\/index.php\/wp-json\/wp\/v2\/media?parent=16093"}],"wp:term":[{"taxonomy":"category","embeddable":true,"href":"https:\/\/thepueblatimes.mx\/index.php\/wp-json\/wp\/v2\/categories?post=16093"},{"taxonomy":"post_tag","embeddable":true,"href":"https:\/\/thepueblatimes.mx\/index.php\/wp-json\/wp\/v2\/tags?post=16093"}],"curies":[{"name":"wp","href":"https:\/\/api.w.org\/{rel}","templated":true}]}}