{"id":16087,"date":"2021-10-05T23:22:54","date_gmt":"2021-10-06T04:22:54","guid":{"rendered":"https:\/\/thepueblatimes.mx\/?p=16087"},"modified":"2021-10-05T23:22:54","modified_gmt":"2021-10-06T04:22:54","slug":"mueren-dos-hombres-al-caer-en-puente-colapsado-de-tlachichuca","status":"publish","type":"post","link":"https:\/\/thepueblatimes.mx\/index.php\/2021\/10\/05\/mueren-dos-hombres-al-caer-en-puente-colapsado-de-tlachichuca\/","title":{"rendered":"Mueren dos hombres al caer en puente colapsado de Tlachichuca"},"content":{"rendered":"<p>Tlachichuca, Pue.- Dos hombres perdieron la vida luego de caer al fondo del puente que coalps\u00f3 en la carretera Tlachichuca-L\u00e1zaro C\u00e1rdenas en el municipio de Tlachichuca.<\/p>\n<p>El fatal accidente se registr\u00f3 con direcci\u00f3n a la localidad de L\u00e1zaro C\u00e1rdenas, debido a que no existen se\u00f1alamientos en la zona del puente ca\u00eddo, \u00a0por lo que ambos cayeron y perdieron la vida al instante.<\/p>\n<p>Aparentemente, el conductor iba a exceso de velocidad y olvid\u00f3 que ya no hab\u00eda paso, por lo que cayeron.<\/p>\n<p>Testigos dieron aviso a los n\u00fameros de emergencia 911 por lo que de inmediato arribaron equipos de emergencia para tomar conocimiento de lo ocurrido.<\/p>\n<p>En el lugar se confirm\u00f3 el doble fallecimiento por lo que personal de la Fiscal\u00eda General del Estado (FGE), se hizo cargo del levantamiento de los cad\u00e1veres, que fueron trasladados al anfiteatro municipal de Serd\u00e1n en calidad de desconocidos, mientras que la unidad en la que viajaban qued\u00f3 a disposici\u00f3n de las autoridades competentes para dar paso a las indagatorias pertinentes.<\/p>\n","protected":false},"excerpt":{"rendered":"<p>Tlachichuca, Pue.- Dos hombres perdieron la vida luego de caer al fondo del puente que coalps\u00f3 en la carretera Tlachichuca-L\u00e1zaro C\u00e1rdenas en el municipio de Tlachichuca. El fatal accidente se registr\u00f3 con direcci\u00f3n a la localidad de L\u00e1zaro C\u00e1rdenas, debido a que no existen se\u00f1alamientos en la zona del puente ca\u00eddo, \u00a0por lo que ambos&#8230;<\/p>\n","protected":false},"author":15,"featured_media":16088,"comment_status":"open","ping_status":"open","sticky":false,"template":"","format":"standard","meta":[],"categories":[20],"tags":[49],"yoast_head":"<!-- This site is optimized with the Yoast SEO plugin v20.8 - https:\/\/yoast.com\/wordpress\/plugins\/seo\/ -->\n<title>Mueren dos hombres al caer en puente colapsado de Tlachichuca - The Puebla Times<\/title>\n<meta name=\"robots\" content=\"index, follow, max-snippet:-1, max-image-preview:large, max-video-preview:-1\" \/>\n<link rel=\"canonical\" href=\"https:\/\/thepueblatimes.mx\/index.php\/2021\/10\/05\/mueren-dos-hombres-al-caer-en-puente-colapsado-de-tlachichuca\/\" \/>\n<meta property=\"og:locale\" content=\"es_ES\" \/>\n<meta property=\"og:type\" content=\"article\" \/>\n<meta property=\"og:title\" content=\"Mueren dos hombres al caer en puente colapsado de Tlachichuca - The Puebla Times\" \/>\n<meta property=\"og:description\" content=\"Tlachichuca, Pue.- Dos hombres perdieron la vida luego de caer al fondo del puente que coalps\u00f3 en la carretera Tlachichuca-L\u00e1zaro C\u00e1rdenas en el municipio de Tlachichuca. El fatal accidente se registr\u00f3 con direcci\u00f3n a la localidad de L\u00e1zaro C\u00e1rdenas, debido a que no existen se\u00f1alamientos en la zona del puente ca\u00eddo, \u00a0por lo que ambos...\" \/>\n<meta property=\"og:url\" content=\"https:\/\/thepueblatimes.mx\/index.php\/2021\/10\/05\/mueren-dos-hombres-al-caer-en-puente-colapsado-de-tlachichuca\/\" \/>\n<meta property=\"og:site_name\" content=\"The Puebla Times\" \/>\n<meta property=\"article:published_time\" content=\"2021-10-06T04:22:54+00:00\" \/>\n<meta property=\"og:image\" content=\"https:\/\/thepueblatimes.mx\/wp-content\/uploads\/2021\/10\/4AA46474-F766-4247-9F32-92BD150126F2.jpeg\" \/>\n\t<meta property=\"og:image:width\" content=\"720\" \/>\n\t<meta property=\"og:image:height\" content=\"660\" \/>\n\t<meta property=\"og:image:type\" content=\"image\/jpeg\" \/>\n<meta name=\"author\" content=\"Francisco S\u00e1nchez Nolasco\" \/>\n<meta name=\"twitter:card\" content=\"summary_large_image\" \/>\n<meta name=\"twitter:label1\" content=\"Escrito por\" \/>\n\t<meta name=\"twitter:data1\" content=\"Francisco S\u00e1nchez Nolasco\" \/>\n\t<meta name=\"twitter:label2\" content=\"Tiempo de lectura\" \/>\n\t<meta name=\"twitter:data2\" content=\"1 minuto\" \/>\n<script type=\"application\/ld+json\" class=\"yoast-schema-graph\">{\"@context\":\"https:\/\/schema.org\",\"@graph\":[{\"@type\":\"WebPage\",\"@id\":\"https:\/\/thepueblatimes.mx\/index.php\/2021\/10\/05\/mueren-dos-hombres-al-caer-en-puente-colapsado-de-tlachichuca\/\",\"url\":\"https:\/\/thepueblatimes.mx\/index.php\/2021\/10\/05\/mueren-dos-hombres-al-caer-en-puente-colapsado-de-tlachichuca\/\",\"name\":\"Mueren dos hombres al caer en puente colapsado de Tlachichuca - The Puebla Times\",\"isPartOf\":{\"@id\":\"https:\/\/thepueblatimes.mx\/#website\"},\"datePublished\":\"2021-10-06T04:22:54+00:00\",\"dateModified\":\"2021-10-06T04:22:54+00:00\",\"author\":{\"@id\":\"https:\/\/thepueblatimes.mx\/#\/schema\/person\/7bdf2adbc50078b104bba72b5612f774\"},\"breadcrumb\":{\"@id\":\"https:\/\/thepueblatimes.mx\/index.php\/2021\/10\/05\/mueren-dos-hombres-al-caer-en-puente-colapsado-de-tlachichuca\/#breadcrumb\"},\"inLanguage\":\"es\",\"potentialAction\":[{\"@type\":\"ReadAction\",\"target\":[\"https:\/\/thepueblatimes.mx\/index.php\/2021\/10\/05\/mueren-dos-hombres-al-caer-en-puente-colapsado-de-tlachichuca\/\"]}]},{\"@type\":\"BreadcrumbList\",\"@id\":\"https:\/\/thepueblatimes.mx\/index.php\/2021\/10\/05\/mueren-dos-hombres-al-caer-en-puente-colapsado-de-tlachichuca\/#breadcrumb\",\"itemListElement\":[{\"@type\":\"ListItem\",\"position\":1,\"name\":\"Portada\",\"item\":\"https:\/\/thepueblatimes.mx\/\"},{\"@type\":\"ListItem\",\"position\":2,\"name\":\"Mueren dos hombres al caer en puente colapsado de Tlachichuca\"}]},{\"@type\":\"WebSite\",\"@id\":\"https:\/\/thepueblatimes.mx\/#website\",\"url\":\"https:\/\/thepueblatimes.mx\/\",\"name\":\"The Puebla Times\",\"description\":\"Noticias del Estado de Puebla\",\"potentialAction\":[{\"@type\":\"SearchAction\",\"target\":{\"@type\":\"EntryPoint\",\"urlTemplate\":\"https:\/\/thepueblatimes.mx\/?s={search_term_string}\"},\"query-input\":\"required name=search_term_string\"}],\"inLanguage\":\"es\"},{\"@type\":\"Person\",\"@id\":\"https:\/\/thepueblatimes.mx\/#\/schema\/person\/7bdf2adbc50078b104bba72b5612f774\",\"name\":\"Francisco S\u00e1nchez Nolasco\",\"image\":{\"@type\":\"ImageObject\",\"inLanguage\":\"es\",\"@id\":\"https:\/\/thepueblatimes.mx\/#\/schema\/person\/image\/\",\"url\":\"https:\/\/secure.gravatar.com\/avatar\/6061d7d20b38bc2742a5218401b198d2?s=96&d=mm&r=g\",\"contentUrl\":\"https:\/\/secure.gravatar.com\/avatar\/6061d7d20b38bc2742a5218401b198d2?s=96&d=mm&r=g\",\"caption\":\"Francisco S\u00e1nchez Nolasco\"},\"url\":\"https:\/\/thepueblatimes.mx\/index.php\/author\/marianitha-reyes\/\"}]}<\/script>\n<!-- \/ Yoast SEO plugin. -->","yoast_head_json":{"title":"Mueren dos hombres al caer en puente colapsado de Tlachichuca - The Puebla Times","robots":{"index":"index","follow":"follow","max-snippet":"max-snippet:-1","max-image-preview":"max-image-preview:large","max-video-preview":"max-video-preview:-1"},"canonical":"https:\/\/thepueblatimes.mx\/index.php\/2021\/10\/05\/mueren-dos-hombres-al-caer-en-puente-colapsado-de-tlachichuca\/","og_locale":"es_ES","og_type":"article","og_title":"Mueren dos hombres al caer en puente colapsado de Tlachichuca - The Puebla Times","og_description":"Tlachichuca, Pue.- Dos hombres perdieron la vida luego de caer al fondo del puente que coalps\u00f3 en la carretera Tlachichuca-L\u00e1zaro C\u00e1rdenas en el municipio de Tlachichuca. El fatal accidente se registr\u00f3 con direcci\u00f3n a la localidad de L\u00e1zaro C\u00e1rdenas, debido a que no existen se\u00f1alamientos en la zona del puente ca\u00eddo, \u00a0por lo que ambos...","og_url":"https:\/\/thepueblatimes.mx\/index.php\/2021\/10\/05\/mueren-dos-hombres-al-caer-en-puente-colapsado-de-tlachichuca\/","og_site_name":"The Puebla Times","article_published_time":"2021-10-06T04:22:54+00:00","og_image":[{"width":720,"height":660,"url":"https:\/\/thepueblatimes.mx\/wp-content\/uploads\/2021\/10\/4AA46474-F766-4247-9F32-92BD150126F2.jpeg","type":"image\/jpeg"}],"author":"Francisco S\u00e1nchez Nolasco","twitter_card":"summary_large_image","twitter_misc":{"Escrito por":"Francisco S\u00e1nchez Nolasco","Tiempo de lectura":"1 minuto"},"schema":{"@context":"https:\/\/schema.org","@graph":[{"@type":"WebPage","@id":"https:\/\/thepueblatimes.mx\/index.php\/2021\/10\/05\/mueren-dos-hombres-al-caer-en-puente-colapsado-de-tlachichuca\/","url":"https:\/\/thepueblatimes.mx\/index.php\/2021\/10\/05\/mueren-dos-hombres-al-caer-en-puente-colapsado-de-tlachichuca\/","name":"Mueren dos hombres al caer en puente colapsado de Tlachichuca - The Puebla Times","isPartOf":{"@id":"https:\/\/thepueblatimes.mx\/#website"},"datePublished":"2021-10-06T04:22:54+00:00","dateModified":"2021-10-06T04:22:54+00:00","author":{"@id":"https:\/\/thepueblatimes.mx\/#\/schema\/person\/7bdf2adbc50078b104bba72b5612f774"},"breadcrumb":{"@id":"https:\/\/thepueblatimes.mx\/index.php\/2021\/10\/05\/mueren-dos-hombres-al-caer-en-puente-colapsado-de-tlachichuca\/#breadcrumb"},"inLanguage":"es","potentialAction":[{"@type":"ReadAction","target":["https:\/\/thepueblatimes.mx\/index.php\/2021\/10\/05\/mueren-dos-hombres-al-caer-en-puente-colapsado-de-tlachichuca\/"]}]},{"@type":"BreadcrumbList","@id":"https:\/\/thepueblatimes.mx\/index.php\/2021\/10\/05\/mueren-dos-hombres-al-caer-en-puente-colapsado-de-tlachichuca\/#breadcrumb","itemListElement":[{"@type":"ListItem","position":1,"name":"Portada","item":"https:\/\/thepueblatimes.mx\/"},{"@type":"ListItem","position":2,"name":"Mueren dos hombres al caer en puente colapsado de Tlachichuca"}]},{"@type":"WebSite","@id":"https:\/\/thepueblatimes.mx\/#website","url":"https:\/\/thepueblatimes.mx\/","name":"The Puebla Times","description":"Noticias del Estado de Puebla","potentialAction":[{"@type":"SearchAction","target":{"@type":"EntryPoint","urlTemplate":"https:\/\/thepueblatimes.mx\/?s={search_term_string}"},"query-input":"required name=search_term_string"}],"inLanguage":"es"},{"@type":"Person","@id":"https:\/\/thepueblatimes.mx\/#\/schema\/person\/7bdf2adbc50078b104bba72b5612f774","name":"Francisco S\u00e1nchez Nolasco","image":{"@type":"ImageObject","inLanguage":"es","@id":"https:\/\/thepueblatimes.mx\/#\/schema\/person\/image\/","url":"https:\/\/secure.gravatar.com\/avatar\/6061d7d20b38bc2742a5218401b198d2?s=96&d=mm&r=g","contentUrl":"https:\/\/secure.gravatar.com\/avatar\/6061d7d20b38bc2742a5218401b198d2?s=96&d=mm&r=g","caption":"Francisco S\u00e1nchez Nolasco"},"url":"https:\/\/thepueblatimes.mx\/index.php\/author\/marianitha-reyes\/"}]}},"jetpack_featured_media_url":"https:\/\/thepueblatimes.mx\/wp-content\/uploads\/2021\/10\/4AA46474-F766-4247-9F32-92BD150126F2.jpeg","_links":{"self":[{"href":"https:\/\/thepueblatimes.mx\/index.php\/wp-json\/wp\/v2\/posts\/16087"}],"collection":[{"href":"https:\/\/thepueblatimes.mx\/index.php\/wp-json\/wp\/v2\/posts"}],"about":[{"href":"https:\/\/thepueblatimes.mx\/index.php\/wp-json\/wp\/v2\/types\/post"}],"author":[{"embeddable":true,"href":"https:\/\/thepueblatimes.mx\/index.php\/wp-json\/wp\/v2\/users\/15"}],"replies":[{"embeddable":true,"href":"https:\/\/thepueblatimes.mx\/index.php\/wp-json\/wp\/v2\/comments?post=16087"}],"version-history":[{"count":1,"href":"https:\/\/thepueblatimes.mx\/index.php\/wp-json\/wp\/v2\/posts\/16087\/revisions"}],"predecessor-version":[{"id":16089,"href":"https:\/\/thepueblatimes.mx\/index.php\/wp-json\/wp\/v2\/posts\/16087\/revisions\/16089"}],"wp:featuredmedia":[{"embeddable":true,"href":"https:\/\/thepueblatimes.mx\/index.php\/wp-json\/wp\/v2\/media\/16088"}],"wp:attachment":[{"href":"https:\/\/thepueblatimes.mx\/index.php\/wp-json\/wp\/v2\/media?parent=16087"}],"wp:term":[{"taxonomy":"category","embeddable":true,"href":"https:\/\/thepueblatimes.mx\/index.php\/wp-json\/wp\/v2\/categories?post=16087"},{"taxonomy":"post_tag","embeddable":true,"href":"https:\/\/thepueblatimes.mx\/index.php\/wp-json\/wp\/v2\/tags?post=16087"}],"curies":[{"name":"wp","href":"https:\/\/api.w.org\/{rel}","templated":true}]}}