{"id":16084,"date":"2021-10-04T21:26:47","date_gmt":"2021-10-05T02:26:47","guid":{"rendered":"https:\/\/thepueblatimes.mx\/?p=16084"},"modified":"2021-10-04T21:26:47","modified_gmt":"2021-10-05T02:26:47","slug":"muere-motociclista-arrollado-en-la-carretera-tehuacan-teotitlan","status":"publish","type":"post","link":"https:\/\/thepueblatimes.mx\/index.php\/2021\/10\/04\/muere-motociclista-arrollado-en-la-carretera-tehuacan-teotitlan\/","title":{"rendered":"Muere motociclista arrollado en la carretera Tehuac\u00e1n-Teotitl\u00e1n"},"content":{"rendered":"<p>San Francisco Altepexi, Pue.- <strong>Un motociclista perdi\u00f3 la vida y su acompa\u00f1ante qued\u00f3 gravemente lesionada, luego de que fueran impactados por un veh\u00edculo cuando circulaban sobre la\u00a0carretera estatal Tehuac\u00e1n-Teotitl\u00e1n, <\/strong>en el tramo conocido como la \u201crecta de Altepexi\u201d, cerca del Arco de Seguridad.<\/p>\n<p>Fue la noche del s\u00e1bado cuando las corporaciones de emergencia y la Polic\u00eda Municipal fueron alertadas, a trav\u00e9s del n\u00famero de emergencia 911, de un accidente suscitado cerca del Arco de Seguridad, en donde dos personas que viajaban a bordo de una motocicleta se encontraban lesionadas sobre el asfalto.<\/p>\n<p>Al sitio inmediatamente acudieron T\u00e9cnicos en Urgencias M\u00e9dicas de SUMA de Ajalpan, quienes brindaron atenciones prehospitalarias al masculino, sin embargo, ya no contaba con signos vitales, por lo que se presume muri\u00f3 al instante al impactarse contra la cinta asf\u00e1ltica, en tanto la mujer que la acompa\u00f1aba result\u00f3 herida de gravedad, por lo que, tras estabilizarla, fue traslada al nosocomio.<\/p>\n<p>La Polic\u00eda Municipal de San Francisco Altepexi fue la encargada de acordonar la zona, en tanto personal de la Fiscal\u00eda General del Estado realiz\u00f3 las diligencias correspondientes y procedi\u00f3 al levantamiento del cad\u00e1ver, as\u00ed como el traslado al anfiteatro de Tehuac\u00e1n para la necropsia de Ley.<\/p>\n<p>En el lugar tambi\u00e9n se constituyeron familiares del hoy occiso, quien fueron los encargados de su reconocimiento, los cuales dieron a conocer que llevaba el nombre de Carlos N y era due\u00f1o de una conocida casa de empe\u00f1os en Altepexi.<\/p>\n","protected":false},"excerpt":{"rendered":"<p>San Francisco Altepexi, Pue.- Un motociclista perdi\u00f3 la vida y su acompa\u00f1ante qued\u00f3 gravemente lesionada, luego de que fueran impactados por un veh\u00edculo cuando circulaban sobre la\u00a0carretera estatal Tehuac\u00e1n-Teotitl\u00e1n, en el tramo conocido como la \u201crecta de Altepexi\u201d, cerca del Arco de Seguridad. Fue la noche del s\u00e1bado cuando las corporaciones de emergencia y la&#8230;<\/p>\n","protected":false},"author":15,"featured_media":16085,"comment_status":"open","ping_status":"open","sticky":false,"template":"","format":"standard","meta":[],"categories":[20],"tags":[49],"yoast_head":"<!-- This site is optimized with the Yoast SEO plugin v20.8 - https:\/\/yoast.com\/wordpress\/plugins\/seo\/ -->\n<title>Muere motociclista arrollado en la carretera Tehuac\u00e1n-Teotitl\u00e1n - The Puebla Times<\/title>\n<meta name=\"robots\" content=\"index, follow, max-snippet:-1, max-image-preview:large, max-video-preview:-1\" \/>\n<link rel=\"canonical\" href=\"https:\/\/thepueblatimes.mx\/index.php\/2021\/10\/04\/muere-motociclista-arrollado-en-la-carretera-tehuacan-teotitlan\/\" \/>\n<meta property=\"og:locale\" content=\"es_ES\" \/>\n<meta property=\"og:type\" content=\"article\" \/>\n<meta property=\"og:title\" content=\"Muere motociclista arrollado en la carretera Tehuac\u00e1n-Teotitl\u00e1n - The Puebla Times\" \/>\n<meta property=\"og:description\" content=\"San Francisco Altepexi, Pue.- Un motociclista perdi\u00f3 la vida y su acompa\u00f1ante qued\u00f3 gravemente lesionada, luego de que fueran impactados por un veh\u00edculo cuando circulaban sobre la\u00a0carretera estatal Tehuac\u00e1n-Teotitl\u00e1n, en el tramo conocido como la \u201crecta de Altepexi\u201d, cerca del Arco de Seguridad. Fue la noche del s\u00e1bado cuando las corporaciones de emergencia y la...\" \/>\n<meta property=\"og:url\" content=\"https:\/\/thepueblatimes.mx\/index.php\/2021\/10\/04\/muere-motociclista-arrollado-en-la-carretera-tehuacan-teotitlan\/\" \/>\n<meta property=\"og:site_name\" content=\"The Puebla Times\" \/>\n<meta property=\"article:published_time\" content=\"2021-10-05T02:26:47+00:00\" \/>\n<meta property=\"og:image\" content=\"https:\/\/thepueblatimes.mx\/wp-content\/uploads\/2021\/10\/5118C3BC-3765-4237-A010-EE4BFE797510.png\" \/>\n\t<meta property=\"og:image:width\" content=\"1401\" \/>\n\t<meta property=\"og:image:height\" content=\"720\" \/>\n\t<meta property=\"og:image:type\" content=\"image\/png\" \/>\n<meta name=\"author\" content=\"Francisco S\u00e1nchez Nolasco\" \/>\n<meta name=\"twitter:card\" content=\"summary_large_image\" \/>\n<meta name=\"twitter:label1\" content=\"Escrito por\" \/>\n\t<meta name=\"twitter:data1\" content=\"Francisco S\u00e1nchez Nolasco\" \/>\n\t<meta name=\"twitter:label2\" content=\"Tiempo de lectura\" \/>\n\t<meta name=\"twitter:data2\" content=\"1 minuto\" \/>\n<script type=\"application\/ld+json\" class=\"yoast-schema-graph\">{\"@context\":\"https:\/\/schema.org\",\"@graph\":[{\"@type\":\"WebPage\",\"@id\":\"https:\/\/thepueblatimes.mx\/index.php\/2021\/10\/04\/muere-motociclista-arrollado-en-la-carretera-tehuacan-teotitlan\/\",\"url\":\"https:\/\/thepueblatimes.mx\/index.php\/2021\/10\/04\/muere-motociclista-arrollado-en-la-carretera-tehuacan-teotitlan\/\",\"name\":\"Muere motociclista arrollado en la carretera Tehuac\u00e1n-Teotitl\u00e1n - The Puebla Times\",\"isPartOf\":{\"@id\":\"https:\/\/thepueblatimes.mx\/#website\"},\"datePublished\":\"2021-10-05T02:26:47+00:00\",\"dateModified\":\"2021-10-05T02:26:47+00:00\",\"author\":{\"@id\":\"https:\/\/thepueblatimes.mx\/#\/schema\/person\/7bdf2adbc50078b104bba72b5612f774\"},\"breadcrumb\":{\"@id\":\"https:\/\/thepueblatimes.mx\/index.php\/2021\/10\/04\/muere-motociclista-arrollado-en-la-carretera-tehuacan-teotitlan\/#breadcrumb\"},\"inLanguage\":\"es\",\"potentialAction\":[{\"@type\":\"ReadAction\",\"target\":[\"https:\/\/thepueblatimes.mx\/index.php\/2021\/10\/04\/muere-motociclista-arrollado-en-la-carretera-tehuacan-teotitlan\/\"]}]},{\"@type\":\"BreadcrumbList\",\"@id\":\"https:\/\/thepueblatimes.mx\/index.php\/2021\/10\/04\/muere-motociclista-arrollado-en-la-carretera-tehuacan-teotitlan\/#breadcrumb\",\"itemListElement\":[{\"@type\":\"ListItem\",\"position\":1,\"name\":\"Portada\",\"item\":\"https:\/\/thepueblatimes.mx\/\"},{\"@type\":\"ListItem\",\"position\":2,\"name\":\"Muere motociclista arrollado en la carretera Tehuac\u00e1n-Teotitl\u00e1n\"}]},{\"@type\":\"WebSite\",\"@id\":\"https:\/\/thepueblatimes.mx\/#website\",\"url\":\"https:\/\/thepueblatimes.mx\/\",\"name\":\"The Puebla Times\",\"description\":\"Noticias del Estado de Puebla\",\"potentialAction\":[{\"@type\":\"SearchAction\",\"target\":{\"@type\":\"EntryPoint\",\"urlTemplate\":\"https:\/\/thepueblatimes.mx\/?s={search_term_string}\"},\"query-input\":\"required name=search_term_string\"}],\"inLanguage\":\"es\"},{\"@type\":\"Person\",\"@id\":\"https:\/\/thepueblatimes.mx\/#\/schema\/person\/7bdf2adbc50078b104bba72b5612f774\",\"name\":\"Francisco S\u00e1nchez Nolasco\",\"image\":{\"@type\":\"ImageObject\",\"inLanguage\":\"es\",\"@id\":\"https:\/\/thepueblatimes.mx\/#\/schema\/person\/image\/\",\"url\":\"https:\/\/secure.gravatar.com\/avatar\/6061d7d20b38bc2742a5218401b198d2?s=96&d=mm&r=g\",\"contentUrl\":\"https:\/\/secure.gravatar.com\/avatar\/6061d7d20b38bc2742a5218401b198d2?s=96&d=mm&r=g\",\"caption\":\"Francisco S\u00e1nchez Nolasco\"},\"url\":\"https:\/\/thepueblatimes.mx\/index.php\/author\/marianitha-reyes\/\"}]}<\/script>\n<!-- \/ Yoast SEO plugin. -->","yoast_head_json":{"title":"Muere motociclista arrollado en la carretera Tehuac\u00e1n-Teotitl\u00e1n - The Puebla Times","robots":{"index":"index","follow":"follow","max-snippet":"max-snippet:-1","max-image-preview":"max-image-preview:large","max-video-preview":"max-video-preview:-1"},"canonical":"https:\/\/thepueblatimes.mx\/index.php\/2021\/10\/04\/muere-motociclista-arrollado-en-la-carretera-tehuacan-teotitlan\/","og_locale":"es_ES","og_type":"article","og_title":"Muere motociclista arrollado en la carretera Tehuac\u00e1n-Teotitl\u00e1n - The Puebla Times","og_description":"San Francisco Altepexi, Pue.- Un motociclista perdi\u00f3 la vida y su acompa\u00f1ante qued\u00f3 gravemente lesionada, luego de que fueran impactados por un veh\u00edculo cuando circulaban sobre la\u00a0carretera estatal Tehuac\u00e1n-Teotitl\u00e1n, en el tramo conocido como la \u201crecta de Altepexi\u201d, cerca del Arco de Seguridad. Fue la noche del s\u00e1bado cuando las corporaciones de emergencia y la...","og_url":"https:\/\/thepueblatimes.mx\/index.php\/2021\/10\/04\/muere-motociclista-arrollado-en-la-carretera-tehuacan-teotitlan\/","og_site_name":"The Puebla Times","article_published_time":"2021-10-05T02:26:47+00:00","og_image":[{"width":1401,"height":720,"url":"https:\/\/thepueblatimes.mx\/wp-content\/uploads\/2021\/10\/5118C3BC-3765-4237-A010-EE4BFE797510.png","type":"image\/png"}],"author":"Francisco S\u00e1nchez Nolasco","twitter_card":"summary_large_image","twitter_misc":{"Escrito por":"Francisco S\u00e1nchez Nolasco","Tiempo de lectura":"1 minuto"},"schema":{"@context":"https:\/\/schema.org","@graph":[{"@type":"WebPage","@id":"https:\/\/thepueblatimes.mx\/index.php\/2021\/10\/04\/muere-motociclista-arrollado-en-la-carretera-tehuacan-teotitlan\/","url":"https:\/\/thepueblatimes.mx\/index.php\/2021\/10\/04\/muere-motociclista-arrollado-en-la-carretera-tehuacan-teotitlan\/","name":"Muere motociclista arrollado en la carretera Tehuac\u00e1n-Teotitl\u00e1n - The Puebla Times","isPartOf":{"@id":"https:\/\/thepueblatimes.mx\/#website"},"datePublished":"2021-10-05T02:26:47+00:00","dateModified":"2021-10-05T02:26:47+00:00","author":{"@id":"https:\/\/thepueblatimes.mx\/#\/schema\/person\/7bdf2adbc50078b104bba72b5612f774"},"breadcrumb":{"@id":"https:\/\/thepueblatimes.mx\/index.php\/2021\/10\/04\/muere-motociclista-arrollado-en-la-carretera-tehuacan-teotitlan\/#breadcrumb"},"inLanguage":"es","potentialAction":[{"@type":"ReadAction","target":["https:\/\/thepueblatimes.mx\/index.php\/2021\/10\/04\/muere-motociclista-arrollado-en-la-carretera-tehuacan-teotitlan\/"]}]},{"@type":"BreadcrumbList","@id":"https:\/\/thepueblatimes.mx\/index.php\/2021\/10\/04\/muere-motociclista-arrollado-en-la-carretera-tehuacan-teotitlan\/#breadcrumb","itemListElement":[{"@type":"ListItem","position":1,"name":"Portada","item":"https:\/\/thepueblatimes.mx\/"},{"@type":"ListItem","position":2,"name":"Muere motociclista arrollado en la carretera Tehuac\u00e1n-Teotitl\u00e1n"}]},{"@type":"WebSite","@id":"https:\/\/thepueblatimes.mx\/#website","url":"https:\/\/thepueblatimes.mx\/","name":"The Puebla Times","description":"Noticias del Estado de Puebla","potentialAction":[{"@type":"SearchAction","target":{"@type":"EntryPoint","urlTemplate":"https:\/\/thepueblatimes.mx\/?s={search_term_string}"},"query-input":"required name=search_term_string"}],"inLanguage":"es"},{"@type":"Person","@id":"https:\/\/thepueblatimes.mx\/#\/schema\/person\/7bdf2adbc50078b104bba72b5612f774","name":"Francisco S\u00e1nchez Nolasco","image":{"@type":"ImageObject","inLanguage":"es","@id":"https:\/\/thepueblatimes.mx\/#\/schema\/person\/image\/","url":"https:\/\/secure.gravatar.com\/avatar\/6061d7d20b38bc2742a5218401b198d2?s=96&d=mm&r=g","contentUrl":"https:\/\/secure.gravatar.com\/avatar\/6061d7d20b38bc2742a5218401b198d2?s=96&d=mm&r=g","caption":"Francisco S\u00e1nchez Nolasco"},"url":"https:\/\/thepueblatimes.mx\/index.php\/author\/marianitha-reyes\/"}]}},"jetpack_featured_media_url":"https:\/\/thepueblatimes.mx\/wp-content\/uploads\/2021\/10\/5118C3BC-3765-4237-A010-EE4BFE797510.png","_links":{"self":[{"href":"https:\/\/thepueblatimes.mx\/index.php\/wp-json\/wp\/v2\/posts\/16084"}],"collection":[{"href":"https:\/\/thepueblatimes.mx\/index.php\/wp-json\/wp\/v2\/posts"}],"about":[{"href":"https:\/\/thepueblatimes.mx\/index.php\/wp-json\/wp\/v2\/types\/post"}],"author":[{"embeddable":true,"href":"https:\/\/thepueblatimes.mx\/index.php\/wp-json\/wp\/v2\/users\/15"}],"replies":[{"embeddable":true,"href":"https:\/\/thepueblatimes.mx\/index.php\/wp-json\/wp\/v2\/comments?post=16084"}],"version-history":[{"count":1,"href":"https:\/\/thepueblatimes.mx\/index.php\/wp-json\/wp\/v2\/posts\/16084\/revisions"}],"predecessor-version":[{"id":16086,"href":"https:\/\/thepueblatimes.mx\/index.php\/wp-json\/wp\/v2\/posts\/16084\/revisions\/16086"}],"wp:featuredmedia":[{"embeddable":true,"href":"https:\/\/thepueblatimes.mx\/index.php\/wp-json\/wp\/v2\/media\/16085"}],"wp:attachment":[{"href":"https:\/\/thepueblatimes.mx\/index.php\/wp-json\/wp\/v2\/media?parent=16084"}],"wp:term":[{"taxonomy":"category","embeddable":true,"href":"https:\/\/thepueblatimes.mx\/index.php\/wp-json\/wp\/v2\/categories?post=16084"},{"taxonomy":"post_tag","embeddable":true,"href":"https:\/\/thepueblatimes.mx\/index.php\/wp-json\/wp\/v2\/tags?post=16084"}],"curies":[{"name":"wp","href":"https:\/\/api.w.org\/{rel}","templated":true}]}}