{"id":16057,"date":"2021-10-04T20:59:55","date_gmt":"2021-10-05T01:59:55","guid":{"rendered":"https:\/\/thepueblatimes.mx\/?p=16057"},"modified":"2021-10-04T20:59:55","modified_gmt":"2021-10-05T01:59:55","slug":"pipa-se-impacta-contra-caseta-y-cierran-parcialmente-la-mexico-puebla","status":"publish","type":"post","link":"https:\/\/thepueblatimes.mx\/index.php\/2021\/10\/04\/pipa-se-impacta-contra-caseta-y-cierran-parcialmente-la-mexico-puebla\/","title":{"rendered":"Pipa se impacta contra caseta y cierran parcialmente la M\u00e9xico- Puebla"},"content":{"rendered":"<p><strong>Una pipa choc\u00f3 contra la caseta de San Marcos<\/strong>, en la autopista<strong> M\u00e9xico-Puebla<\/strong> la tarde de este lunes. Los hechos ocurrieron en direcci\u00f3n a la Ciudad de M\u00e9xico.<\/p>\n<p>La Guardia Nacional de Carreteras inform\u00f3 que debido al accidente a la altura del Estado de M\u00e9xico, <strong>se registra un cierre parcial a la circulaci\u00f3n en el kil\u00f3metro 033+200 de la autopista M\u00e9xico-Puebla.\u00a0<\/strong><\/p>\n<p>De acuerdo con los primeros reportes <strong>habr\u00eda al menos tres personas lesionadas, entre ellas el conductor de la pipa.\u00a0<\/strong><\/p>\n<p>Los hechos se registraron cuando el conductor no logr\u00f3 frenar la pesada unidad y termin\u00f3 impactado contra la caseta de San Marcos.<\/p>\n<p>La zona se encuentra resguardada por elementos de la Guardia Nacional, as\u00ed como polic\u00edas del Estado de M\u00e9xico.<\/p>\n","protected":false},"excerpt":{"rendered":"<p>Una pipa choc\u00f3 contra la caseta de San Marcos, en la autopista M\u00e9xico-Puebla la tarde de este lunes. Los hechos ocurrieron en direcci\u00f3n a la Ciudad de M\u00e9xico. La Guardia Nacional de Carreteras inform\u00f3 que debido al accidente a la altura del Estado de M\u00e9xico, se registra un cierre parcial a la circulaci\u00f3n en el&#8230;<\/p>\n","protected":false},"author":15,"featured_media":16058,"comment_status":"open","ping_status":"open","sticky":false,"template":"","format":"standard","meta":[],"categories":[20],"tags":[49],"yoast_head":"<!-- This site is optimized with the Yoast SEO plugin v20.8 - https:\/\/yoast.com\/wordpress\/plugins\/seo\/ -->\n<title>Pipa se impacta contra caseta y cierran parcialmente la M\u00e9xico- Puebla - The Puebla Times<\/title>\n<meta name=\"robots\" content=\"index, follow, max-snippet:-1, max-image-preview:large, max-video-preview:-1\" \/>\n<link rel=\"canonical\" href=\"https:\/\/thepueblatimes.mx\/index.php\/2021\/10\/04\/pipa-se-impacta-contra-caseta-y-cierran-parcialmente-la-mexico-puebla\/\" \/>\n<meta property=\"og:locale\" content=\"es_ES\" \/>\n<meta property=\"og:type\" content=\"article\" \/>\n<meta property=\"og:title\" content=\"Pipa se impacta contra caseta y cierran parcialmente la M\u00e9xico- Puebla - The Puebla Times\" \/>\n<meta property=\"og:description\" content=\"Una pipa choc\u00f3 contra la caseta de San Marcos, en la autopista M\u00e9xico-Puebla la tarde de este lunes. Los hechos ocurrieron en direcci\u00f3n a la Ciudad de M\u00e9xico. La Guardia Nacional de Carreteras inform\u00f3 que debido al accidente a la altura del Estado de M\u00e9xico, se registra un cierre parcial a la circulaci\u00f3n en el...\" \/>\n<meta property=\"og:url\" content=\"https:\/\/thepueblatimes.mx\/index.php\/2021\/10\/04\/pipa-se-impacta-contra-caseta-y-cierran-parcialmente-la-mexico-puebla\/\" \/>\n<meta property=\"og:site_name\" content=\"The Puebla Times\" \/>\n<meta property=\"article:published_time\" content=\"2021-10-05T01:59:55+00:00\" \/>\n<meta property=\"og:image\" content=\"https:\/\/thepueblatimes.mx\/wp-content\/uploads\/2021\/10\/D8313956-3B5F-49FD-AA1B-228E96431952.jpeg\" \/>\n\t<meta property=\"og:image:width\" content=\"800\" \/>\n\t<meta property=\"og:image:height\" content=\"600\" \/>\n\t<meta property=\"og:image:type\" content=\"image\/jpeg\" \/>\n<meta name=\"author\" content=\"Francisco S\u00e1nchez Nolasco\" \/>\n<meta name=\"twitter:card\" content=\"summary_large_image\" \/>\n<meta name=\"twitter:label1\" content=\"Escrito por\" \/>\n\t<meta name=\"twitter:data1\" content=\"Francisco S\u00e1nchez Nolasco\" \/>\n\t<meta name=\"twitter:label2\" content=\"Tiempo de lectura\" \/>\n\t<meta name=\"twitter:data2\" content=\"1 minuto\" \/>\n<script type=\"application\/ld+json\" class=\"yoast-schema-graph\">{\"@context\":\"https:\/\/schema.org\",\"@graph\":[{\"@type\":\"WebPage\",\"@id\":\"https:\/\/thepueblatimes.mx\/index.php\/2021\/10\/04\/pipa-se-impacta-contra-caseta-y-cierran-parcialmente-la-mexico-puebla\/\",\"url\":\"https:\/\/thepueblatimes.mx\/index.php\/2021\/10\/04\/pipa-se-impacta-contra-caseta-y-cierran-parcialmente-la-mexico-puebla\/\",\"name\":\"Pipa se impacta contra caseta y cierran parcialmente la M\u00e9xico- Puebla - The Puebla Times\",\"isPartOf\":{\"@id\":\"https:\/\/thepueblatimes.mx\/#website\"},\"datePublished\":\"2021-10-05T01:59:55+00:00\",\"dateModified\":\"2021-10-05T01:59:55+00:00\",\"author\":{\"@id\":\"https:\/\/thepueblatimes.mx\/#\/schema\/person\/7bdf2adbc50078b104bba72b5612f774\"},\"breadcrumb\":{\"@id\":\"https:\/\/thepueblatimes.mx\/index.php\/2021\/10\/04\/pipa-se-impacta-contra-caseta-y-cierran-parcialmente-la-mexico-puebla\/#breadcrumb\"},\"inLanguage\":\"es\",\"potentialAction\":[{\"@type\":\"ReadAction\",\"target\":[\"https:\/\/thepueblatimes.mx\/index.php\/2021\/10\/04\/pipa-se-impacta-contra-caseta-y-cierran-parcialmente-la-mexico-puebla\/\"]}]},{\"@type\":\"BreadcrumbList\",\"@id\":\"https:\/\/thepueblatimes.mx\/index.php\/2021\/10\/04\/pipa-se-impacta-contra-caseta-y-cierran-parcialmente-la-mexico-puebla\/#breadcrumb\",\"itemListElement\":[{\"@type\":\"ListItem\",\"position\":1,\"name\":\"Portada\",\"item\":\"https:\/\/thepueblatimes.mx\/\"},{\"@type\":\"ListItem\",\"position\":2,\"name\":\"Pipa se impacta contra caseta y cierran parcialmente la M\u00e9xico- Puebla\"}]},{\"@type\":\"WebSite\",\"@id\":\"https:\/\/thepueblatimes.mx\/#website\",\"url\":\"https:\/\/thepueblatimes.mx\/\",\"name\":\"The Puebla Times\",\"description\":\"Noticias del Estado de Puebla\",\"potentialAction\":[{\"@type\":\"SearchAction\",\"target\":{\"@type\":\"EntryPoint\",\"urlTemplate\":\"https:\/\/thepueblatimes.mx\/?s={search_term_string}\"},\"query-input\":\"required name=search_term_string\"}],\"inLanguage\":\"es\"},{\"@type\":\"Person\",\"@id\":\"https:\/\/thepueblatimes.mx\/#\/schema\/person\/7bdf2adbc50078b104bba72b5612f774\",\"name\":\"Francisco S\u00e1nchez Nolasco\",\"image\":{\"@type\":\"ImageObject\",\"inLanguage\":\"es\",\"@id\":\"https:\/\/thepueblatimes.mx\/#\/schema\/person\/image\/\",\"url\":\"https:\/\/secure.gravatar.com\/avatar\/6061d7d20b38bc2742a5218401b198d2?s=96&d=mm&r=g\",\"contentUrl\":\"https:\/\/secure.gravatar.com\/avatar\/6061d7d20b38bc2742a5218401b198d2?s=96&d=mm&r=g\",\"caption\":\"Francisco S\u00e1nchez Nolasco\"},\"url\":\"https:\/\/thepueblatimes.mx\/index.php\/author\/marianitha-reyes\/\"}]}<\/script>\n<!-- \/ Yoast SEO plugin. -->","yoast_head_json":{"title":"Pipa se impacta contra caseta y cierran parcialmente la M\u00e9xico- Puebla - The Puebla Times","robots":{"index":"index","follow":"follow","max-snippet":"max-snippet:-1","max-image-preview":"max-image-preview:large","max-video-preview":"max-video-preview:-1"},"canonical":"https:\/\/thepueblatimes.mx\/index.php\/2021\/10\/04\/pipa-se-impacta-contra-caseta-y-cierran-parcialmente-la-mexico-puebla\/","og_locale":"es_ES","og_type":"article","og_title":"Pipa se impacta contra caseta y cierran parcialmente la M\u00e9xico- Puebla - The Puebla Times","og_description":"Una pipa choc\u00f3 contra la caseta de San Marcos, en la autopista M\u00e9xico-Puebla la tarde de este lunes. Los hechos ocurrieron en direcci\u00f3n a la Ciudad de M\u00e9xico. La Guardia Nacional de Carreteras inform\u00f3 que debido al accidente a la altura del Estado de M\u00e9xico, se registra un cierre parcial a la circulaci\u00f3n en el...","og_url":"https:\/\/thepueblatimes.mx\/index.php\/2021\/10\/04\/pipa-se-impacta-contra-caseta-y-cierran-parcialmente-la-mexico-puebla\/","og_site_name":"The Puebla Times","article_published_time":"2021-10-05T01:59:55+00:00","og_image":[{"width":800,"height":600,"url":"https:\/\/thepueblatimes.mx\/wp-content\/uploads\/2021\/10\/D8313956-3B5F-49FD-AA1B-228E96431952.jpeg","type":"image\/jpeg"}],"author":"Francisco S\u00e1nchez Nolasco","twitter_card":"summary_large_image","twitter_misc":{"Escrito por":"Francisco S\u00e1nchez Nolasco","Tiempo de lectura":"1 minuto"},"schema":{"@context":"https:\/\/schema.org","@graph":[{"@type":"WebPage","@id":"https:\/\/thepueblatimes.mx\/index.php\/2021\/10\/04\/pipa-se-impacta-contra-caseta-y-cierran-parcialmente-la-mexico-puebla\/","url":"https:\/\/thepueblatimes.mx\/index.php\/2021\/10\/04\/pipa-se-impacta-contra-caseta-y-cierran-parcialmente-la-mexico-puebla\/","name":"Pipa se impacta contra caseta y cierran parcialmente la M\u00e9xico- Puebla - The Puebla Times","isPartOf":{"@id":"https:\/\/thepueblatimes.mx\/#website"},"datePublished":"2021-10-05T01:59:55+00:00","dateModified":"2021-10-05T01:59:55+00:00","author":{"@id":"https:\/\/thepueblatimes.mx\/#\/schema\/person\/7bdf2adbc50078b104bba72b5612f774"},"breadcrumb":{"@id":"https:\/\/thepueblatimes.mx\/index.php\/2021\/10\/04\/pipa-se-impacta-contra-caseta-y-cierran-parcialmente-la-mexico-puebla\/#breadcrumb"},"inLanguage":"es","potentialAction":[{"@type":"ReadAction","target":["https:\/\/thepueblatimes.mx\/index.php\/2021\/10\/04\/pipa-se-impacta-contra-caseta-y-cierran-parcialmente-la-mexico-puebla\/"]}]},{"@type":"BreadcrumbList","@id":"https:\/\/thepueblatimes.mx\/index.php\/2021\/10\/04\/pipa-se-impacta-contra-caseta-y-cierran-parcialmente-la-mexico-puebla\/#breadcrumb","itemListElement":[{"@type":"ListItem","position":1,"name":"Portada","item":"https:\/\/thepueblatimes.mx\/"},{"@type":"ListItem","position":2,"name":"Pipa se impacta contra caseta y cierran parcialmente la M\u00e9xico- Puebla"}]},{"@type":"WebSite","@id":"https:\/\/thepueblatimes.mx\/#website","url":"https:\/\/thepueblatimes.mx\/","name":"The Puebla Times","description":"Noticias del Estado de Puebla","potentialAction":[{"@type":"SearchAction","target":{"@type":"EntryPoint","urlTemplate":"https:\/\/thepueblatimes.mx\/?s={search_term_string}"},"query-input":"required name=search_term_string"}],"inLanguage":"es"},{"@type":"Person","@id":"https:\/\/thepueblatimes.mx\/#\/schema\/person\/7bdf2adbc50078b104bba72b5612f774","name":"Francisco S\u00e1nchez Nolasco","image":{"@type":"ImageObject","inLanguage":"es","@id":"https:\/\/thepueblatimes.mx\/#\/schema\/person\/image\/","url":"https:\/\/secure.gravatar.com\/avatar\/6061d7d20b38bc2742a5218401b198d2?s=96&d=mm&r=g","contentUrl":"https:\/\/secure.gravatar.com\/avatar\/6061d7d20b38bc2742a5218401b198d2?s=96&d=mm&r=g","caption":"Francisco S\u00e1nchez Nolasco"},"url":"https:\/\/thepueblatimes.mx\/index.php\/author\/marianitha-reyes\/"}]}},"jetpack_featured_media_url":"https:\/\/thepueblatimes.mx\/wp-content\/uploads\/2021\/10\/D8313956-3B5F-49FD-AA1B-228E96431952.jpeg","_links":{"self":[{"href":"https:\/\/thepueblatimes.mx\/index.php\/wp-json\/wp\/v2\/posts\/16057"}],"collection":[{"href":"https:\/\/thepueblatimes.mx\/index.php\/wp-json\/wp\/v2\/posts"}],"about":[{"href":"https:\/\/thepueblatimes.mx\/index.php\/wp-json\/wp\/v2\/types\/post"}],"author":[{"embeddable":true,"href":"https:\/\/thepueblatimes.mx\/index.php\/wp-json\/wp\/v2\/users\/15"}],"replies":[{"embeddable":true,"href":"https:\/\/thepueblatimes.mx\/index.php\/wp-json\/wp\/v2\/comments?post=16057"}],"version-history":[{"count":1,"href":"https:\/\/thepueblatimes.mx\/index.php\/wp-json\/wp\/v2\/posts\/16057\/revisions"}],"predecessor-version":[{"id":16059,"href":"https:\/\/thepueblatimes.mx\/index.php\/wp-json\/wp\/v2\/posts\/16057\/revisions\/16059"}],"wp:featuredmedia":[{"embeddable":true,"href":"https:\/\/thepueblatimes.mx\/index.php\/wp-json\/wp\/v2\/media\/16058"}],"wp:attachment":[{"href":"https:\/\/thepueblatimes.mx\/index.php\/wp-json\/wp\/v2\/media?parent=16057"}],"wp:term":[{"taxonomy":"category","embeddable":true,"href":"https:\/\/thepueblatimes.mx\/index.php\/wp-json\/wp\/v2\/categories?post=16057"},{"taxonomy":"post_tag","embeddable":true,"href":"https:\/\/thepueblatimes.mx\/index.php\/wp-json\/wp\/v2\/tags?post=16057"}],"curies":[{"name":"wp","href":"https:\/\/api.w.org\/{rel}","templated":true}]}}