{"id":1601,"date":"2020-07-23T15:18:28","date_gmt":"2020-07-23T20:18:28","guid":{"rendered":"https:\/\/thepueblatimes.mx\/?p=1601"},"modified":"2020-07-23T15:18:28","modified_gmt":"2020-07-23T20:18:28","slug":"mucho-cuidado-lopez-gatell-asegura-que-en-ningun-pais-esta-autorizado-el-dioxido-de-cloro-para-tratar-covid-19","status":"publish","type":"post","link":"https:\/\/thepueblatimes.mx\/index.php\/2020\/07\/23\/mucho-cuidado-lopez-gatell-asegura-que-en-ningun-pais-esta-autorizado-el-dioxido-de-cloro-para-tratar-covid-19\/","title":{"rendered":"Mucho cuidado; L\u00f3pez-Gatell asegura que en ning\u00fan pa\u00eds est\u00e1 autorizado el di\u00f3xido de cloro para tratar Covid-19"},"content":{"rendered":"<p>Luego de que se difundiera una fake news respecto al uso de di\u00f3xido para tratar al mortal coronavirus, el subsecretario de Prevenci\u00f3n y Promoci\u00f3n de la Salud, Hugo L\u00f3pez-Gatell, asegur\u00f3 que no existe evidencia cient\u00edfica ni en M\u00e9xico ni en el mundo que muestre que dicha sustancia eficaz y segura para el control, prevenci\u00f3n o tratamiento de Covid-19.<\/p>\n<p>En la conferencia de prensa vespertina sobre la epidemia en el pa\u00eds, el funcionario indic\u00f3 que, efectivamente, se ha difundido por distintos mecanismos de redes sociales, videos e internet la idea de dicho producto \u00abmaravilla\u00bb; sin embargo, alert\u00f3 a la ciudadan\u00eda a no hacer caso de esa informaci\u00f3n.<\/p>\n<blockquote><p>\u201cNo existe evidencia cient\u00edfica, no es un producto autorizado por las autoridades sanitarias, ni de M\u00e9xico ni de ning\u00fan otro pa\u00eds\u201d, sostuvo en respuesta a una pregunta sobre ese tema.<\/p><\/blockquote>\n<p>\u201cRecientemente tambi\u00e9n se difundieron videos de que, en algunos pa\u00edses sudamericanos, en particular Bolivia, este producto podr\u00eda estar cercano a una autorizaci\u00f3n sanitaria. Hemos hecho rastreos y no hay una evidencia apropiada que indique que as\u00ed va a ser\u201d, a\u00f1adi\u00f3.<\/p>\n","protected":false},"excerpt":{"rendered":"<p>Luego de que se difundiera una fake news respecto al uso de di\u00f3xido para tratar al mortal coronavirus, el subsecretario de Prevenci\u00f3n y Promoci\u00f3n de la Salud, Hugo L\u00f3pez-Gatell, asegur\u00f3 que no existe evidencia cient\u00edfica ni en M\u00e9xico ni en el mundo que muestre que dicha sustancia eficaz y segura para el control, prevenci\u00f3n o&#8230;<\/p>\n","protected":false},"author":4,"featured_media":1602,"comment_status":"open","ping_status":"open","sticky":false,"template":"","format":"standard","meta":[],"categories":[2],"tags":[],"yoast_head":"<!-- This site is optimized with the Yoast SEO plugin v20.8 - https:\/\/yoast.com\/wordpress\/plugins\/seo\/ -->\n<title>Mucho cuidado; L\u00f3pez-Gatell asegura que en ning\u00fan pa\u00eds est\u00e1 autorizado el di\u00f3xido de cloro para tratar Covid-19 - The Puebla Times<\/title>\n<meta name=\"robots\" content=\"index, follow, max-snippet:-1, max-image-preview:large, max-video-preview:-1\" \/>\n<link rel=\"canonical\" href=\"https:\/\/thepueblatimes.mx\/index.php\/2020\/07\/23\/mucho-cuidado-lopez-gatell-asegura-que-en-ningun-pais-esta-autorizado-el-dioxido-de-cloro-para-tratar-covid-19\/\" \/>\n<meta property=\"og:locale\" content=\"es_ES\" \/>\n<meta property=\"og:type\" content=\"article\" \/>\n<meta property=\"og:title\" content=\"Mucho cuidado; L\u00f3pez-Gatell asegura que en ning\u00fan pa\u00eds est\u00e1 autorizado el di\u00f3xido de cloro para tratar Covid-19 - The Puebla Times\" \/>\n<meta property=\"og:description\" content=\"Luego de que se difundiera una fake news respecto al uso de di\u00f3xido para tratar al mortal coronavirus, el subsecretario de Prevenci\u00f3n y Promoci\u00f3n de la Salud, Hugo L\u00f3pez-Gatell, asegur\u00f3 que no existe evidencia cient\u00edfica ni en M\u00e9xico ni en el mundo que muestre que dicha sustancia eficaz y segura para el control, prevenci\u00f3n o...\" \/>\n<meta property=\"og:url\" content=\"https:\/\/thepueblatimes.mx\/index.php\/2020\/07\/23\/mucho-cuidado-lopez-gatell-asegura-que-en-ningun-pais-esta-autorizado-el-dioxido-de-cloro-para-tratar-covid-19\/\" \/>\n<meta property=\"og:site_name\" content=\"The Puebla Times\" \/>\n<meta property=\"article:published_time\" content=\"2020-07-23T20:18:28+00:00\" \/>\n<meta property=\"og:image\" content=\"https:\/\/thepueblatimes.mx\/wp-content\/uploads\/2020\/07\/Screenshot-2020-07-23-at-15.16.47.png\" \/>\n\t<meta property=\"og:image:width\" content=\"678\" \/>\n\t<meta property=\"og:image:height\" content=\"449\" \/>\n\t<meta property=\"og:image:type\" content=\"image\/png\" \/>\n<meta name=\"author\" content=\"Marcos Guevara\" \/>\n<meta name=\"twitter:card\" content=\"summary_large_image\" \/>\n<meta name=\"twitter:label1\" content=\"Escrito por\" \/>\n\t<meta name=\"twitter:data1\" content=\"Marcos Guevara\" \/>\n\t<meta name=\"twitter:label2\" content=\"Tiempo de lectura\" \/>\n\t<meta name=\"twitter:data2\" content=\"1 minuto\" \/>\n<script type=\"application\/ld+json\" class=\"yoast-schema-graph\">{\"@context\":\"https:\/\/schema.org\",\"@graph\":[{\"@type\":\"WebPage\",\"@id\":\"https:\/\/thepueblatimes.mx\/index.php\/2020\/07\/23\/mucho-cuidado-lopez-gatell-asegura-que-en-ningun-pais-esta-autorizado-el-dioxido-de-cloro-para-tratar-covid-19\/\",\"url\":\"https:\/\/thepueblatimes.mx\/index.php\/2020\/07\/23\/mucho-cuidado-lopez-gatell-asegura-que-en-ningun-pais-esta-autorizado-el-dioxido-de-cloro-para-tratar-covid-19\/\",\"name\":\"Mucho cuidado; L\u00f3pez-Gatell asegura que en ning\u00fan pa\u00eds est\u00e1 autorizado el di\u00f3xido de cloro para tratar Covid-19 - The Puebla Times\",\"isPartOf\":{\"@id\":\"https:\/\/thepueblatimes.mx\/#website\"},\"datePublished\":\"2020-07-23T20:18:28+00:00\",\"dateModified\":\"2020-07-23T20:18:28+00:00\",\"author\":{\"@id\":\"https:\/\/thepueblatimes.mx\/#\/schema\/person\/adbf065ee889f68194977e3499c4a51e\"},\"breadcrumb\":{\"@id\":\"https:\/\/thepueblatimes.mx\/index.php\/2020\/07\/23\/mucho-cuidado-lopez-gatell-asegura-que-en-ningun-pais-esta-autorizado-el-dioxido-de-cloro-para-tratar-covid-19\/#breadcrumb\"},\"inLanguage\":\"es\",\"potentialAction\":[{\"@type\":\"ReadAction\",\"target\":[\"https:\/\/thepueblatimes.mx\/index.php\/2020\/07\/23\/mucho-cuidado-lopez-gatell-asegura-que-en-ningun-pais-esta-autorizado-el-dioxido-de-cloro-para-tratar-covid-19\/\"]}]},{\"@type\":\"BreadcrumbList\",\"@id\":\"https:\/\/thepueblatimes.mx\/index.php\/2020\/07\/23\/mucho-cuidado-lopez-gatell-asegura-que-en-ningun-pais-esta-autorizado-el-dioxido-de-cloro-para-tratar-covid-19\/#breadcrumb\",\"itemListElement\":[{\"@type\":\"ListItem\",\"position\":1,\"name\":\"Portada\",\"item\":\"https:\/\/thepueblatimes.mx\/\"},{\"@type\":\"ListItem\",\"position\":2,\"name\":\"Mucho cuidado; L\u00f3pez-Gatell asegura que en ning\u00fan pa\u00eds est\u00e1 autorizado el di\u00f3xido de cloro para tratar Covid-19\"}]},{\"@type\":\"WebSite\",\"@id\":\"https:\/\/thepueblatimes.mx\/#website\",\"url\":\"https:\/\/thepueblatimes.mx\/\",\"name\":\"The Puebla Times\",\"description\":\"Noticias del Estado de Puebla\",\"potentialAction\":[{\"@type\":\"SearchAction\",\"target\":{\"@type\":\"EntryPoint\",\"urlTemplate\":\"https:\/\/thepueblatimes.mx\/?s={search_term_string}\"},\"query-input\":\"required name=search_term_string\"}],\"inLanguage\":\"es\"},{\"@type\":\"Person\",\"@id\":\"https:\/\/thepueblatimes.mx\/#\/schema\/person\/adbf065ee889f68194977e3499c4a51e\",\"name\":\"Marcos Guevara\",\"image\":{\"@type\":\"ImageObject\",\"inLanguage\":\"es\",\"@id\":\"https:\/\/thepueblatimes.mx\/#\/schema\/person\/image\/\",\"url\":\"https:\/\/secure.gravatar.com\/avatar\/c5d5853d70a8cf178bdfd28c1b8cdcdd?s=96&d=mm&r=g\",\"contentUrl\":\"https:\/\/secure.gravatar.com\/avatar\/c5d5853d70a8cf178bdfd28c1b8cdcdd?s=96&d=mm&r=g\",\"caption\":\"Marcos Guevara\"},\"url\":\"https:\/\/thepueblatimes.mx\/index.php\/author\/marcos-guevara\/\"}]}<\/script>\n<!-- \/ Yoast SEO plugin. -->","yoast_head_json":{"title":"Mucho cuidado; L\u00f3pez-Gatell asegura que en ning\u00fan pa\u00eds est\u00e1 autorizado el di\u00f3xido de cloro para tratar Covid-19 - The Puebla Times","robots":{"index":"index","follow":"follow","max-snippet":"max-snippet:-1","max-image-preview":"max-image-preview:large","max-video-preview":"max-video-preview:-1"},"canonical":"https:\/\/thepueblatimes.mx\/index.php\/2020\/07\/23\/mucho-cuidado-lopez-gatell-asegura-que-en-ningun-pais-esta-autorizado-el-dioxido-de-cloro-para-tratar-covid-19\/","og_locale":"es_ES","og_type":"article","og_title":"Mucho cuidado; L\u00f3pez-Gatell asegura que en ning\u00fan pa\u00eds est\u00e1 autorizado el di\u00f3xido de cloro para tratar Covid-19 - The Puebla Times","og_description":"Luego de que se difundiera una fake news respecto al uso de di\u00f3xido para tratar al mortal coronavirus, el subsecretario de Prevenci\u00f3n y Promoci\u00f3n de la Salud, Hugo L\u00f3pez-Gatell, asegur\u00f3 que no existe evidencia cient\u00edfica ni en M\u00e9xico ni en el mundo que muestre que dicha sustancia eficaz y segura para el control, prevenci\u00f3n o...","og_url":"https:\/\/thepueblatimes.mx\/index.php\/2020\/07\/23\/mucho-cuidado-lopez-gatell-asegura-que-en-ningun-pais-esta-autorizado-el-dioxido-de-cloro-para-tratar-covid-19\/","og_site_name":"The Puebla Times","article_published_time":"2020-07-23T20:18:28+00:00","og_image":[{"width":678,"height":449,"url":"https:\/\/thepueblatimes.mx\/wp-content\/uploads\/2020\/07\/Screenshot-2020-07-23-at-15.16.47.png","type":"image\/png"}],"author":"Marcos Guevara","twitter_card":"summary_large_image","twitter_misc":{"Escrito por":"Marcos Guevara","Tiempo de lectura":"1 minuto"},"schema":{"@context":"https:\/\/schema.org","@graph":[{"@type":"WebPage","@id":"https:\/\/thepueblatimes.mx\/index.php\/2020\/07\/23\/mucho-cuidado-lopez-gatell-asegura-que-en-ningun-pais-esta-autorizado-el-dioxido-de-cloro-para-tratar-covid-19\/","url":"https:\/\/thepueblatimes.mx\/index.php\/2020\/07\/23\/mucho-cuidado-lopez-gatell-asegura-que-en-ningun-pais-esta-autorizado-el-dioxido-de-cloro-para-tratar-covid-19\/","name":"Mucho cuidado; L\u00f3pez-Gatell asegura que en ning\u00fan pa\u00eds est\u00e1 autorizado el di\u00f3xido de cloro para tratar Covid-19 - The Puebla Times","isPartOf":{"@id":"https:\/\/thepueblatimes.mx\/#website"},"datePublished":"2020-07-23T20:18:28+00:00","dateModified":"2020-07-23T20:18:28+00:00","author":{"@id":"https:\/\/thepueblatimes.mx\/#\/schema\/person\/adbf065ee889f68194977e3499c4a51e"},"breadcrumb":{"@id":"https:\/\/thepueblatimes.mx\/index.php\/2020\/07\/23\/mucho-cuidado-lopez-gatell-asegura-que-en-ningun-pais-esta-autorizado-el-dioxido-de-cloro-para-tratar-covid-19\/#breadcrumb"},"inLanguage":"es","potentialAction":[{"@type":"ReadAction","target":["https:\/\/thepueblatimes.mx\/index.php\/2020\/07\/23\/mucho-cuidado-lopez-gatell-asegura-que-en-ningun-pais-esta-autorizado-el-dioxido-de-cloro-para-tratar-covid-19\/"]}]},{"@type":"BreadcrumbList","@id":"https:\/\/thepueblatimes.mx\/index.php\/2020\/07\/23\/mucho-cuidado-lopez-gatell-asegura-que-en-ningun-pais-esta-autorizado-el-dioxido-de-cloro-para-tratar-covid-19\/#breadcrumb","itemListElement":[{"@type":"ListItem","position":1,"name":"Portada","item":"https:\/\/thepueblatimes.mx\/"},{"@type":"ListItem","position":2,"name":"Mucho cuidado; L\u00f3pez-Gatell asegura que en ning\u00fan pa\u00eds est\u00e1 autorizado el di\u00f3xido de cloro para tratar Covid-19"}]},{"@type":"WebSite","@id":"https:\/\/thepueblatimes.mx\/#website","url":"https:\/\/thepueblatimes.mx\/","name":"The Puebla Times","description":"Noticias del Estado de Puebla","potentialAction":[{"@type":"SearchAction","target":{"@type":"EntryPoint","urlTemplate":"https:\/\/thepueblatimes.mx\/?s={search_term_string}"},"query-input":"required name=search_term_string"}],"inLanguage":"es"},{"@type":"Person","@id":"https:\/\/thepueblatimes.mx\/#\/schema\/person\/adbf065ee889f68194977e3499c4a51e","name":"Marcos Guevara","image":{"@type":"ImageObject","inLanguage":"es","@id":"https:\/\/thepueblatimes.mx\/#\/schema\/person\/image\/","url":"https:\/\/secure.gravatar.com\/avatar\/c5d5853d70a8cf178bdfd28c1b8cdcdd?s=96&d=mm&r=g","contentUrl":"https:\/\/secure.gravatar.com\/avatar\/c5d5853d70a8cf178bdfd28c1b8cdcdd?s=96&d=mm&r=g","caption":"Marcos Guevara"},"url":"https:\/\/thepueblatimes.mx\/index.php\/author\/marcos-guevara\/"}]}},"jetpack_featured_media_url":"https:\/\/thepueblatimes.mx\/wp-content\/uploads\/2020\/07\/Screenshot-2020-07-23-at-15.16.47.png","_links":{"self":[{"href":"https:\/\/thepueblatimes.mx\/index.php\/wp-json\/wp\/v2\/posts\/1601"}],"collection":[{"href":"https:\/\/thepueblatimes.mx\/index.php\/wp-json\/wp\/v2\/posts"}],"about":[{"href":"https:\/\/thepueblatimes.mx\/index.php\/wp-json\/wp\/v2\/types\/post"}],"author":[{"embeddable":true,"href":"https:\/\/thepueblatimes.mx\/index.php\/wp-json\/wp\/v2\/users\/4"}],"replies":[{"embeddable":true,"href":"https:\/\/thepueblatimes.mx\/index.php\/wp-json\/wp\/v2\/comments?post=1601"}],"version-history":[{"count":1,"href":"https:\/\/thepueblatimes.mx\/index.php\/wp-json\/wp\/v2\/posts\/1601\/revisions"}],"predecessor-version":[{"id":1603,"href":"https:\/\/thepueblatimes.mx\/index.php\/wp-json\/wp\/v2\/posts\/1601\/revisions\/1603"}],"wp:featuredmedia":[{"embeddable":true,"href":"https:\/\/thepueblatimes.mx\/index.php\/wp-json\/wp\/v2\/media\/1602"}],"wp:attachment":[{"href":"https:\/\/thepueblatimes.mx\/index.php\/wp-json\/wp\/v2\/media?parent=1601"}],"wp:term":[{"taxonomy":"category","embeddable":true,"href":"https:\/\/thepueblatimes.mx\/index.php\/wp-json\/wp\/v2\/categories?post=1601"},{"taxonomy":"post_tag","embeddable":true,"href":"https:\/\/thepueblatimes.mx\/index.php\/wp-json\/wp\/v2\/tags?post=1601"}],"curies":[{"name":"wp","href":"https:\/\/api.w.org\/{rel}","templated":true}]}}