{"id":15910,"date":"2021-09-24T00:32:42","date_gmt":"2021-09-24T05:32:42","guid":{"rendered":"https:\/\/thepueblatimes.mx\/?p=15910"},"modified":"2021-09-24T00:32:42","modified_gmt":"2021-09-24T05:32:42","slug":"gissel-de-17-anos-desaparece-en-limites-entre-tlaxcala-y-texmelucan","status":"publish","type":"post","link":"https:\/\/thepueblatimes.mx\/index.php\/2021\/09\/24\/gissel-de-17-anos-desaparece-en-limites-entre-tlaxcala-y-texmelucan\/","title":{"rendered":"Gissel de 17 a\u00f1os desaparece en l\u00edmites entre Tlaxcala y Texmelucan"},"content":{"rendered":"<p>San Mart\u00edn Texmelucan, Pue.-<strong> Mediante redes sociales se dio a conocer la desaparici\u00f3n de Gina Gissel Hern\u00e1ndez Rodr\u00edguez de 17 a\u00f1os de edad.<\/strong><\/p>\n<p>La menor de edad f<strong>ue vista por \u00faltima vez el 22 de septiembre en el centro del municipio de Ixtacuixtla, Tlaxcala, en l\u00edmites con el municipio de San Mart\u00edn Texmelucan.<\/strong><\/p>\n<p>Vest\u00eda blusa de gasa color rojo, pans color vino con franjas blancas y portaba una mochila verde.<\/p>\n<p>Cualquier informes de su paradero comunicarse al tel\u00e9fono 2464650500 extensi\u00f3n 13204.<\/p>\n","protected":false},"excerpt":{"rendered":"<p>San Mart\u00edn Texmelucan, Pue.- Mediante redes sociales se dio a conocer la desaparici\u00f3n de Gina Gissel Hern\u00e1ndez Rodr\u00edguez de 17 a\u00f1os de edad. La menor de edad fue vista por \u00faltima vez el 22 de septiembre en el centro del municipio de Ixtacuixtla, Tlaxcala, en l\u00edmites con el municipio de San Mart\u00edn Texmelucan. Vest\u00eda blusa&#8230;<\/p>\n","protected":false},"author":15,"featured_media":15911,"comment_status":"open","ping_status":"open","sticky":false,"template":"","format":"standard","meta":[],"categories":[20],"tags":[49],"yoast_head":"<!-- This site is optimized with the Yoast SEO plugin v20.8 - https:\/\/yoast.com\/wordpress\/plugins\/seo\/ -->\n<title>Gissel de 17 a\u00f1os desaparece en l\u00edmites entre Tlaxcala y Texmelucan - The Puebla Times<\/title>\n<meta name=\"robots\" content=\"index, follow, max-snippet:-1, max-image-preview:large, max-video-preview:-1\" \/>\n<link rel=\"canonical\" href=\"https:\/\/thepueblatimes.mx\/index.php\/2021\/09\/24\/gissel-de-17-anos-desaparece-en-limites-entre-tlaxcala-y-texmelucan\/\" \/>\n<meta property=\"og:locale\" content=\"es_ES\" \/>\n<meta property=\"og:type\" content=\"article\" \/>\n<meta property=\"og:title\" content=\"Gissel de 17 a\u00f1os desaparece en l\u00edmites entre Tlaxcala y Texmelucan - The Puebla Times\" \/>\n<meta property=\"og:description\" content=\"San Mart\u00edn Texmelucan, Pue.- Mediante redes sociales se dio a conocer la desaparici\u00f3n de Gina Gissel Hern\u00e1ndez Rodr\u00edguez de 17 a\u00f1os de edad. La menor de edad fue vista por \u00faltima vez el 22 de septiembre en el centro del municipio de Ixtacuixtla, Tlaxcala, en l\u00edmites con el municipio de San Mart\u00edn Texmelucan. Vest\u00eda blusa...\" \/>\n<meta property=\"og:url\" content=\"https:\/\/thepueblatimes.mx\/index.php\/2021\/09\/24\/gissel-de-17-anos-desaparece-en-limites-entre-tlaxcala-y-texmelucan\/\" \/>\n<meta property=\"og:site_name\" content=\"The Puebla Times\" \/>\n<meta property=\"article:published_time\" content=\"2021-09-24T05:32:42+00:00\" \/>\n<meta property=\"og:image\" content=\"https:\/\/thepueblatimes.mx\/wp-content\/uploads\/2021\/09\/DD4A8D9C-0B2C-412E-8631-F030F0BA18D9.jpeg\" \/>\n\t<meta property=\"og:image:width\" content=\"624\" \/>\n\t<meta property=\"og:image:height\" content=\"374\" \/>\n\t<meta property=\"og:image:type\" content=\"image\/jpeg\" \/>\n<meta name=\"author\" content=\"Francisco S\u00e1nchez Nolasco\" \/>\n<meta name=\"twitter:card\" content=\"summary_large_image\" \/>\n<meta name=\"twitter:label1\" content=\"Escrito por\" \/>\n\t<meta name=\"twitter:data1\" content=\"Francisco S\u00e1nchez Nolasco\" \/>\n<script type=\"application\/ld+json\" class=\"yoast-schema-graph\">{\"@context\":\"https:\/\/schema.org\",\"@graph\":[{\"@type\":\"WebPage\",\"@id\":\"https:\/\/thepueblatimes.mx\/index.php\/2021\/09\/24\/gissel-de-17-anos-desaparece-en-limites-entre-tlaxcala-y-texmelucan\/\",\"url\":\"https:\/\/thepueblatimes.mx\/index.php\/2021\/09\/24\/gissel-de-17-anos-desaparece-en-limites-entre-tlaxcala-y-texmelucan\/\",\"name\":\"Gissel de 17 a\u00f1os desaparece en l\u00edmites entre Tlaxcala y Texmelucan - The Puebla Times\",\"isPartOf\":{\"@id\":\"https:\/\/thepueblatimes.mx\/#website\"},\"datePublished\":\"2021-09-24T05:32:42+00:00\",\"dateModified\":\"2021-09-24T05:32:42+00:00\",\"author\":{\"@id\":\"https:\/\/thepueblatimes.mx\/#\/schema\/person\/7bdf2adbc50078b104bba72b5612f774\"},\"breadcrumb\":{\"@id\":\"https:\/\/thepueblatimes.mx\/index.php\/2021\/09\/24\/gissel-de-17-anos-desaparece-en-limites-entre-tlaxcala-y-texmelucan\/#breadcrumb\"},\"inLanguage\":\"es\",\"potentialAction\":[{\"@type\":\"ReadAction\",\"target\":[\"https:\/\/thepueblatimes.mx\/index.php\/2021\/09\/24\/gissel-de-17-anos-desaparece-en-limites-entre-tlaxcala-y-texmelucan\/\"]}]},{\"@type\":\"BreadcrumbList\",\"@id\":\"https:\/\/thepueblatimes.mx\/index.php\/2021\/09\/24\/gissel-de-17-anos-desaparece-en-limites-entre-tlaxcala-y-texmelucan\/#breadcrumb\",\"itemListElement\":[{\"@type\":\"ListItem\",\"position\":1,\"name\":\"Portada\",\"item\":\"https:\/\/thepueblatimes.mx\/\"},{\"@type\":\"ListItem\",\"position\":2,\"name\":\"Gissel de 17 a\u00f1os desaparece en l\u00edmites entre Tlaxcala y Texmelucan\"}]},{\"@type\":\"WebSite\",\"@id\":\"https:\/\/thepueblatimes.mx\/#website\",\"url\":\"https:\/\/thepueblatimes.mx\/\",\"name\":\"The Puebla Times\",\"description\":\"Noticias del Estado de Puebla\",\"potentialAction\":[{\"@type\":\"SearchAction\",\"target\":{\"@type\":\"EntryPoint\",\"urlTemplate\":\"https:\/\/thepueblatimes.mx\/?s={search_term_string}\"},\"query-input\":\"required name=search_term_string\"}],\"inLanguage\":\"es\"},{\"@type\":\"Person\",\"@id\":\"https:\/\/thepueblatimes.mx\/#\/schema\/person\/7bdf2adbc50078b104bba72b5612f774\",\"name\":\"Francisco S\u00e1nchez Nolasco\",\"image\":{\"@type\":\"ImageObject\",\"inLanguage\":\"es\",\"@id\":\"https:\/\/thepueblatimes.mx\/#\/schema\/person\/image\/\",\"url\":\"https:\/\/secure.gravatar.com\/avatar\/6061d7d20b38bc2742a5218401b198d2?s=96&d=mm&r=g\",\"contentUrl\":\"https:\/\/secure.gravatar.com\/avatar\/6061d7d20b38bc2742a5218401b198d2?s=96&d=mm&r=g\",\"caption\":\"Francisco S\u00e1nchez Nolasco\"},\"url\":\"https:\/\/thepueblatimes.mx\/index.php\/author\/marianitha-reyes\/\"}]}<\/script>\n<!-- \/ Yoast SEO plugin. -->","yoast_head_json":{"title":"Gissel de 17 a\u00f1os desaparece en l\u00edmites entre Tlaxcala y Texmelucan - The Puebla Times","robots":{"index":"index","follow":"follow","max-snippet":"max-snippet:-1","max-image-preview":"max-image-preview:large","max-video-preview":"max-video-preview:-1"},"canonical":"https:\/\/thepueblatimes.mx\/index.php\/2021\/09\/24\/gissel-de-17-anos-desaparece-en-limites-entre-tlaxcala-y-texmelucan\/","og_locale":"es_ES","og_type":"article","og_title":"Gissel de 17 a\u00f1os desaparece en l\u00edmites entre Tlaxcala y Texmelucan - The Puebla Times","og_description":"San Mart\u00edn Texmelucan, Pue.- Mediante redes sociales se dio a conocer la desaparici\u00f3n de Gina Gissel Hern\u00e1ndez Rodr\u00edguez de 17 a\u00f1os de edad. La menor de edad fue vista por \u00faltima vez el 22 de septiembre en el centro del municipio de Ixtacuixtla, Tlaxcala, en l\u00edmites con el municipio de San Mart\u00edn Texmelucan. Vest\u00eda blusa...","og_url":"https:\/\/thepueblatimes.mx\/index.php\/2021\/09\/24\/gissel-de-17-anos-desaparece-en-limites-entre-tlaxcala-y-texmelucan\/","og_site_name":"The Puebla Times","article_published_time":"2021-09-24T05:32:42+00:00","og_image":[{"width":624,"height":374,"url":"https:\/\/thepueblatimes.mx\/wp-content\/uploads\/2021\/09\/DD4A8D9C-0B2C-412E-8631-F030F0BA18D9.jpeg","type":"image\/jpeg"}],"author":"Francisco S\u00e1nchez Nolasco","twitter_card":"summary_large_image","twitter_misc":{"Escrito por":"Francisco S\u00e1nchez Nolasco"},"schema":{"@context":"https:\/\/schema.org","@graph":[{"@type":"WebPage","@id":"https:\/\/thepueblatimes.mx\/index.php\/2021\/09\/24\/gissel-de-17-anos-desaparece-en-limites-entre-tlaxcala-y-texmelucan\/","url":"https:\/\/thepueblatimes.mx\/index.php\/2021\/09\/24\/gissel-de-17-anos-desaparece-en-limites-entre-tlaxcala-y-texmelucan\/","name":"Gissel de 17 a\u00f1os desaparece en l\u00edmites entre Tlaxcala y Texmelucan - The Puebla Times","isPartOf":{"@id":"https:\/\/thepueblatimes.mx\/#website"},"datePublished":"2021-09-24T05:32:42+00:00","dateModified":"2021-09-24T05:32:42+00:00","author":{"@id":"https:\/\/thepueblatimes.mx\/#\/schema\/person\/7bdf2adbc50078b104bba72b5612f774"},"breadcrumb":{"@id":"https:\/\/thepueblatimes.mx\/index.php\/2021\/09\/24\/gissel-de-17-anos-desaparece-en-limites-entre-tlaxcala-y-texmelucan\/#breadcrumb"},"inLanguage":"es","potentialAction":[{"@type":"ReadAction","target":["https:\/\/thepueblatimes.mx\/index.php\/2021\/09\/24\/gissel-de-17-anos-desaparece-en-limites-entre-tlaxcala-y-texmelucan\/"]}]},{"@type":"BreadcrumbList","@id":"https:\/\/thepueblatimes.mx\/index.php\/2021\/09\/24\/gissel-de-17-anos-desaparece-en-limites-entre-tlaxcala-y-texmelucan\/#breadcrumb","itemListElement":[{"@type":"ListItem","position":1,"name":"Portada","item":"https:\/\/thepueblatimes.mx\/"},{"@type":"ListItem","position":2,"name":"Gissel de 17 a\u00f1os desaparece en l\u00edmites entre Tlaxcala y Texmelucan"}]},{"@type":"WebSite","@id":"https:\/\/thepueblatimes.mx\/#website","url":"https:\/\/thepueblatimes.mx\/","name":"The Puebla Times","description":"Noticias del Estado de Puebla","potentialAction":[{"@type":"SearchAction","target":{"@type":"EntryPoint","urlTemplate":"https:\/\/thepueblatimes.mx\/?s={search_term_string}"},"query-input":"required name=search_term_string"}],"inLanguage":"es"},{"@type":"Person","@id":"https:\/\/thepueblatimes.mx\/#\/schema\/person\/7bdf2adbc50078b104bba72b5612f774","name":"Francisco S\u00e1nchez Nolasco","image":{"@type":"ImageObject","inLanguage":"es","@id":"https:\/\/thepueblatimes.mx\/#\/schema\/person\/image\/","url":"https:\/\/secure.gravatar.com\/avatar\/6061d7d20b38bc2742a5218401b198d2?s=96&d=mm&r=g","contentUrl":"https:\/\/secure.gravatar.com\/avatar\/6061d7d20b38bc2742a5218401b198d2?s=96&d=mm&r=g","caption":"Francisco S\u00e1nchez Nolasco"},"url":"https:\/\/thepueblatimes.mx\/index.php\/author\/marianitha-reyes\/"}]}},"jetpack_featured_media_url":"https:\/\/thepueblatimes.mx\/wp-content\/uploads\/2021\/09\/DD4A8D9C-0B2C-412E-8631-F030F0BA18D9.jpeg","_links":{"self":[{"href":"https:\/\/thepueblatimes.mx\/index.php\/wp-json\/wp\/v2\/posts\/15910"}],"collection":[{"href":"https:\/\/thepueblatimes.mx\/index.php\/wp-json\/wp\/v2\/posts"}],"about":[{"href":"https:\/\/thepueblatimes.mx\/index.php\/wp-json\/wp\/v2\/types\/post"}],"author":[{"embeddable":true,"href":"https:\/\/thepueblatimes.mx\/index.php\/wp-json\/wp\/v2\/users\/15"}],"replies":[{"embeddable":true,"href":"https:\/\/thepueblatimes.mx\/index.php\/wp-json\/wp\/v2\/comments?post=15910"}],"version-history":[{"count":1,"href":"https:\/\/thepueblatimes.mx\/index.php\/wp-json\/wp\/v2\/posts\/15910\/revisions"}],"predecessor-version":[{"id":15912,"href":"https:\/\/thepueblatimes.mx\/index.php\/wp-json\/wp\/v2\/posts\/15910\/revisions\/15912"}],"wp:featuredmedia":[{"embeddable":true,"href":"https:\/\/thepueblatimes.mx\/index.php\/wp-json\/wp\/v2\/media\/15911"}],"wp:attachment":[{"href":"https:\/\/thepueblatimes.mx\/index.php\/wp-json\/wp\/v2\/media?parent=15910"}],"wp:term":[{"taxonomy":"category","embeddable":true,"href":"https:\/\/thepueblatimes.mx\/index.php\/wp-json\/wp\/v2\/categories?post=15910"},{"taxonomy":"post_tag","embeddable":true,"href":"https:\/\/thepueblatimes.mx\/index.php\/wp-json\/wp\/v2\/tags?post=15910"}],"curies":[{"name":"wp","href":"https:\/\/api.w.org\/{rel}","templated":true}]}}