{"id":15875,"date":"2021-09-21T00:33:20","date_gmt":"2021-09-21T05:33:20","guid":{"rendered":"https:\/\/thepueblatimes.mx\/?p=15875"},"modified":"2021-09-21T00:33:20","modified_gmt":"2021-09-21T05:33:20","slug":"mueren-dos-mujeres-tras-voltear-su-auto-en-palmar-de-bravo","status":"publish","type":"post","link":"https:\/\/thepueblatimes.mx\/index.php\/2021\/09\/21\/mueren-dos-mujeres-tras-voltear-su-auto-en-palmar-de-bravo\/","title":{"rendered":"Mueren dos mujeres tras voltear su auto en Palmar de Bravo"},"content":{"rendered":"<p>Palmar de Bravo, Pue.- La madrugada de este lunes\u00a0<strong>dos mujeres perdieron la vida y una m\u00e1s result\u00f3 lesionada luego de que el veh\u00edculo en el que viajaban terminar\u00e1 volcado<\/strong>\u00a0mientras circulaba sobre la\u00a0<strong>autopista Cuacnopalan-Oaxaca<\/strong>, a la altura de la junta auxiliar de\u00a0<strong>Cuacnopalan<\/strong>.<\/p>\n<p>De inmediato automovilistas\u00a0solicitaron el apoyo de los cuerpos de emergencia acudiendo personal de Caminos y Puentes Federales (Capufe), quienes encontraron sin vida a dos mujeres y una m\u00e1s se encontraba lesionada, por lo que fue trasladada a un hospital para su atenci\u00f3n m\u00e9dica.<\/p>\n<p>Finalmente las autoridades ministeriales acudieron a realizar el levantamiento de los cad\u00e1veres para su trasladado al anfiteatro de Tecamachalco y realizarles la necropsia de ley sin que se informar\u00e1 la identidad de las v\u00edctimas.<\/p>\n<p>Del hecho se inici\u00f3 una carpeta de investigaci\u00f3n donde las autoridades puntualizan que la volcadura se debi\u00f3 a una falla mec\u00e1nica del autom\u00f3vil compacto.<\/p>\n","protected":false},"excerpt":{"rendered":"<p>Palmar de Bravo, Pue.- La madrugada de este lunes\u00a0dos mujeres perdieron la vida y una m\u00e1s result\u00f3 lesionada luego de que el veh\u00edculo en el que viajaban terminar\u00e1 volcado\u00a0mientras circulaba sobre la\u00a0autopista Cuacnopalan-Oaxaca, a la altura de la junta auxiliar de\u00a0Cuacnopalan. De inmediato automovilistas\u00a0solicitaron el apoyo de los cuerpos de emergencia acudiendo personal de Caminos&#8230;<\/p>\n","protected":false},"author":15,"featured_media":15876,"comment_status":"open","ping_status":"open","sticky":false,"template":"","format":"standard","meta":[],"categories":[20],"tags":[49],"yoast_head":"<!-- This site is optimized with the Yoast SEO plugin v20.8 - https:\/\/yoast.com\/wordpress\/plugins\/seo\/ -->\n<title>Mueren dos mujeres tras voltear su auto en Palmar de Bravo - The Puebla Times<\/title>\n<meta name=\"robots\" content=\"index, follow, max-snippet:-1, max-image-preview:large, max-video-preview:-1\" \/>\n<link rel=\"canonical\" href=\"https:\/\/thepueblatimes.mx\/index.php\/2021\/09\/21\/mueren-dos-mujeres-tras-voltear-su-auto-en-palmar-de-bravo\/\" \/>\n<meta property=\"og:locale\" content=\"es_ES\" \/>\n<meta property=\"og:type\" content=\"article\" \/>\n<meta property=\"og:title\" content=\"Mueren dos mujeres tras voltear su auto en Palmar de Bravo - The Puebla Times\" \/>\n<meta property=\"og:description\" content=\"Palmar de Bravo, Pue.- La madrugada de este lunes\u00a0dos mujeres perdieron la vida y una m\u00e1s result\u00f3 lesionada luego de que el veh\u00edculo en el que viajaban terminar\u00e1 volcado\u00a0mientras circulaba sobre la\u00a0autopista Cuacnopalan-Oaxaca, a la altura de la junta auxiliar de\u00a0Cuacnopalan. De inmediato automovilistas\u00a0solicitaron el apoyo de los cuerpos de emergencia acudiendo personal de Caminos...\" \/>\n<meta property=\"og:url\" content=\"https:\/\/thepueblatimes.mx\/index.php\/2021\/09\/21\/mueren-dos-mujeres-tras-voltear-su-auto-en-palmar-de-bravo\/\" \/>\n<meta property=\"og:site_name\" content=\"The Puebla Times\" \/>\n<meta property=\"article:published_time\" content=\"2021-09-21T05:33:20+00:00\" \/>\n<meta property=\"og:image\" content=\"https:\/\/thepueblatimes.mx\/wp-content\/uploads\/2021\/09\/volteado5.jpg\" \/>\n\t<meta property=\"og:image:width\" content=\"680\" \/>\n\t<meta property=\"og:image:height\" content=\"363\" \/>\n\t<meta property=\"og:image:type\" content=\"image\/jpeg\" \/>\n<meta name=\"author\" content=\"Francisco S\u00e1nchez Nolasco\" \/>\n<meta name=\"twitter:card\" content=\"summary_large_image\" \/>\n<meta name=\"twitter:label1\" content=\"Escrito por\" \/>\n\t<meta name=\"twitter:data1\" content=\"Francisco S\u00e1nchez Nolasco\" \/>\n\t<meta name=\"twitter:label2\" content=\"Tiempo de lectura\" \/>\n\t<meta name=\"twitter:data2\" content=\"1 minuto\" \/>\n<script type=\"application\/ld+json\" class=\"yoast-schema-graph\">{\"@context\":\"https:\/\/schema.org\",\"@graph\":[{\"@type\":\"WebPage\",\"@id\":\"https:\/\/thepueblatimes.mx\/index.php\/2021\/09\/21\/mueren-dos-mujeres-tras-voltear-su-auto-en-palmar-de-bravo\/\",\"url\":\"https:\/\/thepueblatimes.mx\/index.php\/2021\/09\/21\/mueren-dos-mujeres-tras-voltear-su-auto-en-palmar-de-bravo\/\",\"name\":\"Mueren dos mujeres tras voltear su auto en Palmar de Bravo - The Puebla Times\",\"isPartOf\":{\"@id\":\"https:\/\/thepueblatimes.mx\/#website\"},\"datePublished\":\"2021-09-21T05:33:20+00:00\",\"dateModified\":\"2021-09-21T05:33:20+00:00\",\"author\":{\"@id\":\"https:\/\/thepueblatimes.mx\/#\/schema\/person\/7bdf2adbc50078b104bba72b5612f774\"},\"breadcrumb\":{\"@id\":\"https:\/\/thepueblatimes.mx\/index.php\/2021\/09\/21\/mueren-dos-mujeres-tras-voltear-su-auto-en-palmar-de-bravo\/#breadcrumb\"},\"inLanguage\":\"es\",\"potentialAction\":[{\"@type\":\"ReadAction\",\"target\":[\"https:\/\/thepueblatimes.mx\/index.php\/2021\/09\/21\/mueren-dos-mujeres-tras-voltear-su-auto-en-palmar-de-bravo\/\"]}]},{\"@type\":\"BreadcrumbList\",\"@id\":\"https:\/\/thepueblatimes.mx\/index.php\/2021\/09\/21\/mueren-dos-mujeres-tras-voltear-su-auto-en-palmar-de-bravo\/#breadcrumb\",\"itemListElement\":[{\"@type\":\"ListItem\",\"position\":1,\"name\":\"Portada\",\"item\":\"https:\/\/thepueblatimes.mx\/\"},{\"@type\":\"ListItem\",\"position\":2,\"name\":\"Mueren dos mujeres tras voltear su auto en Palmar de Bravo\"}]},{\"@type\":\"WebSite\",\"@id\":\"https:\/\/thepueblatimes.mx\/#website\",\"url\":\"https:\/\/thepueblatimes.mx\/\",\"name\":\"The Puebla Times\",\"description\":\"Noticias del Estado de Puebla\",\"potentialAction\":[{\"@type\":\"SearchAction\",\"target\":{\"@type\":\"EntryPoint\",\"urlTemplate\":\"https:\/\/thepueblatimes.mx\/?s={search_term_string}\"},\"query-input\":\"required name=search_term_string\"}],\"inLanguage\":\"es\"},{\"@type\":\"Person\",\"@id\":\"https:\/\/thepueblatimes.mx\/#\/schema\/person\/7bdf2adbc50078b104bba72b5612f774\",\"name\":\"Francisco S\u00e1nchez Nolasco\",\"image\":{\"@type\":\"ImageObject\",\"inLanguage\":\"es\",\"@id\":\"https:\/\/thepueblatimes.mx\/#\/schema\/person\/image\/\",\"url\":\"https:\/\/secure.gravatar.com\/avatar\/6061d7d20b38bc2742a5218401b198d2?s=96&d=mm&r=g\",\"contentUrl\":\"https:\/\/secure.gravatar.com\/avatar\/6061d7d20b38bc2742a5218401b198d2?s=96&d=mm&r=g\",\"caption\":\"Francisco S\u00e1nchez Nolasco\"},\"url\":\"https:\/\/thepueblatimes.mx\/index.php\/author\/marianitha-reyes\/\"}]}<\/script>\n<!-- \/ Yoast SEO plugin. -->","yoast_head_json":{"title":"Mueren dos mujeres tras voltear su auto en Palmar de Bravo - The Puebla Times","robots":{"index":"index","follow":"follow","max-snippet":"max-snippet:-1","max-image-preview":"max-image-preview:large","max-video-preview":"max-video-preview:-1"},"canonical":"https:\/\/thepueblatimes.mx\/index.php\/2021\/09\/21\/mueren-dos-mujeres-tras-voltear-su-auto-en-palmar-de-bravo\/","og_locale":"es_ES","og_type":"article","og_title":"Mueren dos mujeres tras voltear su auto en Palmar de Bravo - The Puebla Times","og_description":"Palmar de Bravo, Pue.- La madrugada de este lunes\u00a0dos mujeres perdieron la vida y una m\u00e1s result\u00f3 lesionada luego de que el veh\u00edculo en el que viajaban terminar\u00e1 volcado\u00a0mientras circulaba sobre la\u00a0autopista Cuacnopalan-Oaxaca, a la altura de la junta auxiliar de\u00a0Cuacnopalan. De inmediato automovilistas\u00a0solicitaron el apoyo de los cuerpos de emergencia acudiendo personal de Caminos...","og_url":"https:\/\/thepueblatimes.mx\/index.php\/2021\/09\/21\/mueren-dos-mujeres-tras-voltear-su-auto-en-palmar-de-bravo\/","og_site_name":"The Puebla Times","article_published_time":"2021-09-21T05:33:20+00:00","og_image":[{"width":680,"height":363,"url":"https:\/\/thepueblatimes.mx\/wp-content\/uploads\/2021\/09\/volteado5.jpg","type":"image\/jpeg"}],"author":"Francisco S\u00e1nchez Nolasco","twitter_card":"summary_large_image","twitter_misc":{"Escrito por":"Francisco S\u00e1nchez Nolasco","Tiempo de lectura":"1 minuto"},"schema":{"@context":"https:\/\/schema.org","@graph":[{"@type":"WebPage","@id":"https:\/\/thepueblatimes.mx\/index.php\/2021\/09\/21\/mueren-dos-mujeres-tras-voltear-su-auto-en-palmar-de-bravo\/","url":"https:\/\/thepueblatimes.mx\/index.php\/2021\/09\/21\/mueren-dos-mujeres-tras-voltear-su-auto-en-palmar-de-bravo\/","name":"Mueren dos mujeres tras voltear su auto en Palmar de Bravo - The Puebla Times","isPartOf":{"@id":"https:\/\/thepueblatimes.mx\/#website"},"datePublished":"2021-09-21T05:33:20+00:00","dateModified":"2021-09-21T05:33:20+00:00","author":{"@id":"https:\/\/thepueblatimes.mx\/#\/schema\/person\/7bdf2adbc50078b104bba72b5612f774"},"breadcrumb":{"@id":"https:\/\/thepueblatimes.mx\/index.php\/2021\/09\/21\/mueren-dos-mujeres-tras-voltear-su-auto-en-palmar-de-bravo\/#breadcrumb"},"inLanguage":"es","potentialAction":[{"@type":"ReadAction","target":["https:\/\/thepueblatimes.mx\/index.php\/2021\/09\/21\/mueren-dos-mujeres-tras-voltear-su-auto-en-palmar-de-bravo\/"]}]},{"@type":"BreadcrumbList","@id":"https:\/\/thepueblatimes.mx\/index.php\/2021\/09\/21\/mueren-dos-mujeres-tras-voltear-su-auto-en-palmar-de-bravo\/#breadcrumb","itemListElement":[{"@type":"ListItem","position":1,"name":"Portada","item":"https:\/\/thepueblatimes.mx\/"},{"@type":"ListItem","position":2,"name":"Mueren dos mujeres tras voltear su auto en Palmar de Bravo"}]},{"@type":"WebSite","@id":"https:\/\/thepueblatimes.mx\/#website","url":"https:\/\/thepueblatimes.mx\/","name":"The Puebla Times","description":"Noticias del Estado de Puebla","potentialAction":[{"@type":"SearchAction","target":{"@type":"EntryPoint","urlTemplate":"https:\/\/thepueblatimes.mx\/?s={search_term_string}"},"query-input":"required name=search_term_string"}],"inLanguage":"es"},{"@type":"Person","@id":"https:\/\/thepueblatimes.mx\/#\/schema\/person\/7bdf2adbc50078b104bba72b5612f774","name":"Francisco S\u00e1nchez Nolasco","image":{"@type":"ImageObject","inLanguage":"es","@id":"https:\/\/thepueblatimes.mx\/#\/schema\/person\/image\/","url":"https:\/\/secure.gravatar.com\/avatar\/6061d7d20b38bc2742a5218401b198d2?s=96&d=mm&r=g","contentUrl":"https:\/\/secure.gravatar.com\/avatar\/6061d7d20b38bc2742a5218401b198d2?s=96&d=mm&r=g","caption":"Francisco S\u00e1nchez Nolasco"},"url":"https:\/\/thepueblatimes.mx\/index.php\/author\/marianitha-reyes\/"}]}},"jetpack_featured_media_url":"https:\/\/thepueblatimes.mx\/wp-content\/uploads\/2021\/09\/volteado5.jpg","_links":{"self":[{"href":"https:\/\/thepueblatimes.mx\/index.php\/wp-json\/wp\/v2\/posts\/15875"}],"collection":[{"href":"https:\/\/thepueblatimes.mx\/index.php\/wp-json\/wp\/v2\/posts"}],"about":[{"href":"https:\/\/thepueblatimes.mx\/index.php\/wp-json\/wp\/v2\/types\/post"}],"author":[{"embeddable":true,"href":"https:\/\/thepueblatimes.mx\/index.php\/wp-json\/wp\/v2\/users\/15"}],"replies":[{"embeddable":true,"href":"https:\/\/thepueblatimes.mx\/index.php\/wp-json\/wp\/v2\/comments?post=15875"}],"version-history":[{"count":1,"href":"https:\/\/thepueblatimes.mx\/index.php\/wp-json\/wp\/v2\/posts\/15875\/revisions"}],"predecessor-version":[{"id":15877,"href":"https:\/\/thepueblatimes.mx\/index.php\/wp-json\/wp\/v2\/posts\/15875\/revisions\/15877"}],"wp:featuredmedia":[{"embeddable":true,"href":"https:\/\/thepueblatimes.mx\/index.php\/wp-json\/wp\/v2\/media\/15876"}],"wp:attachment":[{"href":"https:\/\/thepueblatimes.mx\/index.php\/wp-json\/wp\/v2\/media?parent=15875"}],"wp:term":[{"taxonomy":"category","embeddable":true,"href":"https:\/\/thepueblatimes.mx\/index.php\/wp-json\/wp\/v2\/categories?post=15875"},{"taxonomy":"post_tag","embeddable":true,"href":"https:\/\/thepueblatimes.mx\/index.php\/wp-json\/wp\/v2\/tags?post=15875"}],"curies":[{"name":"wp","href":"https:\/\/api.w.org\/{rel}","templated":true}]}}